{"id":15200,"date":"2020-10-28T15:11:03","date_gmt":"2020-10-28T13:11:03","guid":{"rendered":"http:\/\/bisbalpenedes.com\/web\/?p=15200"},"modified":"2020-10-28T21:13:35","modified_gmt":"2020-10-28T19:13:35","slug":"subvencions-de-la-generalitat-de-catalunya-en-lambit-de-les-activitats-de-restauracio-i-els-centres-destetica-i-bellesa-afectats-economicament-per-la-covid-19","status":"publish","type":"post","link":"https:\/\/bisbalpenedes.com\/web\/2020\/10\/28\/subvencions-de-la-generalitat-de-catalunya-en-lambit-de-les-activitats-de-restauracio-i-els-centres-destetica-i-bellesa-afectats-economicament-per-la-covid-19\/","title":{"rendered":"Subvencions de la Generalitat de Catalunya en l\u2019\u00e0mbit de les activitats de restauraci\u00f3 i els centres d\u2019est\u00e8tica i bellesa afectats econ\u00f2micament per la COVID-19"},"content":{"rendered":"<div class=\"\" data-block=\"true\" data-editor=\"bsnpd\" data-offset-key=\"d3guf-0-0\">\n<div class=\"_1mf _1mj\" data-offset-key=\"d3guf-0-0\"><span style=\"color: #000000;\" data-offset-key=\"d3guf-0-0\"><span data-text=\"true\">S\u2019obre la convocat\u00f2ria per a la concessi\u00f3 de subvencions de la Generalitat de Catalunya en l\u2019\u00e0mbit de les activitats de restauraci\u00f3 i els centres d\u2019est\u00e8tica i bellesa afectats econ\u00f2micament per la COVID-19.<\/span><\/span><\/div>\n<\/div>\n<div class=\"\" data-block=\"true\" data-editor=\"bsnpd\" data-offset-key=\"ctns0-0-0\">\n<div class=\"_1mf _1mj\" data-offset-key=\"ctns0-0-0\"><span style=\"color: #000000;\" data-offset-key=\"ctns0-0-0\">\u00a0<\/span><\/div>\n<\/div>\n<div class=\"\" data-block=\"true\" data-editor=\"bsnpd\" data-offset-key=\"30oov-0-0\">\n<div class=\"_1mf _1mj\" data-offset-key=\"30oov-0-0\"><span style=\"color: #000000;\" data-offset-key=\"30oov-0-0\"><span data-text=\"true\">Trobareu m\u00e9s informaci\u00f3 en aquest enlla\u00e7: <\/span><\/span><a href=\"http:\/\/empresa.gencat.cat\/ca\/tramits\/tramits-temes\/Subvencions-en-lambit-de-les-activitats-de-restauracio-i-dels-centres-destetica-i-bellesa-afectats-economicament-per-la-COVID-19\" target=\"_blank\"><span class=\"py34i1dx\"><span data-offset-key=\"30oov-1-0\"><span data-text=\"true\">http:\/\/empresa.gencat.cat\/ca\/tramits\/tramits-temes\/Subvencions-en-lambit-de-les-activitats-de-restauracio-i-dels-centres-destetica-i-bellesa-afectats-economicament-per-la-COVID-19<\/span><\/span><\/span><\/a><span data-offset-key=\"30oov-2-0\"><span data-text=\"true\">.<\/span><\/span><\/div>\n<\/div>\n<div class=\"\" data-block=\"true\" data-editor=\"bsnpd\" data-offset-key=\"6m0np-0-0\">\n<div class=\"_1mf _1mj\" data-offset-key=\"6m0np-0-0\"><span style=\"color: #000000;\" data-offset-key=\"6m0np-0-0\">\u00a0<\/span><\/div>\n<\/div>\n<div class=\"\" data-block=\"true\" data-editor=\"bsnpd\" data-offset-key=\"27ssu-0-0\">\n<div class=\"_1mf _1mj\" data-offset-key=\"27ssu-0-0\"><span style=\"color: #000000;\" data-offset-key=\"27ssu-0-0\"><span data-text=\"true\">Tamb\u00e9 podeu consultar la resoluci\u00f3, aqu\u00ed: <\/span><\/span><a href=\"https:\/\/dogc.gencat.cat\/ca\/pdogc_canals_interns\/pdogc_resultats_fitxa\/?action=fitxa&amp;documentId=884918&amp;language=ca_ES\" target=\"_blank\"><span class=\"py34i1dx\"><span data-offset-key=\"27ssu-1-0\"><span data-text=\"true\">https:\/\/dogc.gencat.cat\/ca\/pdogc_canals_interns\/pdogc_resultats_fitxa\/?action=fitxa&amp;documentId=884918&amp;language=ca_ES<\/span><\/span><\/span><\/a><\/div>\n<\/div>\n<div class=\"\" data-block=\"true\" data-editor=\"bsnpd\" data-offset-key=\"5g0pp-0-0\">\n<div class=\"_1mf _1mj\" data-offset-key=\"5g0pp-0-0\"><span data-offset-key=\"5g0pp-0-0\">\u00a0<\/span><\/div>\n<\/div>\n<div class=\"\" data-block=\"true\" data-editor=\"bsnpd\" data-offset-key=\"fbs11-0-0\">\n<div class=\"_1mf _1mj\" data-offset-key=\"fbs11-0-0\">\n<hr \/>\n<\/div>\n<\/div>\n<div class=\"\" data-block=\"true\" data-editor=\"bsnpd\" data-offset-key=\"54avs-0-0\">\n<div class=\"_1mf _1mj\" data-offset-key=\"54avs-0-0\"><span style=\"color: #000000;\" data-offset-key=\"54avs-0-0\">\u00a0<\/span><\/div>\n<\/div>\n<div class=\"\" data-block=\"true\" data-editor=\"bsnpd\" data-offset-key=\"c7lu5-0-0\">\n<div class=\"_1mf _1mj\" data-offset-key=\"c7lu5-0-0\"><span style=\"color: #000000;\" data-offset-key=\"c7lu5-0-0\"><span data-text=\"true\"><strong>CASTELLANO |<\/strong> Se abre la convocatoria para la concesi\u00f3n de subvenciones de la Generalitat de Catalunya en el \u00e1mbito de las actividades de restauraci\u00f3n y los centros de est\u00e9tica y belleza afectados econ\u00f3micamente por la COVID-19.<\/span><\/span><\/div>\n<\/div>\n<div class=\"\" data-block=\"true\" data-editor=\"bsnpd\" data-offset-key=\"b07b9-0-0\">\n<div class=\"_1mf _1mj\" data-offset-key=\"b07b9-0-0\"><span style=\"color: #000000;\" data-offset-key=\"b07b9-0-0\">\u00a0<\/span><\/div>\n<\/div>\n<div class=\"\" data-block=\"true\" data-editor=\"bsnpd\" data-offset-key=\"e9rr8-0-0\">\n<div class=\"_1mf _1mj\" data-offset-key=\"e9rr8-0-0\"><span style=\"color: #000000;\" data-offset-key=\"e9rr8-0-0\"><span data-text=\"true\">Encontrar\u00e9is m\u00e1s informaci\u00f3n en este enlace: <\/span><\/span><\/div>\n<\/div>\n<div class=\"\" data-block=\"true\" data-editor=\"bsnpd\" data-offset-key=\"2vsc3-0-0\">\n<div class=\"_1mf _1mj\" data-offset-key=\"2vsc3-0-0\"><a href=\"http:\/\/empresa.gencat.cat\/ca\/tramits\/tramits-temes\/Subvencions-en-lambit-de-les-activitats-de-restauracio-i-dels-centres-destetica-i-bellesa-afectats-economicament-per-la-COVID-19\" target=\"_blank\"><span class=\"py34i1dx\"><span data-offset-key=\"2vsc3-0-0\"><span data-text=\"true\">http:\/\/empresa.gencat.cat\/ca\/tramits\/tramits-temes\/Subvencions-en-lambit-de-les-activitats-de-restauracio-i-dels-centres-destetica-i-bellesa-afectats-economicament-per-la-COVID-19<\/span><\/span><\/span><\/a><span data-offset-key=\"2vsc3-1-0\"><span data-text=\"true\">.<\/span><\/span><\/div>\n<\/div>\n<div class=\"\" data-block=\"true\" data-editor=\"bsnpd\" data-offset-key=\"3kugj-0-0\">\n<div class=\"_1mf _1mj\" data-offset-key=\"3kugj-0-0\"><span data-offset-key=\"3kugj-0-0\">\u00a0<\/span><\/div>\n<\/div>\n<div class=\"\" data-block=\"true\" data-editor=\"bsnpd\" data-offset-key=\"fvuqv-0-0\">\n<div class=\"_1mf _1mj\" data-offset-key=\"fvuqv-0-0\"><span style=\"color: #000000;\" data-offset-key=\"fvuqv-0-0\"><span data-text=\"true\">Tambi\u00e9n pod\u00e9is consultar la resoluci\u00f3n, aqu\u00ed: <\/span><\/span><a href=\"https:\/\/dogc.gencat.cat\/ca\/pdogc_canals_interns\/pdogc_resultats_fitxa\/?action=fitxa&amp;documentId=884918&amp;language=ca_ES\" target=\"_blank\"><span class=\"py34i1dx\"><span data-offset-key=\"fvuqv-1-0\"><span data-text=\"true\">https:\/\/dogc.gencat.cat\/ca\/pdogc_canals_interns\/pdogc_resultats_fitxa\/?action=fitxa&amp;documentId=884918&amp;language=ca_ES<\/span><\/span><\/span><\/a><\/div>\n<\/div>\n","protected":false},"excerpt":{"rendered":"<p>S\u2019obre la convocat\u00f2ria per a la concessi\u00f3 de subvencions de la Generalitat de Catalunya en l\u2019\u00e0mbit de les activitats de restauraci\u00f3 i els centres d\u2019est\u00e8tica i bellesa afectats econ\u00f2micament per &hellip; <a href=\"https:\/\/bisbalpenedes.com\/web\/2020\/10\/28\/subvencions-de-la-generalitat-de-catalunya-en-lambit-de-les-activitats-de-restauracio-i-els-centres-destetica-i-bellesa-afectats-economicament-per-la-covid-19\/\" class=\"more-link\">Read More<\/a><\/p>\n","protected":false},"author":4,"featured_media":6256,"comment_status":"closed","ping_status":"closed","sticky":false,"template":"","format":"standard","meta":[],"categories":[8,3431],"tags":[3550,3559,4151,102],"_links":{"self":[{"href":"https:\/\/bisbalpenedes.com\/web\/wp-json\/wp\/v2\/posts\/15200"}],"collection":[{"href":"https:\/\/bisbalpenedes.com\/web\/wp-json\/wp\/v2\/posts"}],"about":[{"href":"https:\/\/bisbalpenedes.com\/web\/wp-json\/wp\/v2\/types\/post"}],"author":[{"embeddable":true,"href":"https:\/\/bisbalpenedes.com\/web\/wp-json\/wp\/v2\/users\/4"}],"replies":[{"embeddable":true,"href":"https:\/\/bisbalpenedes.com\/web\/wp-json\/wp\/v2\/comments?post=15200"}],"version-history":[{"count":2,"href":"https:\/\/bisbalpenedes.com\/web\/wp-json\/wp\/v2\/posts\/15200\/revisions"}],"predecessor-version":[{"id":15214,"href":"https:\/\/bisbalpenedes.com\/web\/wp-json\/wp\/v2\/posts\/15200\/revisions\/15214"}],"wp:featuredmedia":[{"embeddable":true,"href":"https:\/\/bisbalpenedes.com\/web\/wp-json\/wp\/v2\/media\/6256"}],"wp:attachment":[{"href":"https:\/\/bisbalpenedes.com\/web\/wp-json\/wp\/v2\/media?parent=15200"}],"wp:term":[{"taxonomy":"category","embeddable":true,"href":"https:\/\/bisbalpenedes.com\/web\/wp-json\/wp\/v2\/categories?post=15200"},{"taxonomy":"post_tag","embeddable":true,"href":"https:\/\/bisbalpenedes.com\/web\/wp-json\/wp\/v2\/tags?post=15200"}],"curies":[{"name":"wp","href":"https:\/\/api.w.org\/{rel}","templated":true}]}}