{"id":15195,"date":"2020-10-28T12:41:06","date_gmt":"2020-10-28T10:41:06","guid":{"rendered":"http:\/\/bisbalpenedes.com\/web\/?p=15195"},"modified":"2020-10-28T12:41:06","modified_gmt":"2020-10-28T10:41:06","slug":"el-dissabte-31-doctubre-podreu-veure-la-pellicula-el-meu-germa-persegueix-dinosaures-al-cmc","status":"publish","type":"post","link":"https:\/\/bisbalpenedes.com\/web\/2020\/10\/28\/el-dissabte-31-doctubre-podreu-veure-la-pellicula-el-meu-germa-persegueix-dinosaures-al-cmc\/","title":{"rendered":"El dissabte 31 d&#8217;octubre podreu veure la pel\u00b7l\u00edcula &#8220;El meu germ\u00e0 persegueix dinosaures&#8221; al CMC"},"content":{"rendered":"<p><a href=\"http:\/\/bisbalpenedes.com\/web\/wp-content\/uploads\/2020\/10\/VISUAL_A3_EL_MEU_GERMA_PERSEGUEIX_DINOSAURES_LA_BISBAL_PENEDES.jpg\"><img loading=\"lazy\" class=\"aligncenter size-large wp-image-15196\" src=\"http:\/\/bisbalpenedes.com\/web\/wp-content\/uploads\/2020\/10\/VISUAL_A3_EL_MEU_GERMA_PERSEGUEIX_DINOSAURES_LA_BISBAL_PENEDES-724x1024.jpg\" alt=\"VISUAL_A3_EL_MEU_GERMA_PERSEGUEIX_DINOSAURES_LA_BISBAL_PENEDES\" width=\"630\" height=\"891\" srcset=\"https:\/\/bisbalpenedes.com\/web\/wp-content\/uploads\/2020\/10\/VISUAL_A3_EL_MEU_GERMA_PERSEGUEIX_DINOSAURES_LA_BISBAL_PENEDES-724x1024.jpg 724w, https:\/\/bisbalpenedes.com\/web\/wp-content\/uploads\/2020\/10\/VISUAL_A3_EL_MEU_GERMA_PERSEGUEIX_DINOSAURES_LA_BISBAL_PENEDES-600x848.jpg 600w, https:\/\/bisbalpenedes.com\/web\/wp-content\/uploads\/2020\/10\/VISUAL_A3_EL_MEU_GERMA_PERSEGUEIX_DINOSAURES_LA_BISBAL_PENEDES-212x300.jpg 212w, https:\/\/bisbalpenedes.com\/web\/wp-content\/uploads\/2020\/10\/VISUAL_A3_EL_MEU_GERMA_PERSEGUEIX_DINOSAURES_LA_BISBAL_PENEDES-768x1086.jpg 768w, https:\/\/bisbalpenedes.com\/web\/wp-content\/uploads\/2020\/10\/VISUAL_A3_EL_MEU_GERMA_PERSEGUEIX_DINOSAURES_LA_BISBAL_PENEDES.jpg 1123w\" sizes=\"(max-width: 630px) 100vw, 630px\" \/><\/a><\/p>\n<p>El dissabte 31 d&#8217;octubre, a les 18h, podreu veure la pel\u00edcula del Cicle Gaud\u00ed\u00a0<strong>El meu germ\u00e0 persegueix dinosaures<\/strong>\u00a0al CMC<strong>.<\/strong>\u00a0Les taquilles s\u2019obriran 30 minuts abans amb l\u2019objectiu de tenir un control dels assistents i poder-los ubicar respectant totes les mesures de seguretat per la Covid-19. L\u2019aforament ser\u00e0 limitat. El preu general de l\u2019entrada \u00e9s de 4,5\u20ac i s\u2019ofereix un preu redu\u00eft de 3\u20ac presentant el carnet de la Biblioteca Municipal de La Bisbal. Quant a la recaptaci\u00f3, aquesta es destinar\u00e0 a l\u2019entitat que gestionar\u00e0 la taquilla, en aquest cas l&#8217;Associaci\u00f3 de la Gent Gran de la Bisbal.<\/p>\n<h1>EL MEU GERM\u00c0 PERSEGUEIX DINOSAURES<\/h1>\n<h4>FITXA\u00a0T\u00c8CNICA<\/h4>\n<p>Direcci\u00f3:\u00a0<strong>Stefano Cipani<\/strong>\u00a0Gui\u00f3:\u00a0<strong>Fabio Bonifacci<\/strong>\u00a0M\u00fasica:\u00a0<strong>Lucas Vidal<\/strong>\u00a0Fotografia:\u00a0<strong>Sergi Bartrol\u00ed<\/strong>\u00a0Estrena:\u00a0<strong>Juliol 2020<\/strong>\u00a0Durada:\u00a0<strong>100\u00a0min.<\/strong>G\u00e8nere:\u00a0<strong>Com\u00e8dia per a tots els p\u00fablics<\/strong>\u00a0Int\u00e8rprets:\u00a0<strong>Alessandro Gassmann, Isabella Ragonese, Rossy de Palma, Luca Morello, Francesco Gheghi, Antonio Uras, Lorenzo Sisto<\/strong><\/p>\n<h4>SINOPSI<\/h4>\n<p>En Jack t\u00e9 cinc anys, dues germanes i desitja amb totes les seves forces un germ\u00e0 per jugar a \u201ccoses de nois\u201d. Un dia, els pares li anuncien que tindr\u00e0 un germanet i que ser\u00e0 especial. En Jack est\u00e0 boig d\u2019alegria: \u201cespecial\u201d per a ell significa \u201csuperheroi\u201d. Per\u00f2 amb el pas del temps comen\u00e7a a sentir-se defraudat. El seu germ\u00e0 Giovanni no \u00e9s un superheroi, la realitat \u00e9s que ha nascut amb S\u00edndrome de Down. \u00c9s en aquest moment quan el seu entusiasme es transforma en rebuig i vergonya. Haur\u00e0 de passar l\u2019adolesc\u00e8ncia per adonar-se que la seva idea inicial no estava tan equivocada: el seu germ\u00e0 Gio contagia tanta vitalitat que arriba a concloure que potser s\u00ed que \u00e9s un superheroi de veritat; i que, en qualsevol cas, \u00e9s el seu millor amic.\u00a0<em><strong>\u201cEL MEU GERM\u00c0 PERSEGUEIX DINOSAURES\u201d<\/strong><\/em><strong>\u00a0est\u00e0 basada en la hist\u00f2ria real de Giacomo Mazzariol, l\u2019autor del llibre original i \u201cJack\u201d a la vida real.<\/strong><\/p>\n<hr \/>\n<p><strong>CASTELLANO | <\/strong>El s\u00e1bado 31 de octubre, a las 18h, podr\u00e9is ver la pel\u00edcula del Cicle Gaud\u00ed <strong>El meu germ\u00e0 persegueix dinosaures<\/strong> al CMC. Las taquillas se abrir\u00e1n 30 minutos antes con el objetivo de tener un control de los asistentes y poderlos ubicar respetando todas las medidas de seguridad por la Covid-19. El aforo ser\u00e1 limitado. El precio general de la entrada es de 4,5\u20ac y se ofrece un precio reducido de 3\u20ac presentando el carn\u00e9 de la Biblioteca Municipal de la Bisbal. En cuanto a la recaudaci\u00f3n, esta se destinar\u00e1 a la entidad que gestionar\u00e1 la taquilla, en este caso la Associaci\u00f3 de la Gent Gran de la Bisbal.<\/p>\n<h1>EL MEU GERM\u00c0 PERSEGUEIX DINOSAURES<\/h1>\n<h4>FICHA\u00a0T\u00c9CNICA<\/h4>\n<p>Direcci\u00f3n:\u00a0<strong>Stefano Cipani<\/strong>\u00a0Gui\u00f3n:\u00a0<strong>Fabio Bonifacci<\/strong>\u00a0M\u00fasica:\u00a0<strong>Lucas Vidal<\/strong>\u00a0Fotograf\u00eda:\u00a0<strong>Sergi Bartrol\u00ed<\/strong>\u00a0Estreno:\u00a0<strong>Julio 2020<\/strong>\u00a0Duraci\u00f3n:\u00a0<strong>100\u00a0min.<\/strong>G\u00e9nero:\u00a0<strong>Comedia para todos los p\u00fablicos<\/strong>\u00a0Int\u00e9rpretes:\u00a0<strong>Alessandro Gassmann, Isabella Ragonese, Rossy de Palma, Luca Morello, Francesco Gheghi, Antonio Uras, Lorenzo Sisto<\/strong><\/p>\n<h4>SINOPSIS<\/h4>\n<p>Jack tiene cinco a\u00f1os, dos hermanas y desea con todas sus fuerzas tener un hermano para jugar a \u201ccosas de chicos\u201d. Un d\u00eda, sus padres le anuncian que tendr\u00e1 un hermanito y que ser\u00e1 especial. Jack est\u00e1 loco de alegr\u00eda: \u201cespecial\u201d para \u00e9l significa \u201csuperh\u00e9roe\u201d. Pero con el paso del tiempo empieza a sentirse defraudado. Su hermano Giovanni no es un superh\u00e9roe, la realidad es que ha nacido con S\u00edndrome de Down. Es en este momento cuando su entusiasmo se transforma en rechazo y verg\u00fcenza. Tendr\u00e1 que pasar la adolescencia para darse cuenta de que su idea inicial no estaba tan equivocada: su hermano Gio contagia tanta vitalidad que llega a concluir que quiz\u00e1s s\u00ed que es un superh\u00e9roe de verdad; y que, en cualquier caso, es su mejor amigo. \u201cEL MEU GERM\u00c0 PERSEGUEIX DINOSAURES\u201d est\u00e1 basada en la historia real de Giacomo Mazzariol, el autor del libro original y \u201cJack\u201d en la vida real.<\/p>\n<p style=\"text-align: center;\"><iframe loading=\"lazy\" src=\"https:\/\/www.youtube.com\/embed\/qCDkw9RAAws\" width=\"560\" height=\"315\" frameborder=\"0\" allowfullscreen=\"allowfullscreen\" data-mce-fragment=\"1\"><\/iframe><\/p>\n<p>&nbsp;<\/p>\n","protected":false},"excerpt":{"rendered":"<p>El dissabte 31 d&#8217;octubre, a les 18h, podreu veure la pel\u00edcula del Cicle Gaud\u00ed\u00a0El meu germ\u00e0 persegueix dinosaures\u00a0al CMC.\u00a0Les taquilles s\u2019obriran 30 minuts abans amb l\u2019objectiu de tenir un control &hellip; <a href=\"https:\/\/bisbalpenedes.com\/web\/2020\/10\/28\/el-dissabte-31-doctubre-podreu-veure-la-pellicula-el-meu-germa-persegueix-dinosaures-al-cmc\/\" class=\"more-link\">Read More<\/a><\/p>\n","protected":false},"author":4,"featured_media":15196,"comment_status":"closed","ping_status":"closed","sticky":false,"template":"","format":"standard","meta":[],"categories":[13,8],"tags":[308,956,4079,771],"_links":{"self":[{"href":"https:\/\/bisbalpenedes.com\/web\/wp-json\/wp\/v2\/posts\/15195"}],"collection":[{"href":"https:\/\/bisbalpenedes.com\/web\/wp-json\/wp\/v2\/posts"}],"about":[{"href":"https:\/\/bisbalpenedes.com\/web\/wp-json\/wp\/v2\/types\/post"}],"author":[{"embeddable":true,"href":"https:\/\/bisbalpenedes.com\/web\/wp-json\/wp\/v2\/users\/4"}],"replies":[{"embeddable":true,"href":"https:\/\/bisbalpenedes.com\/web\/wp-json\/wp\/v2\/comments?post=15195"}],"version-history":[{"count":1,"href":"https:\/\/bisbalpenedes.com\/web\/wp-json\/wp\/v2\/posts\/15195\/revisions"}],"predecessor-version":[{"id":15197,"href":"https:\/\/bisbalpenedes.com\/web\/wp-json\/wp\/v2\/posts\/15195\/revisions\/15197"}],"wp:featuredmedia":[{"embeddable":true,"href":"https:\/\/bisbalpenedes.com\/web\/wp-json\/wp\/v2\/media\/15196"}],"wp:attachment":[{"href":"https:\/\/bisbalpenedes.com\/web\/wp-json\/wp\/v2\/media?parent=15195"}],"wp:term":[{"taxonomy":"category","embeddable":true,"href":"https:\/\/bisbalpenedes.com\/web\/wp-json\/wp\/v2\/categories?post=15195"},{"taxonomy":"post_tag","embeddable":true,"href":"https:\/\/bisbalpenedes.com\/web\/wp-json\/wp\/v2\/tags?post=15195"}],"curies":[{"name":"wp","href":"https:\/\/api.w.org\/{rel}","templated":true}]}}