{"id":15190,"date":"2020-10-27T23:26:47","date_gmt":"2020-10-27T21:26:47","guid":{"rendered":"http:\/\/bisbalpenedes.com\/web\/?p=15190"},"modified":"2020-10-27T23:27:03","modified_gmt":"2020-10-27T21:27:03","slug":"aquest-dilluns-sha-aprovat-un-punt-de-la-junta-de-govern-amb-competencies-delegades-del-ple","status":"publish","type":"post","link":"https:\/\/bisbalpenedes.com\/web\/2020\/10\/27\/aquest-dilluns-sha-aprovat-un-punt-de-la-junta-de-govern-amb-competencies-delegades-del-ple\/","title":{"rendered":"Aquest dilluns s&#8217;ha aprovat un punt de la Junta de Govern amb compet\u00e8ncies delegades del Ple"},"content":{"rendered":"<p style=\"text-align: center;\"><iframe loading=\"lazy\" src=\"https:\/\/www.youtube.com\/embed\/dWFITWEVrHE\" width=\"560\" height=\"315\" frameborder=\"0\" allowfullscreen=\"allowfullscreen\"><\/iframe><\/p>\n<p style=\"text-align: justify;\"><span style=\"color: #000000;\">La Junta de Govern celebrada el dilluns 26 d\u2019octubre de 2020 inclo\u00efa l\u2019aprovaci\u00f3 de la classificaci\u00f3 de les empreses presentades a la licitaci\u00f3 per la contractaci\u00f3 del subministrament, instal\u00b7laci\u00f3 i manteniment de c\u00e0meres lectores de matr\u00edcules, aix\u00ed com l\u2019adjudicaci\u00f3 provisional a l\u2019empresa amb major puntuaci\u00f3.<\/span><\/p>\n<p style=\"text-align: justify;\"><span style=\"color: #000000;\">Tot i que la compet\u00e8ncia d\u2019aquesta aprovaci\u00f3 era, en origen, del Ple, aquesta es va delegar a favor de la Junta de Govern Local mitjan\u00e7ant l\u2019acord plenari del 4 de juliol de 2019.<\/span><\/p>\n<p style=\"text-align: justify;\"><span style=\"color: #000000;\">Les sessions de la Junta de Govern Local no s\u00f3n de car\u00e0cter p\u00fablic per\u00f2, quan actua amb compet\u00e8ncies delegades del Ple, la sessi\u00f3 se sotmet als mateixos requisits de publicitat de les sessions del Ple, que s\u00f3n p\u00fabliques, tal com es va declarar en la STS 161\/2013, del 26 de setembre. Per aquest motiu, els regidors i les regidores de l\u2019oposici\u00f3 han rebut un correu electr\u00f2nic explicatiu amb l\u2019acord d\u2019aquesta proposta adjunt.<\/span><\/p>\n<p style=\"text-align: justify;\"><span style=\"color: #000000;\">A causa de les mesures preses per evitar la propagaci\u00f3 de la COVID-19, aquest punt de l\u2019ordre del dia de la Junta no s\u2019ha aprovat amb p\u00fablic i, per aquest motiu, s\u2019ha gravat en v\u00eddeo i l\u2019Ajuntament de la Bisbal del Pened\u00e8s publica la gravaci\u00f3 de l\u2019esmentada aprovaci\u00f3 per garantir la seva publicitat.<\/span><\/p>\n<hr \/>\n<p style=\"text-align: justify;\"><span style=\"color: #000000;\"><strong>CASTELLANO |<\/strong> La Junta de Gobierno del lunes 26 de octubre de 2020, a las 19h, inclu\u00eda la aprobaci\u00f3n de la clasificaci\u00f3n de las empresas presentadas en la licitaci\u00f3n para la contrataci\u00f3n del suministro, instalaci\u00f3n y mantenimiento de c\u00e1maras lectoras de matr\u00edculas, as\u00ed como la adjudicaci\u00f3n provisional a la empresa con mayor puntuaci\u00f3n.<\/span><\/p>\n<p style=\"text-align: justify;\"><span style=\"color: #000000;\">Aunque la competencia de esta aprobaci\u00f3n era, en origen, del Pleno, esta se deleg\u00f3 a favor de la Junta de Gobierno Local mediante el acuerdo plenario del 4 de julio del 2019.<\/span><\/p>\n<p style=\"text-align: justify;\"><span style=\"color: #000000;\">Las sesiones de la Junta de Gobierno Local no son de car\u00e1cter p\u00fablico pero, cuando act\u00faa con competencias delegadas del Pleno, la sesi\u00f3n se somete a los mismos requisitos de publicidad de las sesiones del Pleno, que son p\u00fablicas, tal y como se declar\u00f3 en la STS 161\/2013, del 26 de septiembre. Por este motivo, los concejales y las concejalas de la oposici\u00f3n han recibido un correo electr\u00f3nico explicativo con el acuerdo de esta propuesta adjunto.<\/span><\/p>\n<p style=\"text-align: justify;\"><span style=\"color: #000000;\">A causa de las medidas tomadas para evitar la propagaci\u00f3n de la COVID-19, este punto del orden del d\u00eda de la Junta no se ha aprobado con p\u00fablico y, por este motivo, se ha grabado en v\u00eddeo y el Ayuntamiento de la Bisbal del Pened\u00e8s publica la grabaci\u00f3n de la citada aprobaci\u00f3n para garantizar su publicidad.<\/span><\/p>\n<p>&nbsp;<\/p>\n<p>&nbsp;<\/p>\n<p>&nbsp;<\/p>\n","protected":false},"excerpt":{"rendered":"<p>La Junta de Govern celebrada el dilluns 26 d\u2019octubre de 2020 inclo\u00efa l\u2019aprovaci\u00f3 de la classificaci\u00f3 de les empreses presentades a la licitaci\u00f3 per la contractaci\u00f3 del subministrament, instal\u00b7laci\u00f3 i &hellip; <a href=\"https:\/\/bisbalpenedes.com\/web\/2020\/10\/27\/aquest-dilluns-sha-aprovat-un-punt-de-la-junta-de-govern-amb-competencies-delegades-del-ple\/\" class=\"more-link\">Read More<\/a><\/p>\n","protected":false},"author":4,"featured_media":15191,"comment_status":"closed","ping_status":"closed","sticky":false,"template":"","format":"standard","meta":[],"categories":[3085,8,3304,4149],"tags":[4150,686,3305],"_links":{"self":[{"href":"https:\/\/bisbalpenedes.com\/web\/wp-json\/wp\/v2\/posts\/15190"}],"collection":[{"href":"https:\/\/bisbalpenedes.com\/web\/wp-json\/wp\/v2\/posts"}],"about":[{"href":"https:\/\/bisbalpenedes.com\/web\/wp-json\/wp\/v2\/types\/post"}],"author":[{"embeddable":true,"href":"https:\/\/bisbalpenedes.com\/web\/wp-json\/wp\/v2\/users\/4"}],"replies":[{"embeddable":true,"href":"https:\/\/bisbalpenedes.com\/web\/wp-json\/wp\/v2\/comments?post=15190"}],"version-history":[{"count":3,"href":"https:\/\/bisbalpenedes.com\/web\/wp-json\/wp\/v2\/posts\/15190\/revisions"}],"predecessor-version":[{"id":15194,"href":"https:\/\/bisbalpenedes.com\/web\/wp-json\/wp\/v2\/posts\/15190\/revisions\/15194"}],"wp:featuredmedia":[{"embeddable":true,"href":"https:\/\/bisbalpenedes.com\/web\/wp-json\/wp\/v2\/media\/15191"}],"wp:attachment":[{"href":"https:\/\/bisbalpenedes.com\/web\/wp-json\/wp\/v2\/media?parent=15190"}],"wp:term":[{"taxonomy":"category","embeddable":true,"href":"https:\/\/bisbalpenedes.com\/web\/wp-json\/wp\/v2\/categories?post=15190"},{"taxonomy":"post_tag","embeddable":true,"href":"https:\/\/bisbalpenedes.com\/web\/wp-json\/wp\/v2\/tags?post=15190"}],"curies":[{"name":"wp","href":"https:\/\/api.w.org\/{rel}","templated":true}]}}