{"id":15184,"date":"2020-10-27T21:09:15","date_gmt":"2020-10-27T19:09:15","guid":{"rendered":"http:\/\/bisbalpenedes.com\/web\/?p=15184"},"modified":"2020-11-06T13:18:14","modified_gmt":"2020-11-06T11:18:14","slug":"aquest-dilluns-26-doctubre-de-2020-sha-celebrat-un-ple-extraordinari-a-lajuntament-de-la-bisbal-del-penedes","status":"publish","type":"post","link":"https:\/\/bisbalpenedes.com\/web\/2020\/10\/27\/aquest-dilluns-26-doctubre-de-2020-sha-celebrat-un-ple-extraordinari-a-lajuntament-de-la-bisbal-del-penedes\/","title":{"rendered":"Aquest dilluns 26 d\u2019octubre de 2020 s\u2019ha celebrat un Ple extraordinari a l\u2019Ajuntament de la Bisbal del Pened\u00e8s"},"content":{"rendered":"<p style=\"text-align: center;\"><iframe loading=\"lazy\" src=\"https:\/\/www.youtube.com\/embed\/Moxznp1gPyo\" width=\"560\" height=\"315\" frameborder=\"0\" allowfullscreen=\"allowfullscreen\"><\/iframe><\/p>\n<p style=\"text-align: justify;\"><span style=\"color: #000000;\">Aquest dilluns 26 d\u2019octubre de 2020, a les 9:30h, s\u2019ha celebrat un Ple extraordinari a l\u2019Ajuntament de la Bisbal del Pened\u00e8s. El Ple s\u2019ha fet a porta tancada per poder garantir totes les mesures de prevenci\u00f3 de contagis amb motiu de la pand\u00e8mia de COVID-19 i posteriorment s\u2019ha publicat el v\u00eddeo del Ple a Youtube: <a style=\"color: #000000;\" href=\"https:\/\/youtu.be\/Moxznp1gPyo\">https:\/\/youtu.be\/Moxznp1gPyo<\/a><\/span><\/p>\n<p style=\"text-align: justify;\"><span style=\"color: #000000;\">L\u2019alcaldessa del municipi, Agn\u00e8s Ferr\u00e9, ha excusat l\u2019abs\u00e8ncia de les regidores Leo Uceda (Comprom\u00eds amb la Bisbal) i Silvia Monfort (ERC-AM).<\/span><\/p>\n<p style=\"text-align: justify;\"><span style=\"color: #000000;\">S\u2019hi han tractat els punts seg\u00fcents:<\/span><\/p>\n<p style=\"text-align: justify;\"><span style=\"color: #000000;\"><strong>1.-Compte general 2019 \u2013 Tancament i liquidaci\u00f3 del pressupost.<\/strong><\/span><\/p>\n<p style=\"text-align: justify;\"><span style=\"color: #000000;\">S<span style=\"text-decoration: underline;\">\u2019ha aprovat<\/span> amb els vots a favor de Comprom\u00eds amb la Bisbal (5) i els vots en contra del PSC (2), Units per la Bisbal \u2013 FIC (1) i Ara la Bisbal (1).<\/span><\/p>\n<p style=\"text-align: justify;\"><span style=\"color: #000000;\">El 21 d\u2019agost es va reunir la Comissi\u00f3 especial de comptes i es va emetre el corresponent dictamen, que va estar exposat al p\u00fablic \u2013juntament amb el compte general de l\u2019exercici 2019- per tal que els interessats poguessin presentar reclamacions, objeccions i\/o observacions durant un termini de quinze dies i vuit m\u00e9s. El termini per a la presentaci\u00f3 de reclamacions, objeccions i\/o observacions va finalitzar el 6 d\u2019octubre de 2020 i durant aquest per\u00edode no es van presentar al\u00b7legacions. El pressupost de l\u2019any 2019 complia tots els requisits d\u2019estabilitat pressupost\u00e0ria i sostenibilitat financera i els objectius de deute, aix\u00ed com la regla de despesa. Aix\u00f2 permet que el 2020 es puguin realitzar inversions.<\/span><\/p>\n<p style=\"text-align: justify;\"><span style=\"color: #000000;\">El Ple ha aprovat el compte general de la Corporaci\u00f3 corresponent a l\u2019exercici 2019 i ha aprovat enviar el Compte General aprovat a la fiscalitzaci\u00f3 del Tribunal de Comptes i de la Sindicatura de comptes i al Ministeri d\u2019Hisenda i Funci\u00f3 P\u00fablica.<\/span><\/p>\n<p style=\"text-align: justify;\"><span style=\"color: #000000;\">\u00a0<\/span><\/p>\n<p style=\"text-align: justify;\"><span style=\"color: #000000;\"><strong>2.- Aprovaci\u00f3 i modificaci\u00f3 de l\u2019Ordenan\u00e7a Fiscal Reguladora de l\u2019IAE.<\/strong><\/span><\/p>\n<p style=\"text-align: justify;\"><span style=\"color: #000000;\"><span style=\"text-decoration: underline;\">S\u2019ha aprovat<\/span> amb els vots a favor de Comprom\u00eds amb la Bisbal (5), el PSC (2) i Units per la Bisbal \u2013 FIC (1) i el vot en contra d\u2019Ara la Bisbal (1).<\/span><\/p>\n<p style=\"text-align: justify;\"><span style=\"color: #000000;\">L\u2019Ordenan\u00e7a Fiscal reguladora de l\u2019Impost sobre activitats econ\u00f2miques (IAE) es va aprovar per Ple el febrer de 2003, va entrar en vigor l\u20191 de gener de 2004 i seguia vigent en l\u2019actualitat. Establia un \u00fanic coeficient de situaci\u00f3 (de 2\u20198 aplicable a tot el municipi) i els seg\u00fcents coeficients de ponderaci\u00f3:<\/span><\/p>\n<table>\n<tbody>\n<tr>\n<td width=\"366\"><span style=\"color: #000000;\"><strong>Import net xifra de negocis (euros)<\/strong><\/span><\/td>\n<td width=\"61\"><span style=\"color: #000000;\"><strong>Coeficient<\/strong><\/span><\/td>\n<\/tr>\n<tr>\n<td width=\"366\"><span style=\"color: #000000;\">De 1.000.000,00 fins a 5.000.000,00 \u20ac<\/span><\/td>\n<td width=\"61\"><span style=\"color: #000000;\">1,29<\/span><\/td>\n<\/tr>\n<tr>\n<td width=\"366\"><span style=\"color: #000000;\">De 5.000.000,00 fins a 10.000.000,00\u20ac<\/span><\/td>\n<td width=\"61\"><span style=\"color: #000000;\">1,30<\/span><\/td>\n<\/tr>\n<tr>\n<td width=\"366\"><span style=\"color: #000000;\">De 10.000.000 fins a 50.000.000,00\u20ac<\/span><\/td>\n<td width=\"61\"><span style=\"color: #000000;\">1,32<\/span><\/td>\n<\/tr>\n<tr>\n<td width=\"366\"><span style=\"color: #000000;\">De 50.000.000 fins a 100.000.000,00\u20ac<\/span><\/td>\n<td width=\"61\"><span style=\"color: #000000;\">1,33<\/span><\/td>\n<\/tr>\n<tr>\n<td width=\"366\"><span style=\"color: #000000;\">M\u00e9s de 100.000.000,00\u20ac<\/span><\/td>\n<td width=\"61\"><span style=\"color: #000000;\">1,35<\/span><\/td>\n<\/tr>\n<tr>\n<td width=\"366\"><span style=\"color: #000000;\">Sense xifra neta de negoci o activitat iniciada el 2020<\/span><\/td>\n<td width=\"61\"><span style=\"color: #000000;\">1,31<\/span><\/td>\n<\/tr>\n<\/tbody>\n<\/table>\n<p style=\"text-align: justify;\"><span style=\"color: #000000;\"><br \/>\nL\u2019equip de govern ha considerat convenient adaptar-la als canvis normatius que s\u2019han produ\u00eft des de la seva aprovaci\u00f3 i ha proposat l\u2019adhesi\u00f3 al <a href=\"https:\/\/www.diputaciodetarragona.cat\/ebop\/index.php?op=dwn&amp;tipus=i&amp;data=20200805&amp;anyp=2020&amp;num=05412&amp;v=i\" target=\"_blank\">text \u00edntegre aprovat per BASE-Gesti\u00f3 d\u2019Ingressos de la Diputaci\u00f3 de Tarragona d\u2019agost de 2020<\/a>, establint els mateixos coeficients de ponderaci\u00f3 i una escala de coeficients de situaci\u00f3.<\/span><\/p>\n<p style=\"text-align: justify;\"><span style=\"color: #000000;\">Aix\u00ed, s\u2019ha aprovat inicialment l\u2019annex a l\u2019Ordenan\u00e7a fiscal reguladora de l\u2019IAE amb la redacci\u00f3 que es detalla a continuaci\u00f3. S\u2019exposar\u00e0 aquesta modificaci\u00f3 al Butllet\u00ed oficial de la prov\u00edncia de Tarragona, durant un termini de 30 dies h\u00e0bils, dins dels quals els interessats podran examinar-lo i plantejar les reclamacions que estimin oportunes. En el cas que no es presentin reclamacions dins el termini establert, l\u2019acord esdevindr\u00e0 definitiu:<\/span><\/p>\n<p style=\"text-align: justify;\"><span style=\"color: #000000;\"><u>Coeficient de situaci\u00f3<\/u>: l\u2019actual \u00e9s de 2,8 a tot el municipi i ara proposem tres categories:<\/span><\/p>\n<ul style=\"text-align: justify;\">\n<li><span style=\"color: #000000;\">1a categoria, l\u2019\u00edndex actual de 2,8, que correspon a les activitats que es desenvolupen a la zona industrial, als dos pol\u00edgons industrials del municipi: les Planes i les Planes baixes. Per tant, no els hi canvia res<\/span><\/li>\n<li><span style=\"color: #000000;\">2a categoria, amb un \u00edndex de 2,7, que correspon a les activitats que es desenvolupen en zones agr\u00edcoles i industrials a\u00efllades de la trama urbana.<\/span><\/li>\n<li><span style=\"color: #000000;\">I 3a categoria, amb un \u00edndex de 2,6, que correspon a les activitats que es desenvolupen al nucli urb\u00e0, a l\u2019Ortig\u00f3s o a una de les urbanitzacions del municipi.<\/span><\/li>\n<\/ul>\n<p style=\"text-align: justify;\"><span style=\"color: #000000;\"><strong>PUNTS 3 I 4<\/strong><\/span><\/p>\n<p style=\"text-align: justify;\"><span style=\"color: #000000;\">L\u2019Ajuntament ha aprovat i modificat les ordenances de l\u2019Impost de construccions, instal\u00b7lacions i obres (ICIO) i l\u2019Impost sobre B\u00e9ns Immobles (IBI) per incloure bonificacions per a la instal\u00b7laci\u00f3 de sistemes per a l\u2019aprofitament t\u00e8rmic o el\u00e8ctric de l\u2019energia solar. Aquesta aprovaci\u00f3 es du a terme pels canvis que han tingut lloc des de la seva aprovaci\u00f3 i fomentar i impulsar l\u2019energia verda al municipi.<\/span><\/p>\n<p style=\"text-align: justify;\"><span style=\"color: #000000;\"><strong>3.-Aprovaci\u00f3 i modificaci\u00f3 de l\u2019Ordenan\u00e7a Fiscal Reguladora de l\u2019IBI. Bonificaci\u00f3 per a la instal\u00b7laci\u00f3 de plaques fotovoltaiques i actualitzaci\u00f3 de l\u2019ordenan\u00e7a.<\/strong><\/span><\/p>\n<p style=\"text-align: justify;\"><span style=\"color: #000000;\"><span style=\"text-decoration: underline;\">S\u2019ha aprovat<\/span> amb els vots a favor de Comprom\u00eds amb la Bisbal (5), el PSC (2), Units per la Bisbal \u2013 FIC (1) i l\u2019abstenci\u00f3 d\u2019Ara la Bisbal (1).<\/span><\/p>\n<p style=\"text-align: justify;\"><span style=\"color: #000000;\">L\u2019ordenan\u00e7a fiscal reguladora de l\u2019Impost sobre B\u00e9ns Immobles (IBI) vigent fins al 2020 es va aprovar el setembre de 2007 per Ple i va entrar en vigor l\u20191 de gener de 2008. Atesos els canvis normatius que s\u2019han produ\u00eft des de la seva aprovaci\u00f3 i amb l\u2019objectiu d\u2019impulsar l\u2019energia verda, s\u2019ha considerat oport\u00fa modificar aquesta ordenan\u00e7a fiscal. En aquest cas es proposa l\u2019adhesi\u00f3 al <a style=\"color: #000000;\" href=\"https:\/\/www.diputaciodetarragona.cat\/ebop\/index.php?op=dwn&amp;tipus=i&amp;data=20200805&amp;anyp=2020&amp;num=05412&amp;v=i\">text \u00edntegre que ha aprovat i publicat Base-Gesti\u00f3 d\u2019Ingressos de la Diputaci\u00f3 de Tarragona<\/a>, atenent criteris d\u2019efici\u00e8ncia i economia en la gesti\u00f3, i aprovar una bonificaci\u00f3 per a la instal\u00b7laci\u00f3 de sistemes per a l\u2019aprofitament t\u00e8rmic o el\u00e8ctric de l\u2019energia solar. El tipus que s\u2019aplicava fins ara no varia i, per tant, <u>no s\u2019apuja l\u2019IBI.<\/u><\/span><\/p>\n<p style=\"text-align: justify;\"><span style=\"color: #000000;\">Fins ara, l\u2019Ajuntament comptava amb les seg\u00fcents bonificacions en la quota \u00edntegra de l\u2019IBI<\/span><\/p>\n<p style=\"text-align: justify; padding-left: 30px;\"><span style=\"color: #000000;\">1.-Bonificaci\u00f3 del 50 % en els immobles que constitueixin l\u2019objecte de l\u2019activitat de les empreses d\u2019urbanitzaci\u00f3, construcci\u00f3 i promoci\u00f3 immobili\u00e0ria, tant d\u2019obra nova com de rehabilitaci\u00f3 equiparable a aquesta, i no figurin entre els b\u00e9ns del seu immobilitzat.<\/span><\/p>\n<p style=\"text-align: justify; padding-left: 30px;\"><span style=\"color: #000000;\">2.-Bonificaci\u00f3 del 50% als habitatges en r\u00e8gim de protecci\u00f3 oficial.<\/span><\/p>\n<p style=\"text-align: justify; padding-left: 30px;\"><span style=\"color: #000000;\">3.-Bonificaci\u00f3 del 95% dels b\u00e9ns r\u00fastics de les cooperatives agr\u00e0ries i d\u2019explotaci\u00f3 comunit\u00e0ria de la terra.<\/span><\/p>\n<p style=\"text-align: justify; padding-left: 30px;\"><span style=\"color: #000000;\">4.-Bonificaci\u00f3 del 50 % en l\u2019habitatge habitual a les fam\u00edlies nombroses<\/span><\/p>\n<p style=\"text-align: justify;\"><span style=\"color: #000000;\">Les bonificacions que s\u2019han aprovat en aquest ple, en relaci\u00f3 amb l\u2019aprofitament de l\u2019energia solar, s\u00f3n les seg\u00fcents:<\/span><\/p>\n<p style=\"text-align: justify;\"><span style=\"color: #000000;\">Bonificaci\u00f3 per la instal\u00b7laci\u00f3 de sistemes d\u2019aprofitament t\u00e8rmic o el\u00e8ctric de l\u2019energia solar, d\u2019acord amb el seg\u00fcent detall:<\/span><\/p>\n<p style=\"text-align: justify; padding-left: 60px;\"><span style=\"color: #000000;\">a) Del 50 % de la quota \u00edntegra de l\u2019IBI, de naturalesa urbana o r\u00fastica, en els quals s\u2019hagin instal\u00b7lat sistemes per a l\u2019aprofitament t\u00e8rmic o el\u00e8ctric de l\u2019energia procedent del sol, destinats a habitatge, tant unifamiliar com plurifamiliar.<\/span><\/p>\n<p style=\"text-align: justify; padding-left: 60px;\"><span style=\"color: #000000;\">b) Del 30 % de la quota \u00edntegra de l\u2019IBI, de naturalesa urbana o r\u00fastica, en els quals s\u2019hagin instal\u00b7lat sistemes per a l\u2019aprofitament t\u00e8rmic o el\u00e8ctric de l\u2019energia procedent del sol, destinats a altres usos.<\/span><\/p>\n<p style=\"text-align: justify;\"><span style=\"color: #000000;\">Aquesta modificaci\u00f3 es publicar\u00e0 al tauler d\u2019anuncis de l\u2019Ajuntament i al BOPT, durant un termini de trenta dies h\u00e0bils, dins dels quals els interessats podran examinar-lo i plantejar les reclamacions que estimin oportunes. En el cas que no es presentessin reclamacions a l\u2019expedient en el termini indicat, l\u2019acord esdevindr\u00e0 definitiu.<\/span><\/p>\n<p style=\"text-align: justify;\"><span style=\"color: #000000;\">\u00a0<\/span><\/p>\n<p style=\"text-align: justify;\"><span style=\"color: #000000;\"><strong>4.-Aprovaci\u00f3 i modificaci\u00f3 de l\u2019Ordenan\u00e7a Fiscal Reguladora de l\u2019ICIO. Bonificaci\u00f3 per instal\u00b7lar plaques fotovoltaiques i actualitzaci\u00f3 de l\u2019ordenan\u00e7a.<\/strong><\/span><\/p>\n<p style=\"text-align: justify;\"><span style=\"color: #000000;\"><span style=\"text-decoration: underline;\">S\u2019ha aprovat<\/span> amb els vots a favor de Comprom\u00eds amb la Bisbal (5), el PSC (2), Units per la Bisbal \u2013 FIC (1) i Ara la Bisbal (1).<\/span><\/p>\n<p style=\"text-align: justify;\"><span style=\"color: #000000;\">El <a style=\"color: #000000;\" href=\"https:\/\/bisbalpenedes.com\/web\/2020\/03\/21\/el-dilluns-16-de-marc-es-va-celebrar-el-ple-ordinari-de-lajuntament-de-la-bisbal-del-penedes\/\">Ple ordinari del 16 de mar\u00e7 de 20<\/a>20\u00a0va aprovar derogar l\u2019Ordenan\u00e7a Fiscal n\u00fam. 23. Reguladora de la taxa per a l\u2019atorgament de llic\u00e8ncies urban\u00edstiques.<\/span><\/p>\n<p style=\"text-align: justify;\"><span style=\"color: #000000;\">Ara, s\u2019ha aprovat tamb\u00e9 l\u2019adhesi\u00f3 <a style=\"color: #000000;\" href=\"https:\/\/www.diputaciodetarragona.cat\/ebop\/index.php?op=dwn&amp;tipus=i&amp;data=20200805&amp;anyp=2020&amp;num=05412&amp;v=i\">al text \u00edntegre que ha aprovat i publicat -al BOPT del 5 d\u2019agost de 2020- BASE-Gesti\u00f3 d\u2019Ingressos de la Diputaci\u00f3 de Tarragona<\/a> aix\u00ed com el seu annex, amb les determinacions espec\u00edfiques per al municipi de la Bisbal, tenint en compte criteris d\u2019efici\u00e8ncia i economia de la gesti\u00f3. Tamb\u00e9 s\u2019ha aprovat una bonificaci\u00f3 per a la instal\u00b7laci\u00f3 de sistemes per a l\u2019aprofitament t\u00e8rmic o el\u00e8ctric de l\u2019energia solar, de conformitat amb l\u2019article 103.2 b) del Reial decret legislatiu 2\/2004, del 5 de mar\u00e7, pel qual s\u2019aprova el Text ref\u00f3s de la Llei reguladora de les hisendes locals.<\/span><\/p>\n<p style=\"text-align: justify;\"><span style=\"color: #000000;\">La bonificaci\u00f3 aprovada \u00e9s del 50% de la quota \u00edntegra de l\u2019ICIO per a llic\u00e8ncies que incorporin sistemes per a l\u2019aprofitament t\u00e8rmic o el\u00e8ctric de l\u2019energia solar. Les instal\u00b7lacions per a la producci\u00f3 de calor hauran d\u2019incloure col\u00b7lectors que disposin de la corresponent homologaci\u00f3 de l\u2019Administraci\u00f3 corresponent. No s\u2019aplicar\u00e0 la bonificaci\u00f3 quan la instal\u00b7laci\u00f3 dels sistemes per a l\u2019aprofitament t\u00e8rmic o el\u00e8ctric de l\u2019energia procedent del sol sigui obligat\u00f2ria d\u2019acord amb la normativa espec\u00edfica.<\/span><\/p>\n<p style=\"text-align: justify;\"><span style=\"color: #000000;\">Aquesta modificaci\u00f3 es publicar\u00e0 al tauler d\u2019anuncis de l\u2019Ajuntament i al BOPT durant un termini de trenta dies h\u00e0bils dins dels quals els interessats podran examinar-lo i plantejar les reclamacions que estimin oportunes. En el cas que no es presentessin reclamacions a l\u2019expedient en el termini indicat, l\u2019acord esdevindr\u00e0 definitiu.<\/span><\/p>\n<p style=\"text-align: justify;\"><span style=\"color: #000000;\"><strong>5.-Aprovaci\u00f3 i modificaci\u00f3 de l\u2019ordenan\u00e7a Fiscal n\u00fam. 12 reguladora de la taxa de recollida de residus s\u00f2lids urbans (modificaci\u00f3 de l\u2019ordenan\u00e7a de residus per a la urbanitzaci\u00f3 Pineda de Santa Cristina).<\/strong><\/span><\/p>\n<p style=\"text-align: justify;\"><span style=\"color: #000000;\"><span style=\"text-decoration: underline;\">S\u2019ha aprovat<\/span> amb els vots a favor de Comprom\u00eds amb la Bisbal (5), el PSC (2), Units per la Bisbal \u2013 FIC (1) i Ara la Bisbal (1).<\/span><\/p>\n<p style=\"text-align: justify;\"><span style=\"color: #000000;\">L\u2019ordenan\u00e7a reguladora de la taxa de recollida de residus s\u00f2lids urbans que s\u2019aplica en l\u2019actualitat a la urbanitzaci\u00f3 La Pineda de Santa Cristina \u00e9s la mateixa que s\u2019aplica a tots els altres nuclis de La Bisbal del Pened\u00e8s (fixada en 140\u20ac\/any el 2020). L\u2019Ajuntament ha aprovat aplicar la taxa de l\u2019Ajuntament de Rodony\u00e0 (fixada en 110\u20ac\/any el 2020), ja que el servei de recollida d\u2019escombraries el du a terme el municipi de Rodony\u00e0 (cal recordar que una part de la urbanitzaci\u00f3 \u00e9s del municipi de Rodony\u00e0).<\/span><\/p>\n<p style=\"text-align: justify;\"><span style=\"color: #000000;\">L\u2019alcaldessa de la Bisbal del Pened\u00e8s, Agn\u00e8s Ferr\u00e9, ha explicat que abans \u201cl\u2019ordenan\u00e7a distingia entre la taxa de recollida d\u2019escombraries a tot el municipi de La Bisbal del Pened\u00e8s i la taxa aplicada a la urbanitzaci\u00f3 de La Pineda de Santa Cristina. Aquesta ordenan\u00e7a es va modificar al Ple de l\u2019Ajuntament de la Bisbal del Pened\u00e8s el juliol de 2012, on es va retirar aquesta distinci\u00f3 i es va aplicar la mateixa taxa a tot el municipi. La proposta que hem aprovat \u00e9s distingir novament la taxa de recollida d\u2019escombraries de la urbanitzaci\u00f3 de la Pineda de Santa Cristina de la resta del municipi, aplicant en aquesta urbanitzaci\u00f3 la taxa que estableixi l\u2019Ajuntament de Rodony\u00e0, ja que \u00e9s qui hi fa el servei de recollida d\u2019escombraries\u201d. L\u2019alcaldessa ha explicat que hi ha previstos diversos canvis en la recollida d\u2019escombraries al municipi i, aquests, no es faran a La Pineda de Santa Cristina perqu\u00e8 \u00e9s un altre ajuntament el que gestiona la recollida de residus. Per aquest motiu ha volgut aclarir que la taxa de residus per al servei que es far\u00e0 als altres barris \u201cno t\u00e9 res a veure amb el servei que l\u2019Ajuntament de Rodony\u00e0 ofereix a La Pineda de Santa Cristina, pel que cal aplicar-hi la taxa aprovada per l\u2019Ajuntament de Rodony\u00e0\u201d.<\/span><\/p>\n<p style=\"text-align: justify;\"><span style=\"color: #000000;\"><strong>6.-Donar compte d\u2019una sent\u00e8ncia judicial. <\/strong><\/span><\/p>\n<p style=\"text-align: justify;\"><span style=\"color: #000000;\">Es dona compte d\u2019una sent\u00e8ncia judicial sobre el recurs contenci\u00f3s administratiu que un ciutad\u00e0 va interposar a l\u2019Ajuntament reclamant la presumpta responsabilitat patrimonial pels danys en un accident de motocicleta, quan circulava per l\u2019avinguda de la Bisbal i va caure quan va passar pel damunt d\u2019un sot. L\u201911 de setembre de 2019 el Jutjat Contenci\u00f3s Administratiu n\u00fam. 2 de Tarragona va dictar sent\u00e8ncia i, aquesta, ja ha esdevingut ferma.<\/span><\/p>\n<p style=\"text-align: justify;\"><span style=\"color: #000000;\">Al Ple s\u2019ha donat compte d\u2019aquesta Sent\u00e8ncia, es comunicar\u00e0 al Jutjat Contenci\u00f3s Administratiu n\u00fam. 2 de Tarragona i es traslladar\u00e0 als Serveis Jur\u00eddics de la Diputaci\u00f3 de Tarragona, at\u00e8s que aquests han estat els encarregats de gestionar la defensa de l\u2019Ajuntament de la Bisbal.<\/span><\/p>\n<p style=\"text-align: justify;\"><span style=\"color: #000000;\">\u00a0<\/span><\/p>\n<hr \/>\n<p style=\"text-align: justify;\"><span style=\"color: #000000;\"><strong>CASTELLANO |\u00a0<\/strong>Este lunes 26 de octubre de 2020, a las 9:30h, se ha celebrado un Pleno extraordinario en el Ayuntamiento de la Bisbal del Pened\u00e8s. El Pleno se ha llevado a cabo a puerta cerrada para poder garantizar todas las medidas de prevenci\u00f3n de contagios con motivo de la pandemia de COVID-19 y posteriormente se ha publicado el v\u00eddeo del Pleno en Youtube: <a style=\"color: #000000;\" href=\"https:\/\/youtu.be\/Moxznp1gPyo\">https:\/\/youtu.be\/Moxznp1gPyo<\/a><\/span><\/p>\n<p style=\"text-align: justify;\"><span style=\"color: #000000;\">La alcaldesa del municipio, Agn\u00e8s Ferr\u00e9, ha excusado la ausencia de las concejalas Leo Uceda (Comprom\u00eds amb la Bisbal) y Silvia Monfort (ERC-AM).<\/span><\/p>\n<p style=\"text-align: justify;\"><span style=\"color: #000000;\">Se han tratado los puntos siguientes:<\/span><\/p>\n<p style=\"text-align: justify;\"><span style=\"color: #000000;\"><strong>1.-Cuenta general 2019 \u2013 Cierre y liquidaci\u00f3n de presupuesto<\/strong><\/span><\/p>\n<p style=\"text-align: justify;\"><span style=\"color: #000000;\">Se ha aprobado con los votos a favor de Comprom\u00eds amb la Bisbal (5) y los votos en contra del PSC (2), Units per la Bisbal \u2013 FIC (1) y Ara la Bisbal (1).<\/span><\/p>\n<p style=\"text-align: justify;\"><span style=\"color: #000000;\">El 21 de agosto ser reuni\u00f3 la Comisi\u00f3n especial de Cuentas y se emiti\u00f3 el correspondiente dictamen, que estuvo expuesto al p\u00fablico \u2013junto con la cuenta general del ejercicio 2019- con tal que los interesados pudiesen presentar reclamaciones, objeciones y\/u observaciones durante un plazo de quince d\u00edas y ocho m\u00e1s. El plazo para la presentaci\u00f3n de reclamaciones y\/u observaciones finaliz\u00f3 el 6 de octubre de 2020 y durante este periodo no se presentaron alegaciones. El presupuesto del a\u00f1o 2019 cumpl\u00eda todos los requisitos de estabilidad presupuestaria y sostenibilidad financiera y los objetivos de deuda, as\u00ed como la regla del gasto. Esto permite que en el 2020 se puedan realizar inversiones.<\/span><\/p>\n<p style=\"text-align: justify;\"><span style=\"color: #000000;\">El Pleno ha aprobado la cuenta general de la Corporaci\u00f3n correspondiente al ejercicio 2019 y ha aprobado enviar la Cuenta General aprobada a la fiscalizaci\u00f3n del Tribunal de Cuentas y a la Sindicatura de cuentas y al Ministerio de Hacienda y Funci\u00f3n P\u00fablica.<\/span><\/p>\n<p style=\"text-align: justify;\"><span style=\"color: #000000;\">\u00a0<\/span><\/p>\n<p style=\"text-align: justify;\"><span style=\"color: #000000;\"><strong>2.-Aprobaci\u00f3n y modificaci\u00f3n de la Ordenanza Fiscal Reguladora del IAE.<\/strong><\/span><\/p>\n<p style=\"text-align: justify;\"><span style=\"color: #000000;\">Se ha aprobado con los votos a favor de Comprom\u00eds amb la Bisbal (5), el PSC (2) y Units per la Bisbal \u2013 FIC (1) y el voto en contra de Ara la Bisbal (1).<\/span><\/p>\n<p style=\"text-align: justify;\"><span style=\"color: #000000;\">La Ordenanza Fiscal reguladora del Impuesto sobre actividades econ\u00f3micas (IAE) se aprob\u00f3 por Pleno en febrero del 2003, entr\u00f3 en vigor el 1 de enero del 2004 y segu\u00eda vigente en la actualidad. Establec\u00eda un \u00fanico coeficiente de situaci\u00f3n (de 2\u20198 aplicable a todo el municipio) y los siguientes coeficientes de ponderaci\u00f3n:<\/span><\/p>\n<table>\n<tbody>\n<tr>\n<td width=\"366\"><span style=\"color: #000000;\"><strong>Importe neto cifra de negocios (euros)<\/strong><\/span><\/td>\n<td width=\"61\"><span style=\"color: #000000;\"><strong>Coeficiente<\/strong><\/span><\/td>\n<\/tr>\n<tr>\n<td width=\"366\"><span style=\"color: #000000;\">De 1.000.000,00 hasta 5.000.000,00 \u20ac<\/span><\/td>\n<td width=\"61\"><span style=\"color: #000000;\">1,29<\/span><\/td>\n<\/tr>\n<tr>\n<td width=\"366\"><span style=\"color: #000000;\">De 5.000.000,00 hasta10.000.000,00\u20ac<\/span><\/td>\n<td width=\"61\"><span style=\"color: #000000;\">1,30<\/span><\/td>\n<\/tr>\n<tr>\n<td width=\"366\"><span style=\"color: #000000;\">De 10.000.000 hasta 50.000.000,00\u20ac<\/span><\/td>\n<td width=\"61\"><span style=\"color: #000000;\">1,32<\/span><\/td>\n<\/tr>\n<tr>\n<td width=\"366\"><span style=\"color: #000000;\">De 50.000.000 hasta 100.000.000,00\u20ac<\/span><\/td>\n<td width=\"61\"><span style=\"color: #000000;\">1,33<\/span><\/td>\n<\/tr>\n<tr>\n<td width=\"366\"><span style=\"color: #000000;\">M\u00e1s de 100.000.000,00\u20ac<\/span><\/td>\n<td width=\"61\"><span style=\"color: #000000;\">1,35<\/span><\/td>\n<\/tr>\n<tr>\n<td width=\"366\"><span style=\"color: #000000;\">Sin cifra neta de negocio o actividad iniciada en el 2020<\/span><\/td>\n<td width=\"61\"><span style=\"color: #000000;\">1,31<\/span><\/td>\n<\/tr>\n<\/tbody>\n<\/table>\n<p style=\"text-align: justify;\"><span style=\"color: #000000;\"><br \/>\nEl equipo de gobierno ha considerado conveniente adaptarla a los cambios normativos que se han producido desde su aprobaci\u00f3n y ha propuesto la adhesi\u00f3n al <a style=\"color: #000000;\" href=\"https:\/\/www.diputaciodetarragona.cat\/ebop\/index.php?op=dwn&amp;tipus=i&amp;data=20200805&amp;anyp=2020&amp;num=05412&amp;v=i\">texto \u00edntegro aprobado por BASE-Gesti\u00f3n de Ingresos de la Diputaci\u00f3n de Tarragona<\/a> de agosto del 2020, estableciendo los mismos coeficientes de ponderaci\u00f3n y una escala de coeficientes de situaci\u00f3n.<\/span><\/p>\n<p style=\"text-align: justify;\"><span style=\"color: #000000;\">As\u00ed, ha aprobado inicialmente el anexo a la Ordenanza fiscal reguladora del IAE con la redacci\u00f3n que se detalla a continuaci\u00f3n. Se expondr\u00e1 esta modificaci\u00f3n en el Bolet\u00edn oficial de la provincia de Tarragona, durante un plazo de 30 d\u00edas h\u00e1biles, dentro de los cuales los interesados podr\u00e1n examinarlo y plantear las reclamaciones que estimen oportunas. En caso que no se presenten reclamaciones dentro del plazo establecido, el acuerdo pasar\u00e1 a ser definitivo.<\/span><\/p>\n<p style=\"text-align: justify;\"><span style=\"color: #000000;\">Coeficiente de situaci\u00f3n: el actual es de 2,8 en todo el municipio y ahora se proponen tres categor\u00edas:<\/span><\/p>\n<p style=\"text-align: justify; padding-left: 30px;\"><span style=\"color: #000000;\">1\u00aa categor\u00eda, el \u00edndice actual de 2,8 que corresponde a las actividades que se desarrollan en la zona industrial, en los pol\u00edgonos industriales del municipio: les Planes y Les Planes Baixes. Por tanto, no les cambia nada.<\/span><\/p>\n<p style=\"text-align: justify; padding-left: 30px;\"><span style=\"color: #000000;\">2\u00aa categor\u00eda, con un \u00edndice de 2,7 que corresponde a las actividades que se desarrollan en zonas agr\u00edcolas e industriales aisladas de la trama urbana.<\/span><\/p>\n<p style=\"text-align: justify; padding-left: 30px;\"><span style=\"color: #000000;\">3\u00aa categor\u00eda, con un \u00edndice de 2,6 que corresponde a las actividades que se desarrollan en el n\u00facleo urbano, en l\u2019Ortig\u00f3s o en una de las urbanizaciones del municipio.<\/span><\/p>\n<p style=\"text-align: justify;\"><span style=\"color: #000000;\"><strong>PUNTOS 3 Y 4<\/strong><\/span><\/p>\n<p style=\"text-align: justify;\"><span style=\"color: #000000;\">EL Ayuntamiento ha aprobado y modificado las ordenanzas del Impuesto de construcciones, instalaciones y obras (ICIO) y el Impuesto sobre Bienes Inmuebles (IBI) para incluir bonificaciones para la instalaci\u00f3n de sistemas para el aprovechamiento t\u00e9rmico o el\u00e9ctrico de la energ\u00eda solar. Esta aprobaci\u00f3n se lleva a cabo por los cambios que han tenido lugar desde su aprobaci\u00f3n y fomentar e impulsar la energ\u00eda verde en el municipio.<\/span><\/p>\n<p style=\"text-align: justify;\"><span style=\"color: #000000;\"><strong>3.-Aprobaci\u00f3n y modificaci\u00f3n de la Ordenanza Fiscal Reguladora del IBI. Bonificaci\u00f3n para la instalaci\u00f3n de placas fotovoltaicas y actualizaci\u00f3n de la ordenanza.<\/strong><\/span><\/p>\n<p style=\"text-align: justify;\"><span style=\"color: #000000;\">Se ha aprobado con los votos a favor de Comprom\u00eds amb la Bisbal (5), el PSC (2),Units per la Bisbal \u2013 FIC (1) y la abstenci\u00f3n de Ara la Bisbal (1).<\/span><\/p>\n<p style=\"text-align: justify;\"><span style=\"color: #000000;\">La ordenanza fiscal reguladora del Impuesto sobre Bienes Inmuebles (IBI) vigente hasta el 2020 se aprob\u00f3 en septiembre de 2007 por Pleno y entr\u00f3 en vigor el 1 de enero de 2008. Teniendo en cuenta los cambios producidos desde su aprobaci\u00f3n y con el objetivo de impulsar la energ\u00eda verde, se ha considerado oportuno modificar esta ordenanza fiscal. En este caso se propone la adhesi\u00f3n al <a style=\"color: #000000;\" href=\"https:\/\/www.diputaciodetarragona.cat\/ebop\/index.php?op=dwn&amp;tipus=i&amp;data=20200805&amp;anyp=2020&amp;num=05412&amp;v=i\">texto \u00edntegro que ha aprobado y publicado Base Gesti\u00f3n de Ingresos de la Diputaci\u00f3n de Tarragona<\/a>, atendiendo a criterios de eficiencia y econom\u00eda en la gesti\u00f3n, y aprobar una modificaci\u00f3n para la instalaci\u00f3n de sistemas para el aprovechamiento t\u00e9rmico o el\u00e9ctrico de la energ\u00eda solar. El tipo que se aplicaba hasta ahora no var\u00eda y, por lo tanto, <u>no se sube el IBI. <\/u><\/span><\/p>\n<p style=\"text-align: justify;\"><span style=\"color: #000000;\">Hasta ahora, el Ayuntamiento contaba con las siguientes bonificaciones en la cuota \u00edntegra del IBI:<\/span><\/p>\n<p style=\"text-align: justify; padding-left: 30px;\"><span style=\"color: #000000;\">1.-Bonificaci\u00f3n del 50% en los inmuebles que constituyan el objeto de la actividad de las empresas de urbanizaci\u00f3n, construcci\u00f3n y promoci\u00f3n inmobiliaria, tanto de obra nueva como de rehabilitaci\u00f3n equiparable a la misma, y no figuren entre los bienes de su inmovilizado.<\/span><\/p>\n<p style=\"text-align: justify; padding-left: 30px;\"><span style=\"color: #000000;\">2.-Bonificaci\u00f3n del 50% en las viviendas de r\u00e9gimen de protecci\u00f3n oficial.<\/span><\/p>\n<p style=\"text-align: justify; padding-left: 30px;\"><span style=\"color: #000000;\">3.-Bonificaci\u00f3n del 95% de los bienes r\u00fasticos de las cooperativas agrarias y de explotaci\u00f3n comunitaria del suelo.<\/span><\/p>\n<p style=\"text-align: justify; padding-left: 30px;\"><span style=\"color: #000000;\">4.-Bonificaci\u00f3n del 50% en la vivienda habitual a las familias numerosas.<\/span><\/p>\n<p style=\"text-align: justify;\"><span style=\"color: #000000;\">Las bonificaciones que se han aprobado en este pleno, en relaci\u00f3n con el aprovechamiento de la energ\u00eda solar, son las siguientes:<\/span><\/p>\n<p style=\"text-align: justify;\"><span style=\"color: #000000;\">Bonificaci\u00f3n para la instalaci\u00f3n de sistemas de aprovechamiento t\u00e9rmico u el\u00e9ctrico de la energ\u00eda solar, de acuerdo con el siguiente detalle:<\/span><\/p>\n<p style=\"padding-left: 60px;\"><span style=\"color: #000000;\">a)Del 50% de la cuota \u00edntegra del IBI, de naturaleza urbana o r\u00fastica, en los cuales se hayan instalado sistemas para el aprovechamiento t\u00e9rmico o el\u00e9ctrico de la energ\u00eda procedente del sol, destinados a vivienda, tanto unifamiliar como plurifamiliar.<\/span><\/p>\n<p style=\"padding-left: 60px;\"><span style=\"color: #000000;\">b)Del 30% de la cuota \u00edntegra del IBI, de naturaleza urbana o r\u00fastica, en los cuales se hayan instalado sistemas para el aprovechamiento t\u00e9rmico o el\u00e9ctrico de la energ\u00eda procedente del sol, destinados a otros usos.<\/span><\/p>\n<p style=\"text-align: justify;\"><span style=\"color: #000000;\">Esta modificaci\u00f3n se publicar\u00e1 en el tabl\u00f3n de anuncios del Ayuntamiento y en el BOPT, durante un plazo de treinta d\u00edas h\u00e1biles, dentro de los cuales los interesados podr\u00e1n examinarlo y plantear las reclamaciones que estimen oportunas. En caso que no se presenten reclamaciones al expediente en el plazo indicado, el acuerdo pasar\u00e1 a ser definitivo.<\/span><\/p>\n<p style=\"text-align: justify;\"><span style=\"color: #000000;\"><strong>4-Aprobaci\u00f3n y modificaci\u00f3n de la Ordenanza Fiscal Reguladora del ICIO. Bonificaci\u00f3n por instalar placas fotovoltaicas y actualizaci\u00f3n de la ordenanza.<\/strong><\/span><\/p>\n<p style=\"text-align: justify;\"><span style=\"color: #000000;\">Se ha aprobado con los votos a favor de Comprom\u00eds amb la Bisbal (5), el PSC (2), Units per la Bisbal \u2013 FIC (1) y Ara la Bisbal (1).<\/span><\/p>\n<p style=\"text-align: justify;\"><span style=\"color: #000000;\">El <a style=\"color: #000000;\" href=\"https:\/\/bisbalpenedes.com\/web\/2020\/03\/21\/el-dilluns-16-de-marc-es-va-celebrar-el-ple-ordinari-de-lajuntament-de-la-bisbal-del-penedes\/\">Pleno ordinario del 16 de marzo de 20<\/a>20\u00a0aprob\u00f3 derogar la Ordenanza Fiscal n\u00fam. 23 Reguladora de la tasa para el otorgamiento de licencias urban\u00edsticas.<\/span><\/p>\n<p style=\"text-align: justify;\"><span style=\"color: #000000;\">Ahora, se ha aprobado tambi\u00e9n la adhesi\u00f3n al texto \u00edntegro que ha aprobado y publicado \u2013 en el <a style=\"color: #000000;\" href=\"https:\/\/www.diputaciodetarragona.cat\/ebop\/index.php?op=dwn&amp;tipus=i&amp;data=20200805&amp;anyp=2020&amp;num=05412&amp;v=i\">BOPT del 5 de agosto de 2020- BASE Gesti\u00f3n de Ingresos de la Diputaci\u00f3n de Tarragona<\/a> as\u00ed como su anexo, con las determinaciones espec\u00edficas para el municipio de la Bisbal, teniendo en cuenta criterios de eficiencia y econom\u00eda de la gesti\u00f3n. Tambi\u00e9n se ha aprobado una bonificaci\u00f3n para la instalaci\u00f3n de sistemas de aprovechamiento t\u00e9rmico u el\u00e9ctrico de la energ\u00eda solar, de conformidad con el art\u00edculo 103.2 b) del Real decreto legislativo 2\/2004, del 5 de marzo, por el cual se aprueba el Texto refundido de la Ley reguladora de las haciendas locales.<\/span><\/p>\n<p style=\"text-align: justify;\"><span style=\"color: #000000;\">La bonificaci\u00f3n aprobada es del 50% de la cuota \u00edntegra del ICIO para licencias que incorporen sistemas para el aprovechamiento t\u00e9rmico o el\u00e9ctrico de la energ\u00eda solar. Las instalaciones para la producci\u00f3n de calor tendr\u00e1n que incluir colectores que dispongan de la correspondiente homologaci\u00f3n de la Administraci\u00f3n correspondiente. NO se aplicar\u00e1 la bonificaci\u00f3n cuando la instalaci\u00f3n de los sistemas para el aprovechamiento t\u00e9rmico o el\u00e9ctrico de la energ\u00eda procedente del sol sea obligatoria de acuerdo con la normativa espec\u00edfica.<\/span><\/p>\n<p style=\"text-align: justify;\"><span style=\"color: #000000;\">Esta modificaci\u00f3n se publicar\u00e1 en el tabl\u00f3n de anuncios del Ayuntamiento y en el BOPT durante un plazo de treinta d\u00edas h\u00e1biles dentro de los cuales los interesados podr\u00e1n examinarlo y plantear las reclamaciones que estimen oportunas. En el caso de que no se presentasen reclamaciones en el expediente en el plazo indicado, el acuerdo pasar\u00eda a ser definitivo.<\/span><\/p>\n<p style=\"text-align: justify;\"><span style=\"color: #000000;\"><strong>5-Aprobaci\u00f3n y modificaci\u00f3n de la Ordenanza Fiscal n\u00fam. 12 reguladora de la tasa de recogida de residuos s\u00f3lidos urbanos (modificaci\u00f3n de la Ordenanza de residuos para la urbanizaci\u00f3n Pineda de Santa Cristina).<\/strong><\/span><\/p>\n<p style=\"text-align: justify;\"><span style=\"color: #000000;\">Se ha aprobado con los votos a favor de Comprom\u00eds amb la Bisbal (2), el PSC (2), Units per la Bisbal \u2013 FIC (1) y Ara la Bisbal (1).<\/span><\/p>\n<p style=\"text-align: justify;\"><span style=\"color: #000000;\">La ordenanza reguladora de la tasa de recogida de residuos s\u00f3lidos urbanos que se aplica en la actualidad en la urbanizaci\u00f3n La Pineda de Santa Cristina es la misma que se aplica en todos los otros n\u00facleos de La Bisbal del Pened\u00e8s (fijada en 140\u20ac\/a\u00f1o en el 2020). El Ayuntamiento ha aprobado aplicar la tasa del Ayuntamiento de Rodony\u00e0 ( fijada en 110\u20ac\/a\u00f1o en el 2020), ya que el servicio de recogida de basuras lo lleva a cabo el municipio de Rodony\u00e0 (cabe recordar que una parte de la urbanizaci\u00f3n es del municipio de Rodony\u00e0).<\/span><\/p>\n<p style=\"text-align: justify;\"><span style=\"color: #000000;\">La alcaldesa de la Bisbal del Pened\u00e8s, Agn\u00e8s Ferr\u00e9, ha explicado que antes \u201cla ordenanza distingu\u00eda entre la tasa de recogida de basuras en todo el municipio de La Bisbal del Pened\u00e8s y la tasa aplicada a la urbanizaci\u00f3n La Pineda de Santa Cristina. Esta ordenanza se modific\u00f3 en el Pleno del Ayuntamiento de La Bisbal del Pened\u00e8s en julio de 2012, donde se retir\u00f3 esta distinci\u00f3n y se aplic\u00f3 la misma tasa en todo el municipio. La propuesta que hemos aprobado es distinguir nuevamente la tasa de recogida de basuras de la urbanizaci\u00f3n de La Pineda de Santa Cristina del resto del municipio, aplicando en esta urbanizaci\u00f3n la tasa que establezca el Ayuntamiento de Rodony\u00e0, ya que es quien hace el servicio de recogida de Basuras\u201d. La alcaldesa ha explicado que se prev\u00e9n varios cambios en la recogida de basuras del municipio y, estos, no se llevar\u00e1n a cabo en La Pineda de Santa Cristina porque es otro ayuntamiento el que gestiona la recogida de residuos. Por este motivo ha querido aclarar que la tasa de residuos para el servicio que se har\u00e1 en los otros barrios \u201cno tiene nada que ver con el servicio que el Ayuntamiento de Rodony\u00e0 ofrece en La Pineda de Santa Cristina, por lo que hay que aplicar la tasa aprobada por el Ayuntamiento de Rodony\u00e0\u201d.<\/span><\/p>\n<p style=\"text-align: justify;\"><span style=\"color: #000000;\"><strong>6.-Dar cuenta de una sentencia judicial.<\/strong><\/span><\/p>\n<p style=\"text-align: justify;\"><span style=\"color: #000000;\">Se da cuenta de una sentencia judicial sobre el recurso contencioso administrativo que un ciudadano interpuso al Ayuntamiento reclamando la presunta responsabilidad patrimonial por los da\u00f1os en un accidente de motocicleta, cuando circulaba por la avenida de la Bisbal y se cay\u00f3 cuando pas\u00f3 por encima de un agujero. El 11 de septiembre de 2019 el Juzgado Contencioso Administrativo n\u00fam. 2 de Tarragona dict\u00f3 sentencia y, esta, ya es firme.<\/span><\/p>\n<p style=\"text-align: justify;\"><span style=\"color: #000000;\">En el Pleno se ha dado cuenta de esta Sentencia, se comunicar\u00e1 al Juzgado Contencioso Administrativo n\u00fam. 2 de Tarragona y se trasladar\u00e1 a los Servicios Jur\u00eddicos de la Diputaci\u00f3n de Tarragona, ya que estos han sido los encargados de gestionar la defensa del Ayuntamiento de la Bisbal.<\/span><\/p>\n","protected":false},"excerpt":{"rendered":"<p>Aquest dilluns 26 d\u2019octubre de 2020, a les 9:30h, s\u2019ha celebrat un Ple extraordinari a l\u2019Ajuntament de la Bisbal del Pened\u00e8s. El Ple s\u2019ha fet a porta tancada per poder &hellip; <a href=\"https:\/\/bisbalpenedes.com\/web\/2020\/10\/27\/aquest-dilluns-26-doctubre-de-2020-sha-celebrat-un-ple-extraordinari-a-lajuntament-de-la-bisbal-del-penedes\/\" class=\"more-link\">Read More<\/a><\/p>\n","protected":false},"author":4,"featured_media":15186,"comment_status":"closed","ping_status":"closed","sticky":false,"template":"","format":"standard","meta":[],"categories":[8,2250],"tags":[3679,261,2430,978,4110,4148,4145,4146,139,423,3970,3174,4147],"_links":{"self":[{"href":"https:\/\/bisbalpenedes.com\/web\/wp-json\/wp\/v2\/posts\/15184"}],"collection":[{"href":"https:\/\/bisbalpenedes.com\/web\/wp-json\/wp\/v2\/posts"}],"about":[{"href":"https:\/\/bisbalpenedes.com\/web\/wp-json\/wp\/v2\/types\/post"}],"author":[{"embeddable":true,"href":"https:\/\/bisbalpenedes.com\/web\/wp-json\/wp\/v2\/users\/4"}],"replies":[{"embeddable":true,"href":"https:\/\/bisbalpenedes.com\/web\/wp-json\/wp\/v2\/comments?post=15184"}],"version-history":[{"count":7,"href":"https:\/\/bisbalpenedes.com\/web\/wp-json\/wp\/v2\/posts\/15184\/revisions"}],"predecessor-version":[{"id":15282,"href":"https:\/\/bisbalpenedes.com\/web\/wp-json\/wp\/v2\/posts\/15184\/revisions\/15282"}],"wp:featuredmedia":[{"embeddable":true,"href":"https:\/\/bisbalpenedes.com\/web\/wp-json\/wp\/v2\/media\/15186"}],"wp:attachment":[{"href":"https:\/\/bisbalpenedes.com\/web\/wp-json\/wp\/v2\/media?parent=15184"}],"wp:term":[{"taxonomy":"category","embeddable":true,"href":"https:\/\/bisbalpenedes.com\/web\/wp-json\/wp\/v2\/categories?post=15184"},{"taxonomy":"post_tag","embeddable":true,"href":"https:\/\/bisbalpenedes.com\/web\/wp-json\/wp\/v2\/tags?post=15184"}],"curies":[{"name":"wp","href":"https:\/\/api.w.org\/{rel}","templated":true}]}}