{"id":15170,"date":"2020-10-26T18:42:50","date_gmt":"2020-10-26T16:42:50","guid":{"rendered":"http:\/\/bisbalpenedes.com\/web\/?p=15170"},"modified":"2020-10-26T18:42:50","modified_gmt":"2020-10-26T16:42:50","slug":"ajudem-els-restauradors-a-tirar-endavant-fent-les-nostres-comandes-de-menjar-per-emportar-i-menus","status":"publish","type":"post","link":"https:\/\/bisbalpenedes.com\/web\/2020\/10\/26\/ajudem-els-restauradors-a-tirar-endavant-fent-les-nostres-comandes-de-menjar-per-emportar-i-menus\/","title":{"rendered":"Ajudem els restauradors a tirar endavant fent les nostres comandes de menjar per emportar i men\u00fas!"},"content":{"rendered":"<p style=\"text-align: justify;\"><a href=\"http:\/\/bisbalpenedes.com\/web\/wp-content\/uploads\/2020\/10\/ban_web_emportar.jpg\"><img loading=\"lazy\" class=\"aligncenter size-large wp-image-15169\" src=\"http:\/\/bisbalpenedes.com\/web\/wp-content\/uploads\/2020\/10\/ban_web_emportar-1024x408.jpg\" alt=\"ban_web_emportar\" width=\"630\" height=\"251\" srcset=\"https:\/\/bisbalpenedes.com\/web\/wp-content\/uploads\/2020\/10\/ban_web_emportar-1024x408.jpg 1024w, https:\/\/bisbalpenedes.com\/web\/wp-content\/uploads\/2020\/10\/ban_web_emportar-600x239.jpg 600w, https:\/\/bisbalpenedes.com\/web\/wp-content\/uploads\/2020\/10\/ban_web_emportar-300x120.jpg 300w, https:\/\/bisbalpenedes.com\/web\/wp-content\/uploads\/2020\/10\/ban_web_emportar-768x306.jpg 768w, https:\/\/bisbalpenedes.com\/web\/wp-content\/uploads\/2020\/10\/ban_web_emportar.jpg 1251w\" sizes=\"(max-width: 630px) 100vw, 630px\" \/><\/a><\/p>\n<p style=\"text-align: justify;\"><span style=\"color: #000000;\">Ajudem els bars i restaurants de la Bisbal!<\/span><\/p>\n<p style=\"text-align: justify;\"><span style=\"color: #000000;\">S\u00f3n moments dif\u00edcils per a tots i hi ha col\u00b7lectius del nostre teixit econ\u00f2mic que ho estan passant especialment malament. Aquest \u00e9s el cas del sector de la restauraci\u00f3, que s\u2019est\u00e0 veient especialment afectat per les mesures per contenir la COVID-19.<\/span><\/p>\n<p style=\"text-align: justify;\"><span style=\"color: #000000;\">Ajudem els restauradors a tirar endavant fent les nostres comandes de menjar per emportar i men\u00fas! Trobareu el llistat dels bars i restaurants bisbalencs que ofereixen servei per emportar, aix\u00ed com les seves cartes, a l\u2019enlla\u00e7: <strong><a style=\"color: #000000;\" href=\"http:\/\/bisbalpenedes.com\/web\/emportar\/\">http:\/\/bisbalpenedes.com\/web\/emportar\/<\/a><\/strong><\/span><\/p>\n<p style=\"text-align: justify;\"><span style=\"color: #000000;\">La regidora de Comer\u00e7, Judith Vidal, ha explicat que \u201cen aquests moments de dificultat, el m\u00ednim que podem fer \u00e9s tornar-li a les botigues, els bars i restaurants del nostre municipi all\u00f2 que ells fan sempre per nosaltres i all\u00f2 que, especialment, molts d\u2019ells han fet durant el confinament: oferir-nos un servei personalitzat i de proximitat, en alguns casos amb serveis ampliats, com ara l\u2019entrega a domicili\u201d. Vidal ha afegit que \u201chem d\u2019aconseguir preservar el teixit econ\u00f2mic local. Els pobles s\u00f3n m\u00e9s alegres si tenen comer\u00e7os i establiments diversos en funcionament. Aix\u00f2 dona vida als pobles\u201d i ha afegit \u201cdes d\u2019aqu\u00ed enviem un missatge d\u2019\u00e0nims a totes les persones que formen part d\u2019aquest sector i els convidem a contactar-nos si tenen dubtes, inquietuds, suggeriments per fer-nos, etc. Ens poden trobar a l\u2019Ajuntament, al Whatsapp de l\u2019alcaldessa, o contactar amb nosaltres per correu electr\u00f2nic o per tel\u00e8fon\u201d. La Regidora ha avan\u00e7at que s\u2019estan preparant accions de dinamitzaci\u00f3 del comer\u00e7 local amb la Cambra de Comer\u00e7 de Tarragona sobre les que ben aviat se\u2019n donaran detalls.<\/span><\/p>\n<hr \/>\n<p style=\"text-align: justify;\"><span style=\"color: #000000;\"><strong>CASTELLANO |<\/strong> \u00a1Ayudemos a los bares y restaurantes de la Bisbal!<\/span><\/p>\n<p style=\"text-align: justify;\"><span style=\"color: #000000;\">Son momentos dif\u00edciles para todos y hay colectivos de nuestro tejido econ\u00f3mico que lo est\u00e1n pasando especialmente mal. Este es el caso del sector de la restauraci\u00f3n, que se est\u00e1 viendo especialmente afectado por las medidas para contener la COVID-19.<\/span><\/p>\n<p style=\"text-align: justify;\"><span style=\"color: #000000;\">\u00a1Ayudemos a los restauradores a salir adelante haciendo nuestros pedidos de comida para llevar y men\u00fas! Encontrar\u00e9is el listado de los bares y restaurantes bisbalenses que ofrecen comida para llevar, as\u00ed como sus cartas, en el enlace: <strong><a style=\"color: #000000;\" href=\"http:\/\/bisbalpenedes.com\/web\/emportar\/\">http:\/\/bisbalpenedes.com\/web\/emportar\/<\/a><\/strong><\/span><\/p>\n<p style=\"text-align: justify;\"><span style=\"color: #000000;\">La concejala de Comercio, Judith Vidal, ha explicado que \u201cen estos momentos de dificultad, lo m\u00ednimo que podemos hacer es devolverle a las tiendas, los bares y restaurantes de nuestro municipio aquello que ellos hacen siempre por nosotros y aquello que, especialmente, muchos de ellos han hecho durante el confinamiento: ofrecernos un servicio personalizado y de proximidad, en algunos casos con servicios ampliados, como por ejemplo la entrega a domicilio\u201d. Vidal ha a\u00f1adido que \u201ctenemos que conseguir preservar el tejido econ\u00f3mico local. Los pueblos son m\u00e1s alegres si tienen comercios y establecimientos varios en funcionamiento. Esto da vida a los pueblos\u201d y ha a\u00f1adido \u201cdesde aqu\u00ed mandamos un mensaje de \u00e1nimo a todas las personas que forman parte de este sector y les invitamos a contactar con nosotros si tienen dudas, inquietudes, sugerencias para hacernos, etc. Pueden encontrarnos en el Ayuntamiento, en el Whatsapp de la alcaldesa, o contactar con nosotros por correo electr\u00f3nico o por tel\u00e9fono\u201d. La concejala ha adelantado que se est\u00e1n preparando acciones de dinamizaci\u00f3n del comercio local con la C\u00e1mara de Comercio de Tarragona sobre las que pronto se dar\u00e1n m\u00e1s detalles.<\/span><\/p>\n","protected":false},"excerpt":{"rendered":"<p>Ajudem els bars i restaurants de la Bisbal! S\u00f3n moments dif\u00edcils per a tots i hi ha col\u00b7lectius del nostre teixit econ\u00f2mic que ho estan passant especialment malament. Aquest \u00e9s &hellip; <a href=\"https:\/\/bisbalpenedes.com\/web\/2020\/10\/26\/ajudem-els-restauradors-a-tirar-endavant-fent-les-nostres-comandes-de-menjar-per-emportar-i-menus\/\" class=\"more-link\">Read More<\/a><\/p>\n","protected":false},"author":4,"featured_media":15169,"comment_status":"closed","ping_status":"closed","sticky":false,"template":"","format":"standard","meta":[],"categories":[3860,4095,8],"tags":[4136,4135,3562,4139,329,4137,2512,4134,4138,491,4133,4140,3563,1736],"_links":{"self":[{"href":"https:\/\/bisbalpenedes.com\/web\/wp-json\/wp\/v2\/posts\/15170"}],"collection":[{"href":"https:\/\/bisbalpenedes.com\/web\/wp-json\/wp\/v2\/posts"}],"about":[{"href":"https:\/\/bisbalpenedes.com\/web\/wp-json\/wp\/v2\/types\/post"}],"author":[{"embeddable":true,"href":"https:\/\/bisbalpenedes.com\/web\/wp-json\/wp\/v2\/users\/4"}],"replies":[{"embeddable":true,"href":"https:\/\/bisbalpenedes.com\/web\/wp-json\/wp\/v2\/comments?post=15170"}],"version-history":[{"count":1,"href":"https:\/\/bisbalpenedes.com\/web\/wp-json\/wp\/v2\/posts\/15170\/revisions"}],"predecessor-version":[{"id":15171,"href":"https:\/\/bisbalpenedes.com\/web\/wp-json\/wp\/v2\/posts\/15170\/revisions\/15171"}],"wp:featuredmedia":[{"embeddable":true,"href":"https:\/\/bisbalpenedes.com\/web\/wp-json\/wp\/v2\/media\/15169"}],"wp:attachment":[{"href":"https:\/\/bisbalpenedes.com\/web\/wp-json\/wp\/v2\/media?parent=15170"}],"wp:term":[{"taxonomy":"category","embeddable":true,"href":"https:\/\/bisbalpenedes.com\/web\/wp-json\/wp\/v2\/categories?post=15170"},{"taxonomy":"post_tag","embeddable":true,"href":"https:\/\/bisbalpenedes.com\/web\/wp-json\/wp\/v2\/tags?post=15170"}],"curies":[{"name":"wp","href":"https:\/\/api.w.org\/{rel}","templated":true}]}}