{"id":15147,"date":"2020-10-25T21:35:43","date_gmt":"2020-10-25T19:35:43","guid":{"rendered":"http:\/\/bisbalpenedes.com\/web\/?p=15147"},"modified":"2020-10-25T21:45:53","modified_gmt":"2020-10-25T19:45:53","slug":"model-de-declaracio-autoresponsable-per-a-desplacaments-durant-el-periode-de-confinament-nocturn-de-22h-a-06h","status":"publish","type":"post","link":"https:\/\/bisbalpenedes.com\/web\/2020\/10\/25\/model-de-declaracio-autoresponsable-per-a-desplacaments-durant-el-periode-de-confinament-nocturn-de-22h-a-06h\/","title":{"rendered":"Model de declaraci\u00f3 autoresponsable per a despla\u00e7aments durant el per\u00edode de confinament nocturn (de 22h a 06h)"},"content":{"rendered":"<div class=\"row\">\n<div class=\"col-sm-8 basic_text_peq\">\n<div class=\"pd-15x\">\n<p style=\"text-align: left;\"><span style=\"color: #000000;\">El Departament d&#8217;Interior de la Generalitat de Catalunya posa a la disposici\u00f3 de la ciutadania un model de declaraci\u00f3 autoresponsable per facilitar la comprovaci\u00f3 que un despla\u00e7ament determinat correspon a una activitat autoritzada, en el marc del Pla d&#8217;actuaci\u00f3 del PROCICAT per malalties\u00a0 emergents activat en fase d&#8217;emerg\u00e8ncia-1.<\/span><\/p>\n<p style=\"text-align: left;\"><span style=\"text-decoration: underline;\"><span style=\"color: #000000; text-decoration: underline;\">Enlla\u00e7os al certificat:<\/span><\/span><\/p>\n<\/div>\n<\/div>\n<div class=\"col-sm-4 center-block \" style=\"text-align: justify;\">\n<ul>\n<li class=\"basic_color xar-socials mt_20 groc2 text_negre\" style=\"text-align: left;\"><span style=\"color: #000000;\">Certificat en l\u00ednia:<\/span>\u00a0<a href=\"https:\/\/certificatdes.confinapp.cat\/#\/\" target=\"_blank\">https:\/\/certificatdes.confinapp.cat\/#\/<\/a><\/li>\n<li class=\"basic_color xar-socials mt_20 groc2 text_negre\" style=\"text-align: left;\"><span style=\"color: #000000;\">PDF:<\/span><a href=\"https:\/\/interior.gencat.cat\/web\/.content\/home\/030_arees_dactuacio\/proteccio_civil\/consells_autoproteccio_emergencies\/coronavirus\/Certificat\/certificat_autoresponsable_desplacament.pdf\" target=\"_blank\">https:\/\/interior.gencat.cat\/web\/.content\/home\/030_arees_dactuacio\/proteccio_civil\/consells_autoproteccio_emergencies\/coronavirus\/Certificat\/certificat_autoresponsable_desplacament.pdf<\/a><\/li>\n<li class=\"basic_color xar-socials mt_20 groc2 text_negre\" style=\"text-align: left;\">W<span style=\"color: #000000;\">ord:\u00a0<\/span><a href=\"https:\/\/interior.gencat.cat\/web\/.content\/home\/030_arees_dactuacio\/proteccio_civil\/consells_autoproteccio_emergencies\/coronavirus\/Certificat\/certificat_autoresponsable_desplacament.docx\" target=\"_blank\">https:\/\/interior.gencat.cat\/web\/.content\/home\/030_arees_dactuacio\/proteccio_civil\/consells_autoproteccio_emergencies\/coronavirus\/Certificat\/certificat_autoresponsable_desplacament.docx<\/a><\/li>\n<\/ul>\n<p><strong><span style=\"color: #000000;\">PREGUNTES FREQ\u00dcENTS:<\/span><\/strong><\/p>\n<p><a href=\"http:\/\/bisbalpenedes.com\/web\/wp-content\/uploads\/2020\/10\/FAQs-certificat-autoresponsable-estat-alarma-21032026-15h_page-0001.jpg\"><img loading=\"lazy\" class=\"aligncenter size-large wp-image-15148\" src=\"http:\/\/bisbalpenedes.com\/web\/wp-content\/uploads\/2020\/10\/FAQs-certificat-autoresponsable-estat-alarma-21032026-15h_page-0001-725x1024.jpg\" alt=\"FAQs-certificat-autoresponsable-estat-alarma-21032026-15h_page-0001\" width=\"630\" height=\"890\" srcset=\"https:\/\/bisbalpenedes.com\/web\/wp-content\/uploads\/2020\/10\/FAQs-certificat-autoresponsable-estat-alarma-21032026-15h_page-0001-725x1024.jpg 725w, https:\/\/bisbalpenedes.com\/web\/wp-content\/uploads\/2020\/10\/FAQs-certificat-autoresponsable-estat-alarma-21032026-15h_page-0001-600x848.jpg 600w, https:\/\/bisbalpenedes.com\/web\/wp-content\/uploads\/2020\/10\/FAQs-certificat-autoresponsable-estat-alarma-21032026-15h_page-0001-212x300.jpg 212w, https:\/\/bisbalpenedes.com\/web\/wp-content\/uploads\/2020\/10\/FAQs-certificat-autoresponsable-estat-alarma-21032026-15h_page-0001-768x1085.jpg 768w, https:\/\/bisbalpenedes.com\/web\/wp-content\/uploads\/2020\/10\/FAQs-certificat-autoresponsable-estat-alarma-21032026-15h_page-0001.jpg 1241w\" sizes=\"(max-width: 630px) 100vw, 630px\" \/><\/a> <a href=\"http:\/\/bisbalpenedes.com\/web\/wp-content\/uploads\/2020\/10\/FAQs-certificat-autoresponsable-estat-alarma-21032026-15h_page-0002.jpg\"><img loading=\"lazy\" class=\"aligncenter wp-image-15149 size-large\" src=\"http:\/\/bisbalpenedes.com\/web\/wp-content\/uploads\/2020\/10\/FAQs-certificat-autoresponsable-estat-alarma-21032026-15h_page-0002-725x1024.jpg\" alt=\"FAQs-certificat-autoresponsable-estat-alarma-21032026-15h_page-0002\" width=\"630\" height=\"890\" srcset=\"https:\/\/bisbalpenedes.com\/web\/wp-content\/uploads\/2020\/10\/FAQs-certificat-autoresponsable-estat-alarma-21032026-15h_page-0002-725x1024.jpg 725w, https:\/\/bisbalpenedes.com\/web\/wp-content\/uploads\/2020\/10\/FAQs-certificat-autoresponsable-estat-alarma-21032026-15h_page-0002-600x848.jpg 600w, https:\/\/bisbalpenedes.com\/web\/wp-content\/uploads\/2020\/10\/FAQs-certificat-autoresponsable-estat-alarma-21032026-15h_page-0002-212x300.jpg 212w, https:\/\/bisbalpenedes.com\/web\/wp-content\/uploads\/2020\/10\/FAQs-certificat-autoresponsable-estat-alarma-21032026-15h_page-0002-768x1085.jpg 768w, https:\/\/bisbalpenedes.com\/web\/wp-content\/uploads\/2020\/10\/FAQs-certificat-autoresponsable-estat-alarma-21032026-15h_page-0002.jpg 1241w\" sizes=\"(max-width: 630px) 100vw, 630px\" \/><\/a> <a href=\"http:\/\/bisbalpenedes.com\/web\/wp-content\/uploads\/2020\/10\/FAQs-certificat-autoresponsable-estat-alarma-21032026-15h_page-0003.jpg\"><img loading=\"lazy\" class=\"aligncenter wp-image-15150 size-large\" src=\"http:\/\/bisbalpenedes.com\/web\/wp-content\/uploads\/2020\/10\/FAQs-certificat-autoresponsable-estat-alarma-21032026-15h_page-0003-e1603654109185-1024x448.jpg\" alt=\"FAQs-certificat-autoresponsable-estat-alarma-21032026-15h_page-0003\" width=\"630\" height=\"276\" srcset=\"https:\/\/bisbalpenedes.com\/web\/wp-content\/uploads\/2020\/10\/FAQs-certificat-autoresponsable-estat-alarma-21032026-15h_page-0003-e1603654109185-1024x448.jpg 1024w, https:\/\/bisbalpenedes.com\/web\/wp-content\/uploads\/2020\/10\/FAQs-certificat-autoresponsable-estat-alarma-21032026-15h_page-0003-e1603654109185-600x263.jpg 600w, https:\/\/bisbalpenedes.com\/web\/wp-content\/uploads\/2020\/10\/FAQs-certificat-autoresponsable-estat-alarma-21032026-15h_page-0003-e1603654109185-300x131.jpg 300w, https:\/\/bisbalpenedes.com\/web\/wp-content\/uploads\/2020\/10\/FAQs-certificat-autoresponsable-estat-alarma-21032026-15h_page-0003-e1603654109185-768x336.jpg 768w, https:\/\/bisbalpenedes.com\/web\/wp-content\/uploads\/2020\/10\/FAQs-certificat-autoresponsable-estat-alarma-21032026-15h_page-0003-e1603654109185.jpg 1240w\" sizes=\"(max-width: 630px) 100vw, 630px\" \/><\/a><\/p>\n<ul>\n<li class=\"basic_color xar-socials mt_20 taronja2\">\n<hr \/>\n<\/li>\n<li><span style=\"color: #000000;\"><strong>CASTELLANO |<\/strong> El Departamento de Interior de la Generalitat de Catalunya pone a disposici\u00f3n de la ciudadan\u00eda un modelo de declaraci\u00f3n autoresponsable para facilitar la comprobaci\u00f3n de que un desplazamiento determinado corresponde a una actividad autorizada, en el marco del Plan de actuaci\u00f3n del PROCICAT por enfermedades emergentes activado en fase de emergencia-1.<\/span><\/li>\n<\/ul>\n<\/div>\n<\/div>\n<div class=\"col-sm-4 center-block \" style=\"text-align: justify;\"><\/div>\n<div class=\"col-sm-4 center-block \" style=\"text-align: justify;\"><span style=\"color: #000000;\">Enlaces al certificado:\u00a0<\/span><\/div>\n<ul>\n<li class=\"col-sm-4 center-block \" style=\"text-align: justify;\"><span style=\"color: #000000;\">Certificado en l\u00ednea:<\/span>\u00a0<a href=\"https:\/\/certificatdes.confinapp.cat\/#\/\" target=\"_blank\">https:\/\/certificatdes.confinapp.cat\/#\/<\/a><\/li>\n<li class=\"col-sm-4 center-block \" style=\"text-align: justify;\"><span style=\"color: #000000;\">PDF:<\/span>\u00a0<a href=\"https:\/\/interior.gencat.cat\/web\/.content\/home\/030_arees_dactuacio\/proteccio_civil\/consells_autoproteccio_emergencies\/coronavirus\/Certificat\/certificat_autoresponsable_desplacament_0428_es.pdf\" target=\"_blank\">https:\/\/interior.gencat.cat\/web\/.content\/home\/030_arees_dactuacio\/proteccio_civil\/consells_autoproteccio_emergencies\/coronavirus\/Certificat\/certificat_autoresponsable_desplacament_0428_es.pdf<\/a><\/li>\n<li class=\"col-sm-4 center-block \" style=\"text-align: justify;\"><span style=\"color: #000000;\">Word:<\/span>\u00a0<a href=\"https:\/\/interior.gencat.cat\/web\/.content\/home\/030_arees_dactuacio\/proteccio_civil\/consells_autoproteccio_emergencies\/coronavirus\/Certificat\/certificat_autoresponsable_desplacament_0428_es.docx\" target=\"_blank\">https:\/\/interior.gencat.cat\/web\/.content\/home\/030_arees_dactuacio\/proteccio_civil\/consells_autoproteccio_emergencies\/coronavirus\/Certificat\/certificat_autoresponsable_desplacament_0428_es.docx<\/a><\/li>\n<\/ul>\n<div class=\"col-sm-4 center-block \"><\/div>\n<div class=\"col-sm-4 center-block \"><strong><span style=\"color: #000000;\">PREGUNTAS FRECUENTES:<\/span><\/strong><\/div>\n<div class=\"col-sm-4 center-block \"><\/div>\n<div class=\"col-sm-4 center-block \"><a href=\"http:\/\/bisbalpenedes.com\/web\/wp-content\/uploads\/2020\/10\/FAQs-CAST-certificado-autoresponsable-estado-alarma-21032026-15h__page-0001.jpg\"><img loading=\"lazy\" class=\"aligncenter size-large wp-image-15151\" src=\"http:\/\/bisbalpenedes.com\/web\/wp-content\/uploads\/2020\/10\/FAQs-CAST-certificado-autoresponsable-estado-alarma-21032026-15h__page-0001-725x1024.jpg\" alt=\"FAQs-CAST certificado-autoresponsable-estado-alarma-21032026-15h__page-0001\" width=\"630\" height=\"890\" srcset=\"https:\/\/bisbalpenedes.com\/web\/wp-content\/uploads\/2020\/10\/FAQs-CAST-certificado-autoresponsable-estado-alarma-21032026-15h__page-0001-725x1024.jpg 725w, https:\/\/bisbalpenedes.com\/web\/wp-content\/uploads\/2020\/10\/FAQs-CAST-certificado-autoresponsable-estado-alarma-21032026-15h__page-0001-600x848.jpg 600w, https:\/\/bisbalpenedes.com\/web\/wp-content\/uploads\/2020\/10\/FAQs-CAST-certificado-autoresponsable-estado-alarma-21032026-15h__page-0001-212x300.jpg 212w, https:\/\/bisbalpenedes.com\/web\/wp-content\/uploads\/2020\/10\/FAQs-CAST-certificado-autoresponsable-estado-alarma-21032026-15h__page-0001-768x1085.jpg 768w, https:\/\/bisbalpenedes.com\/web\/wp-content\/uploads\/2020\/10\/FAQs-CAST-certificado-autoresponsable-estado-alarma-21032026-15h__page-0001.jpg 1241w\" sizes=\"(max-width: 630px) 100vw, 630px\" \/><\/a> <a href=\"http:\/\/bisbalpenedes.com\/web\/wp-content\/uploads\/2020\/10\/FAQs-CAST-certificado-autoresponsable-estado-alarma-21032026-15h_page-0002.jpg\"><img loading=\"lazy\" class=\"aligncenter size-large wp-image-15152\" src=\"http:\/\/bisbalpenedes.com\/web\/wp-content\/uploads\/2020\/10\/FAQs-CAST-certificado-autoresponsable-estado-alarma-21032026-15h_page-0002-725x1024.jpg\" alt=\"FAQs-CAST certificado-autoresponsable-estado-alarma-21032026-15h_page-0002\" width=\"630\" height=\"890\" srcset=\"https:\/\/bisbalpenedes.com\/web\/wp-content\/uploads\/2020\/10\/FAQs-CAST-certificado-autoresponsable-estado-alarma-21032026-15h_page-0002-725x1024.jpg 725w, https:\/\/bisbalpenedes.com\/web\/wp-content\/uploads\/2020\/10\/FAQs-CAST-certificado-autoresponsable-estado-alarma-21032026-15h_page-0002-600x848.jpg 600w, https:\/\/bisbalpenedes.com\/web\/wp-content\/uploads\/2020\/10\/FAQs-CAST-certificado-autoresponsable-estado-alarma-21032026-15h_page-0002-212x300.jpg 212w, https:\/\/bisbalpenedes.com\/web\/wp-content\/uploads\/2020\/10\/FAQs-CAST-certificado-autoresponsable-estado-alarma-21032026-15h_page-0002-768x1085.jpg 768w, https:\/\/bisbalpenedes.com\/web\/wp-content\/uploads\/2020\/10\/FAQs-CAST-certificado-autoresponsable-estado-alarma-21032026-15h_page-0002.jpg 1241w\" sizes=\"(max-width: 630px) 100vw, 630px\" \/><\/a> <a href=\"http:\/\/bisbalpenedes.com\/web\/wp-content\/uploads\/2020\/10\/FAQs-CAST-certificado-autoresponsable-estado-alarma-21032026-15h_page-0003.jpg\"><img loading=\"lazy\" class=\"aligncenter wp-image-15153 size-large\" src=\"http:\/\/bisbalpenedes.com\/web\/wp-content\/uploads\/2020\/10\/FAQs-CAST-certificado-autoresponsable-estado-alarma-21032026-15h_page-0003-e1603654136572-1024x398.jpg\" alt=\"FAQs-CAST certificado-autoresponsable-estado-alarma-21032026-15h_page-0003\" width=\"630\" height=\"245\" srcset=\"https:\/\/bisbalpenedes.com\/web\/wp-content\/uploads\/2020\/10\/FAQs-CAST-certificado-autoresponsable-estado-alarma-21032026-15h_page-0003-e1603654136572-1024x398.jpg 1024w, https:\/\/bisbalpenedes.com\/web\/wp-content\/uploads\/2020\/10\/FAQs-CAST-certificado-autoresponsable-estado-alarma-21032026-15h_page-0003-e1603654136572-600x233.jpg 600w, https:\/\/bisbalpenedes.com\/web\/wp-content\/uploads\/2020\/10\/FAQs-CAST-certificado-autoresponsable-estado-alarma-21032026-15h_page-0003-e1603654136572-300x117.jpg 300w, https:\/\/bisbalpenedes.com\/web\/wp-content\/uploads\/2020\/10\/FAQs-CAST-certificado-autoresponsable-estado-alarma-21032026-15h_page-0003-e1603654136572-768x299.jpg 768w, https:\/\/bisbalpenedes.com\/web\/wp-content\/uploads\/2020\/10\/FAQs-CAST-certificado-autoresponsable-estado-alarma-21032026-15h_page-0003-e1603654136572.jpg 1240w\" sizes=\"(max-width: 630px) 100vw, 630px\" \/><\/a><\/div>\n","protected":false},"excerpt":{"rendered":"<p>El Departament d&#8217;Interior de la Generalitat de Catalunya posa a la disposici\u00f3 de la ciutadania un model de declaraci\u00f3 autoresponsable per facilitar la comprovaci\u00f3 que un despla\u00e7ament determinat correspon a &hellip; <a href=\"https:\/\/bisbalpenedes.com\/web\/2020\/10\/25\/model-de-declaracio-autoresponsable-per-a-desplacaments-durant-el-periode-de-confinament-nocturn-de-22h-a-06h\/\" class=\"more-link\">Read More<\/a><\/p>\n","protected":false},"author":4,"featured_media":15148,"comment_status":"closed","ping_status":"closed","sticky":false,"template":"","format":"standard","meta":[],"categories":[3636,8,14],"tags":[3603,4130,4132,3559,4131],"_links":{"self":[{"href":"https:\/\/bisbalpenedes.com\/web\/wp-json\/wp\/v2\/posts\/15147"}],"collection":[{"href":"https:\/\/bisbalpenedes.com\/web\/wp-json\/wp\/v2\/posts"}],"about":[{"href":"https:\/\/bisbalpenedes.com\/web\/wp-json\/wp\/v2\/types\/post"}],"author":[{"embeddable":true,"href":"https:\/\/bisbalpenedes.com\/web\/wp-json\/wp\/v2\/users\/4"}],"replies":[{"embeddable":true,"href":"https:\/\/bisbalpenedes.com\/web\/wp-json\/wp\/v2\/comments?post=15147"}],"version-history":[{"count":5,"href":"https:\/\/bisbalpenedes.com\/web\/wp-json\/wp\/v2\/posts\/15147\/revisions"}],"predecessor-version":[{"id":15158,"href":"https:\/\/bisbalpenedes.com\/web\/wp-json\/wp\/v2\/posts\/15147\/revisions\/15158"}],"wp:featuredmedia":[{"embeddable":true,"href":"https:\/\/bisbalpenedes.com\/web\/wp-json\/wp\/v2\/media\/15148"}],"wp:attachment":[{"href":"https:\/\/bisbalpenedes.com\/web\/wp-json\/wp\/v2\/media?parent=15147"}],"wp:term":[{"taxonomy":"category","embeddable":true,"href":"https:\/\/bisbalpenedes.com\/web\/wp-json\/wp\/v2\/categories?post=15147"},{"taxonomy":"post_tag","embeddable":true,"href":"https:\/\/bisbalpenedes.com\/web\/wp-json\/wp\/v2\/tags?post=15147"}],"curies":[{"name":"wp","href":"https:\/\/api.w.org\/{rel}","templated":true}]}}