{"id":15137,"date":"2020-10-25T19:58:34","date_gmt":"2020-10-25T17:58:34","guid":{"rendered":"http:\/\/bisbalpenedes.com\/web\/?p=15137"},"modified":"2020-10-25T19:58:34","modified_gmt":"2020-10-25T17:58:34","slug":"actualitzacio-noves-mesures-es-decreta-lestat-dalarma-i-esta-previst-el-confinament-nocturn-de-22-a-6h","status":"publish","type":"post","link":"https:\/\/bisbalpenedes.com\/web\/2020\/10\/25\/actualitzacio-noves-mesures-es-decreta-lestat-dalarma-i-esta-previst-el-confinament-nocturn-de-22-a-6h\/","title":{"rendered":"ACTUALITZACI\u00d3 &#8211; Noves mesures: es decreta l&#8217;estat d&#8217;alarma i est\u00e0 previst el confinament nocturn de 22 a 6h"},"content":{"rendered":"<p style=\"text-align: justify;\"><span style=\"color: #000000;\"><span data-offset-key=\"eekog-1-0\"><span data-text=\"true\">Noves mesures per evitar la propagaci\u00f3 de la COVID-19 amb previsi\u00f3 d&#8217;aplicaci\u00f3 avui diumenge 25 d&#8217;octubre. <\/span><\/span><\/span><\/p>\n<p style=\"text-align: justify;\"><span style=\"color: #000000;\"><span data-offset-key=\"eekog-1-0\"><span data-text=\"true\">Avui es dur\u00e0 a terme una roda de premsa des de la Generalitat de Catalunya per explicar les noves mesures del PROCICAT. <\/span><\/span><\/span><\/p>\n<p style=\"text-align: justify;\"><span style=\"color: #000000;\"><span data-offset-key=\"eekog-1-0\"><span data-text=\"true\">Ja s&#8217;ha activat l&#8217;estat d&#8217;alarma perqu\u00e8 ja s&#8217;ha publicat el BOE extraordinari amb el Reial Decret pel qual es declara l&#8217;estat d&#8217;alarma per contenir la propagaci\u00f3 d&#8217;infeccions causades per la SARS-CoV-2, amb vig\u00e8ncia a partir de la seva publicaci\u00f3 al BOE: <\/span><\/span><span class=\"py34i1dx\"><span data-offset-key=\"eekog-2-0\"><span data-text=\"true\"><a style=\"color: #000000;\" href=\"https:\/\/www.boe.es\/boe\/dias\/2020\/10\/25\/pdfs\/BOE-A-2020-12898.pdf\" target=\"_blank\">https:\/\/www.boe.es\/boe\/dias\/2020\/10\/25\/pdfs\/BOE-A-2020-12898.pdf<\/a><\/span><\/span><\/span><span data-offset-key=\"eekog-3-0\"><span data-text=\"true\">\u00a0<\/span><\/span><\/span><\/p>\n<hr \/>\n<p style=\"text-align: justify;\"><span style=\"color: #000000;\"><span data-offset-key=\"eekog-3-0\"><span data-text=\"true\"><strong>CASTELLANO |<\/strong> Nuevas medidas para evitar la propagaci\u00f3n de la COVID-19 con previsi\u00f3n de aplicaci\u00f3n hoy domingo 25 de octubre. <\/span><\/span><\/span><\/p>\n<p style=\"text-align: justify;\"><span style=\"color: #000000;\"><span data-offset-key=\"eekog-3-0\"><span data-text=\"true\">Hoy se llevar\u00e1 a cabo una rueda de prensa desde la Generalitat de Catalunya para explicar las nuevas medidas del PROCICAT. <\/span><\/span><\/span><\/p>\n<p style=\"text-align: justify;\"><span style=\"color: #000000;\"><span data-offset-key=\"eekog-3-0\"><span data-text=\"true\">Ya se ha activado el estado de alarma porque se ha publicado el BOE extraordinario con el Real Decreto por el cual se declara el estado de alarma para contener la propagaci\u00f3n de infecciones causadas por la SARS-CoV-2, con vigencia a partir de su publicaci\u00f3n en el BOE: <\/span><\/span><span class=\"py34i1dx\"><span data-offset-key=\"eekog-4-0\"><span data-text=\"true\"><a style=\"color: #000000;\" href=\"https:\/\/www.boe.es\/boe\/dias\/2020\/10\/25\/pdfs\/BOE-A-2020-12898.pdf\" target=\"_blank\">https:\/\/www.boe.es\/boe\/dias\/2020\/10\/25\/pdfs\/BOE-A-2020-12898.pdf<\/a><\/span><\/span><\/span><\/span><\/p>\n<p><a href=\"http:\/\/bisbalpenedes.com\/web\/wp-content\/uploads\/2020\/10\/confinament-nocturn-a-partir-201025.jpeg\"><img loading=\"lazy\" class=\"aligncenter wp-image-15138 size-large\" src=\"http:\/\/bisbalpenedes.com\/web\/wp-content\/uploads\/2020\/10\/confinament-nocturn-a-partir-201025-724x1024.jpeg\" alt=\"confinament nocturn a partir 201025\" width=\"630\" height=\"891\" srcset=\"https:\/\/bisbalpenedes.com\/web\/wp-content\/uploads\/2020\/10\/confinament-nocturn-a-partir-201025-724x1024.jpeg 724w, https:\/\/bisbalpenedes.com\/web\/wp-content\/uploads\/2020\/10\/confinament-nocturn-a-partir-201025-600x849.jpeg 600w, https:\/\/bisbalpenedes.com\/web\/wp-content\/uploads\/2020\/10\/confinament-nocturn-a-partir-201025-212x300.jpeg 212w, https:\/\/bisbalpenedes.com\/web\/wp-content\/uploads\/2020\/10\/confinament-nocturn-a-partir-201025-768x1086.jpeg 768w, https:\/\/bisbalpenedes.com\/web\/wp-content\/uploads\/2020\/10\/confinament-nocturn-a-partir-201025.jpeg 1131w\" sizes=\"(max-width: 630px) 100vw, 630px\" \/><\/a><\/p>\n<p>&nbsp;<\/p>\n","protected":false},"excerpt":{"rendered":"<p>Noves mesures per evitar la propagaci\u00f3 de la COVID-19 amb previsi\u00f3 d&#8217;aplicaci\u00f3 avui diumenge 25 d&#8217;octubre. Avui es dur\u00e0 a terme una roda de premsa des de la Generalitat de &hellip; <a href=\"https:\/\/bisbalpenedes.com\/web\/2020\/10\/25\/actualitzacio-noves-mesures-es-decreta-lestat-dalarma-i-esta-previst-el-confinament-nocturn-de-22-a-6h\/\" class=\"more-link\">Read More<\/a><\/p>\n","protected":false},"author":4,"featured_media":15138,"comment_status":"closed","ping_status":"closed","sticky":false,"template":"","format":"standard","meta":[],"categories":[1628,3636,4095,8,14],"tags":[4129,3559,3669,82],"_links":{"self":[{"href":"https:\/\/bisbalpenedes.com\/web\/wp-json\/wp\/v2\/posts\/15137"}],"collection":[{"href":"https:\/\/bisbalpenedes.com\/web\/wp-json\/wp\/v2\/posts"}],"about":[{"href":"https:\/\/bisbalpenedes.com\/web\/wp-json\/wp\/v2\/types\/post"}],"author":[{"embeddable":true,"href":"https:\/\/bisbalpenedes.com\/web\/wp-json\/wp\/v2\/users\/4"}],"replies":[{"embeddable":true,"href":"https:\/\/bisbalpenedes.com\/web\/wp-json\/wp\/v2\/comments?post=15137"}],"version-history":[{"count":1,"href":"https:\/\/bisbalpenedes.com\/web\/wp-json\/wp\/v2\/posts\/15137\/revisions"}],"predecessor-version":[{"id":15139,"href":"https:\/\/bisbalpenedes.com\/web\/wp-json\/wp\/v2\/posts\/15137\/revisions\/15139"}],"wp:featuredmedia":[{"embeddable":true,"href":"https:\/\/bisbalpenedes.com\/web\/wp-json\/wp\/v2\/media\/15138"}],"wp:attachment":[{"href":"https:\/\/bisbalpenedes.com\/web\/wp-json\/wp\/v2\/media?parent=15137"}],"wp:term":[{"taxonomy":"category","embeddable":true,"href":"https:\/\/bisbalpenedes.com\/web\/wp-json\/wp\/v2\/categories?post=15137"},{"taxonomy":"post_tag","embeddable":true,"href":"https:\/\/bisbalpenedes.com\/web\/wp-json\/wp\/v2\/tags?post=15137"}],"curies":[{"name":"wp","href":"https:\/\/api.w.org\/{rel}","templated":true}]}}