{"id":15131,"date":"2020-10-25T16:34:02","date_gmt":"2020-10-25T14:34:02","guid":{"rendered":"http:\/\/bisbalpenedes.com\/web\/?p=15131"},"modified":"2020-10-25T16:40:40","modified_gmt":"2020-10-25T14:40:40","slug":"estat-dalarma-i-restriccio-de-la-mobilitat-nocturna-entre-les-22h-i-les-06h","status":"publish","type":"post","link":"https:\/\/bisbalpenedes.com\/web\/2020\/10\/25\/estat-dalarma-i-restriccio-de-la-mobilitat-nocturna-entre-les-22h-i-les-06h\/","title":{"rendered":"Estat d&#8217;alarma i restricci\u00f3 de la mobilitat nocturna entre les 22h i les 06h"},"content":{"rendered":"<p style=\"text-align: justify;\"><a href=\"http:\/\/bisbalpenedes.com\/web\/wp-content\/uploads\/2020\/10\/9BBF76C6-5485-4E58-86D2-8D6AC7D6CFE7.jpeg\"><img loading=\"lazy\" class=\"aligncenter size-medium wp-image-15132\" src=\"http:\/\/bisbalpenedes.com\/web\/wp-content\/uploads\/2020\/10\/9BBF76C6-5485-4E58-86D2-8D6AC7D6CFE7-300x300.jpeg\" alt=\"TOC DE QUEDA\" width=\"300\" height=\"300\" srcset=\"https:\/\/bisbalpenedes.com\/web\/wp-content\/uploads\/2020\/10\/9BBF76C6-5485-4E58-86D2-8D6AC7D6CFE7-300x300.jpeg 300w, https:\/\/bisbalpenedes.com\/web\/wp-content\/uploads\/2020\/10\/9BBF76C6-5485-4E58-86D2-8D6AC7D6CFE7-100x100.jpeg 100w, https:\/\/bisbalpenedes.com\/web\/wp-content\/uploads\/2020\/10\/9BBF76C6-5485-4E58-86D2-8D6AC7D6CFE7-600x600.jpeg 600w, https:\/\/bisbalpenedes.com\/web\/wp-content\/uploads\/2020\/10\/9BBF76C6-5485-4E58-86D2-8D6AC7D6CFE7-150x150.jpeg 150w, https:\/\/bisbalpenedes.com\/web\/wp-content\/uploads\/2020\/10\/9BBF76C6-5485-4E58-86D2-8D6AC7D6CFE7-768x768.jpeg 768w, https:\/\/bisbalpenedes.com\/web\/wp-content\/uploads\/2020\/10\/9BBF76C6-5485-4E58-86D2-8D6AC7D6CFE7-1024x1024.jpeg 1024w, https:\/\/bisbalpenedes.com\/web\/wp-content\/uploads\/2020\/10\/9BBF76C6-5485-4E58-86D2-8D6AC7D6CFE7.jpeg 1440w\" sizes=\"(max-width: 300px) 100vw, 300px\" \/><\/a><\/p>\n<p style=\"text-align: justify;\"><span style=\"color: #000000;\">El Departament de Salut de la Generalitat de Catalunya ha informat que &#8220;des d\u2019avui entrar\u00e0 en vigor la restricci\u00f3 de mobilitat nocturna entre les 22.00h i les 06.00h. Els establiments oberts al p\u00fablic hauran de tancar a les 21.00h&#8221;. Tamb\u00e9 ha explicat que &#8220;el govern catal\u00e0 contempla excepcions, especialment referides a permetre els despla\u00e7aments de tornada a casa, que es comunicaran a la roda de premsa posterior al PROCICAT&#8221;.<\/span><\/p>\n<p style=\"text-align: justify;\"><span style=\"color: #000000;\">El president del Govern espanyol, Pedro S\u00e1nchez, ha comparegut p\u00fablicament per explicar que el Consell de Ministres decreta l&#8217;estat d&#8217;alarma i que la setmana vinent se sol\u00b7licitar\u00e0 al Congr\u00e9s la seva extensi\u00f3 per un termini de 6 mesos.<\/span><\/p>\n<p style=\"text-align: justify;\"><span style=\"color: #000000;\">Com sempre, us anirem informant de tot all\u00f2 que tingui a veure amb les mesures aprovades en el marc de la pand\u00e8mia de Covid-19 a trav\u00e9s de les vies oficials de l&#8217;Ajuntament de la Bisbal del Pened\u00e8s.<\/span><\/p>\n<hr \/>\n<p style=\"text-align: justify;\"><span style=\"color: #000000;\"><strong>CASTELLANO |<\/strong> El Departamento de Salud de la Generalitat de Catalunya ha informado de que &#8220;desde hoy entrar\u00e1 en vigor la restricci\u00f3n de movilidad nocturna entre las 22.00h y las 06.00h. Los establecimientos abiertos al p\u00fablico tendr\u00e1n que cerrar a las 21.00h&#8221;. Tambi\u00e9n ha explicado que &#8220;el gobierno catal\u00e1n contempla excepciones, especialmente referidas a permitir los desplazamientos de vuelta a casa, que se comunicar\u00e1n en la rueda de prensa posterior del PROCICAT&#8221;.<\/span><\/p>\n<p style=\"text-align: justify;\"><span style=\"color: #000000;\">El presidente del Gobierno espa\u00f1ol, Pedro S\u00e1nchez, ha comparecido p\u00fablicamente para explicar que el Consejo de Ministros decreta el estado de alarma y que la semana que viene se solicitar\u00e1 al Congreso su extensi\u00f3n por un plazo de 6 meses.<\/span><\/p>\n<p style=\"text-align: justify;\"><span style=\"color: #000000;\">Como siempre, os iremos informando de todo aquello que tenga que ver con las medidas aprobadas en el marco de la pandemia de Covid-19 a trav\u00e9s de las v\u00edas oficiales del Ayuntamiento de la Bisbal del Pened\u00e8s<\/span>.<\/p>\n","protected":false},"excerpt":{"rendered":"<p>El Departament de Salut de la Generalitat de Catalunya ha informat que &#8220;des d\u2019avui entrar\u00e0 en vigor la restricci\u00f3 de mobilitat nocturna entre les 22.00h i les 06.00h. Els establiments &hellip; <a href=\"https:\/\/bisbalpenedes.com\/web\/2020\/10\/25\/estat-dalarma-i-restriccio-de-la-mobilitat-nocturna-entre-les-22h-i-les-06h\/\" class=\"more-link\">Read More<\/a><\/p>\n","protected":false},"author":4,"featured_media":15132,"comment_status":"closed","ping_status":"closed","sticky":false,"template":"","format":"standard","meta":[],"categories":[4095,8,14],"tags":[3550,3559,4128,82,3664],"_links":{"self":[{"href":"https:\/\/bisbalpenedes.com\/web\/wp-json\/wp\/v2\/posts\/15131"}],"collection":[{"href":"https:\/\/bisbalpenedes.com\/web\/wp-json\/wp\/v2\/posts"}],"about":[{"href":"https:\/\/bisbalpenedes.com\/web\/wp-json\/wp\/v2\/types\/post"}],"author":[{"embeddable":true,"href":"https:\/\/bisbalpenedes.com\/web\/wp-json\/wp\/v2\/users\/4"}],"replies":[{"embeddable":true,"href":"https:\/\/bisbalpenedes.com\/web\/wp-json\/wp\/v2\/comments?post=15131"}],"version-history":[{"count":2,"href":"https:\/\/bisbalpenedes.com\/web\/wp-json\/wp\/v2\/posts\/15131\/revisions"}],"predecessor-version":[{"id":15134,"href":"https:\/\/bisbalpenedes.com\/web\/wp-json\/wp\/v2\/posts\/15131\/revisions\/15134"}],"wp:featuredmedia":[{"embeddable":true,"href":"https:\/\/bisbalpenedes.com\/web\/wp-json\/wp\/v2\/media\/15132"}],"wp:attachment":[{"href":"https:\/\/bisbalpenedes.com\/web\/wp-json\/wp\/v2\/media?parent=15131"}],"wp:term":[{"taxonomy":"category","embeddable":true,"href":"https:\/\/bisbalpenedes.com\/web\/wp-json\/wp\/v2\/categories?post=15131"},{"taxonomy":"post_tag","embeddable":true,"href":"https:\/\/bisbalpenedes.com\/web\/wp-json\/wp\/v2\/tags?post=15131"}],"curies":[{"name":"wp","href":"https:\/\/api.w.org\/{rel}","templated":true}]}}