{"id":15042,"date":"2020-10-24T09:00:09","date_gmt":"2020-10-24T07:00:09","guid":{"rendered":"http:\/\/bisbalpenedes.com\/web\/?p=15042"},"modified":"2020-10-23T21:55:55","modified_gmt":"2020-10-23T19:55:55","slug":"lajuntament-i-la-cambra-de-comerc-de-tarragona-estan-treballant-per-dur-a-terme-diverses-accions-de-formacio-i-dinamitzacio-adrecades-al-teixit-economic-al-municipi","status":"publish","type":"post","link":"https:\/\/bisbalpenedes.com\/web\/2020\/10\/24\/lajuntament-i-la-cambra-de-comerc-de-tarragona-estan-treballant-per-dur-a-terme-diverses-accions-de-formacio-i-dinamitzacio-adrecades-al-teixit-economic-al-municipi\/","title":{"rendered":"L&#8217;Ajuntament i la Cambra de Comer\u00e7 de Tarragona estan treballant per dur a terme diverses accions de formaci\u00f3 i dinamitzaci\u00f3 adre\u00e7ades al teixit econ\u00f2mic al municipi"},"content":{"rendered":"<div class=\"\" data-block=\"true\" data-editor=\"vsot\" data-offset-key=\"5pc07-0-0\">\n<div class=\"_1mf _1mj\" style=\"text-align: justify;\" data-offset-key=\"5pc07-0-0\"><a href=\"http:\/\/bisbalpenedes.com\/web\/wp-content\/uploads\/2020\/10\/REUNIO-CAMBRA-TGN-201023.jpeg\"><img loading=\"lazy\" class=\"aligncenter wp-image-15043 size-large\" src=\"http:\/\/bisbalpenedes.com\/web\/wp-content\/uploads\/2020\/10\/REUNIO-CAMBRA-TGN-201023-1024x768.jpeg\" alt=\"REUNIO CAMBRA TGN 201023\" width=\"630\" height=\"473\" srcset=\"https:\/\/bisbalpenedes.com\/web\/wp-content\/uploads\/2020\/10\/REUNIO-CAMBRA-TGN-201023.jpeg 1024w, https:\/\/bisbalpenedes.com\/web\/wp-content\/uploads\/2020\/10\/REUNIO-CAMBRA-TGN-201023-600x450.jpeg 600w, https:\/\/bisbalpenedes.com\/web\/wp-content\/uploads\/2020\/10\/REUNIO-CAMBRA-TGN-201023-300x225.jpeg 300w, https:\/\/bisbalpenedes.com\/web\/wp-content\/uploads\/2020\/10\/REUNIO-CAMBRA-TGN-201023-768x576.jpeg 768w\" sizes=\"(max-width: 630px) 100vw, 630px\" \/><\/a><\/div>\n<div class=\"_1mf _1mj\" style=\"text-align: justify;\" data-offset-key=\"5pc07-0-0\"><\/div>\n<div class=\"_1mf _1mj\" style=\"text-align: justify;\" data-offset-key=\"5pc07-0-0\"><span style=\"color: #000000;\"><span data-offset-key=\"5pc07-0-0\"><span data-text=\"true\">L<\/span><\/span><\/span><span style=\"color: #000000;\"><span data-offset-key=\"5pc07-0-0\"><span data-text=\"true\">\u2019alcaldessa de la Bisbal del Pened\u00e8s, Agn\u00e8s Ferr\u00e9, i la regidora de Comer\u00e7, Judith Vidal, van reunir-se ahir amb el Jordi C\u00e1ceres, director de Projectes i Competitivitat de la <\/span><\/span><span class=\"_247o\" spellcheck=\"false\" data-offset-key=\"5pc07-1-0\"><span data-offset-key=\"5pc07-1-0\"><span data-text=\"true\">Cambra de Tarragona<\/span><\/span><\/span><span data-offset-key=\"5pc07-2-0\"><span data-text=\"true\">. Ambdues institucions estan treballant per dur a terme diverses accions de formaci\u00f3 i dinamitzaci\u00f3 adre\u00e7ades al teixit econ\u00f2mic al municipi.<\/span><\/span><\/span><\/div>\n<\/div>\n<div class=\"\" style=\"text-align: justify;\" data-block=\"true\" data-editor=\"vsot\" data-offset-key=\"1la3m-0-0\">\n<div class=\"_1mf _1mj\" data-offset-key=\"1la3m-0-0\"><span style=\"color: #000000;\" data-offset-key=\"1la3m-0-0\">\u00a0<\/span><\/div>\n<\/div>\n<div class=\"\" style=\"text-align: justify;\" data-block=\"true\" data-editor=\"vsot\" data-offset-key=\"a1gi5-0-0\">\n<div class=\"_1mf _1mj\" data-offset-key=\"a1gi5-0-0\">\n<hr \/>\n<p><span style=\"color: #000000;\" data-offset-key=\"a1gi5-0-0\"><span data-text=\"true\"><br \/>\n<\/span><\/span><\/p>\n<\/div>\n<\/div>\n<div class=\"\" data-block=\"true\" data-editor=\"vsot\" data-offset-key=\"bhna2-0-0\">\n<div class=\"_1mf _1mj\" style=\"text-align: justify;\" data-offset-key=\"bhna2-0-0\"><span style=\"color: #000000;\"><strong>CASTELLANO |<\/strong> La alcaldesa de la Bisbal del Pened\u00e8s, Agn\u00e8s Ferr\u00e9, y la concejala de Comercio, Judith Vidal, se reunieron ayer con Jordi C\u00e1ceres, el director de Proyectos y Competitividad de la C\u00e1mara de Comercio de Tarragona. Ambas instituciones est\u00e1n trabajando para llevar a cabo acciones de formaci\u00f3n y dinamizaci\u00f3n dirigidas al tejido econ\u00f3mico del municipio.<\/span><\/div>\n<\/div>\n","protected":false},"excerpt":{"rendered":"<p>L\u2019alcaldessa de la Bisbal del Pened\u00e8s, Agn\u00e8s Ferr\u00e9, i la regidora de Comer\u00e7, Judith Vidal, van reunir-se ahir amb el Jordi C\u00e1ceres, director de Projectes i Competitivitat de la Cambra &hellip; <a href=\"https:\/\/bisbalpenedes.com\/web\/2020\/10\/24\/lajuntament-i-la-cambra-de-comerc-de-tarragona-estan-treballant-per-dur-a-terme-diverses-accions-de-formacio-i-dinamitzacio-adrecades-al-teixit-economic-al-municipi\/\" class=\"more-link\">Read More<\/a><\/p>\n","protected":false},"author":4,"featured_media":15043,"comment_status":"closed","ping_status":"closed","sticky":false,"template":"","format":"standard","meta":[],"categories":[3860,8,9],"tags":[3678,1151,1251,4081,4127,329,1359,2512,982],"_links":{"self":[{"href":"https:\/\/bisbalpenedes.com\/web\/wp-json\/wp\/v2\/posts\/15042"}],"collection":[{"href":"https:\/\/bisbalpenedes.com\/web\/wp-json\/wp\/v2\/posts"}],"about":[{"href":"https:\/\/bisbalpenedes.com\/web\/wp-json\/wp\/v2\/types\/post"}],"author":[{"embeddable":true,"href":"https:\/\/bisbalpenedes.com\/web\/wp-json\/wp\/v2\/users\/4"}],"replies":[{"embeddable":true,"href":"https:\/\/bisbalpenedes.com\/web\/wp-json\/wp\/v2\/comments?post=15042"}],"version-history":[{"count":2,"href":"https:\/\/bisbalpenedes.com\/web\/wp-json\/wp\/v2\/posts\/15042\/revisions"}],"predecessor-version":[{"id":15045,"href":"https:\/\/bisbalpenedes.com\/web\/wp-json\/wp\/v2\/posts\/15042\/revisions\/15045"}],"wp:featuredmedia":[{"embeddable":true,"href":"https:\/\/bisbalpenedes.com\/web\/wp-json\/wp\/v2\/media\/15043"}],"wp:attachment":[{"href":"https:\/\/bisbalpenedes.com\/web\/wp-json\/wp\/v2\/media?parent=15042"}],"wp:term":[{"taxonomy":"category","embeddable":true,"href":"https:\/\/bisbalpenedes.com\/web\/wp-json\/wp\/v2\/categories?post=15042"},{"taxonomy":"post_tag","embeddable":true,"href":"https:\/\/bisbalpenedes.com\/web\/wp-json\/wp\/v2\/tags?post=15042"}],"curies":[{"name":"wp","href":"https:\/\/api.w.org\/{rel}","templated":true}]}}