{"id":1503,"date":"2016-03-15T17:51:38","date_gmt":"2016-03-15T11:51:38","guid":{"rendered":"http:\/\/bisbalpenedes.com\/web\/?p=1503"},"modified":"2016-03-15T17:59:05","modified_gmt":"2016-03-15T11:59:05","slug":"subvencions-2016-xec-nado","status":"publish","type":"post","link":"https:\/\/bisbalpenedes.com\/web\/2016\/03\/15\/subvencions-2016-xec-nado\/","title":{"rendered":"Subvencions 2016, Xec Nad\u00f3"},"content":{"rendered":"<p>Mitjan\u00e7ant resoluci\u00f3 de la Junta de Govern Local de data 2 de mar\u00e7 de 2016, s\u2019acorda efectuar la convocat\u00f2ria per a la concessi\u00f3 condicionada a l\u2019exist\u00e8ncia de cr\u00e8dit adequat i sufi cient de subvencions a la natalitat i adopci\u00f3:<br \/>\n<strong><br \/>\n&#8211; El termini de presentaci\u00f3 de les sol.licituds \u00e9s del 16 de mar\u00e7 a l&#8217;11 d&#8217;abril de 2016, ambd\u00f3s inclosos<\/strong><\/p>\n<p>&#8211; Enlla\u00e7 a la <a title=\"Publicaci\u00f3 al BOP de Tarragona\" href=\"https:\/\/www.dipta.cat\/ebop\/index.php?op=anunci&#038;id=2269&#038;ebop_any=2016\" target=\"_blank\">Publicaci\u00f3 al BOP de Tarragona<\/a><\/p>\n<p>&#8211; Descarregar el<a href='http:\/\/bisbalpenedes.com\/web\/wp-content\/uploads\/2016\/03\/xecnado.pdf'>PDF de les Bases de la subvenci\u00f3 per al xec nad\u00f3<\/a> en catal\u00e0 i castell\u00e0<\/p>\n<p><a href=\"http:\/\/bisbalpenedes.com\/web\/wp-content\/uploads\/2016\/03\/cap_subv_xecnado.jpg\"><img loading=\"lazy\" src=\"http:\/\/bisbalpenedes.com\/web\/wp-content\/uploads\/2016\/03\/cap_subv_xecnado.jpg\" alt=\"\" title=\"cap_subv_xecnado\" width=\"1000\" height=\"669\" class=\"alignleft size-full wp-image-1505\" srcset=\"https:\/\/bisbalpenedes.com\/web\/wp-content\/uploads\/2016\/03\/cap_subv_xecnado.jpg 1000w, https:\/\/bisbalpenedes.com\/web\/wp-content\/uploads\/2016\/03\/cap_subv_xecnado-600x401.jpg 600w, https:\/\/bisbalpenedes.com\/web\/wp-content\/uploads\/2016\/03\/cap_subv_xecnado-300x200.jpg 300w\" sizes=\"(max-width: 1000px) 100vw, 1000px\" \/><\/a><\/p>\n","protected":false},"excerpt":{"rendered":"<p>Mitjan\u00e7ant resoluci\u00f3 de la Junta de Govern Local de data 2 de mar\u00e7 de 2016, s\u2019acorda efectuar la convocat\u00f2ria per a la concessi\u00f3 condicionada a l\u2019exist\u00e8ncia de cr\u00e8dit adequat i &hellip; <a href=\"https:\/\/bisbalpenedes.com\/web\/2016\/03\/15\/subvencions-2016-xec-nado\/\" class=\"more-link\">Read More<\/a><\/p>\n","protected":false},"author":1,"featured_media":1505,"comment_status":"closed","ping_status":"open","sticky":false,"template":"","format":"standard","meta":[],"categories":[8],"tags":[165,102,164],"_links":{"self":[{"href":"https:\/\/bisbalpenedes.com\/web\/wp-json\/wp\/v2\/posts\/1503"}],"collection":[{"href":"https:\/\/bisbalpenedes.com\/web\/wp-json\/wp\/v2\/posts"}],"about":[{"href":"https:\/\/bisbalpenedes.com\/web\/wp-json\/wp\/v2\/types\/post"}],"author":[{"embeddable":true,"href":"https:\/\/bisbalpenedes.com\/web\/wp-json\/wp\/v2\/users\/1"}],"replies":[{"embeddable":true,"href":"https:\/\/bisbalpenedes.com\/web\/wp-json\/wp\/v2\/comments?post=1503"}],"version-history":[{"count":4,"href":"https:\/\/bisbalpenedes.com\/web\/wp-json\/wp\/v2\/posts\/1503\/revisions"}],"predecessor-version":[{"id":1510,"href":"https:\/\/bisbalpenedes.com\/web\/wp-json\/wp\/v2\/posts\/1503\/revisions\/1510"}],"wp:featuredmedia":[{"embeddable":true,"href":"https:\/\/bisbalpenedes.com\/web\/wp-json\/wp\/v2\/media\/1505"}],"wp:attachment":[{"href":"https:\/\/bisbalpenedes.com\/web\/wp-json\/wp\/v2\/media?parent=1503"}],"wp:term":[{"taxonomy":"category","embeddable":true,"href":"https:\/\/bisbalpenedes.com\/web\/wp-json\/wp\/v2\/categories?post=1503"},{"taxonomy":"post_tag","embeddable":true,"href":"https:\/\/bisbalpenedes.com\/web\/wp-json\/wp\/v2\/tags?post=1503"}],"curies":[{"name":"wp","href":"https:\/\/api.w.org\/{rel}","templated":true}]}}