{"id":15027,"date":"2020-10-23T18:59:11","date_gmt":"2020-10-23T16:59:11","guid":{"rendered":"http:\/\/bisbalpenedes.com\/web\/?p=15027"},"modified":"2020-10-23T18:59:26","modified_gmt":"2020-10-23T16:59:26","slug":"horari-del-cementiri-municipal-amb-motiu-de-la-festivitat-de-tots-sants-2","status":"publish","type":"post","link":"https:\/\/bisbalpenedes.com\/web\/2020\/10\/23\/horari-del-cementiri-municipal-amb-motiu-de-la-festivitat-de-tots-sants-2\/","title":{"rendered":"Horari del cementiri municipal amb motiu de la festivitat de Tots Sants"},"content":{"rendered":"<p><a href=\"http:\/\/bisbalpenedes.com\/web\/wp-content\/uploads\/2020\/10\/RECOMANACIONS-CEMENTIRI.jpeg\"><img loading=\"lazy\" class=\"aligncenter size-large wp-image-15029\" src=\"http:\/\/bisbalpenedes.com\/web\/wp-content\/uploads\/2020\/10\/RECOMANACIONS-CEMENTIRI-1024x1024.jpeg\" alt=\"RECOMANACIONS CEMENTIRI\" width=\"630\" height=\"630\" srcset=\"https:\/\/bisbalpenedes.com\/web\/wp-content\/uploads\/2020\/10\/RECOMANACIONS-CEMENTIRI-1024x1024.jpeg 1024w, https:\/\/bisbalpenedes.com\/web\/wp-content\/uploads\/2020\/10\/RECOMANACIONS-CEMENTIRI-300x300.jpeg 300w, https:\/\/bisbalpenedes.com\/web\/wp-content\/uploads\/2020\/10\/RECOMANACIONS-CEMENTIRI-100x100.jpeg 100w, https:\/\/bisbalpenedes.com\/web\/wp-content\/uploads\/2020\/10\/RECOMANACIONS-CEMENTIRI-600x600.jpeg 600w, https:\/\/bisbalpenedes.com\/web\/wp-content\/uploads\/2020\/10\/RECOMANACIONS-CEMENTIRI-150x150.jpeg 150w, https:\/\/bisbalpenedes.com\/web\/wp-content\/uploads\/2020\/10\/RECOMANACIONS-CEMENTIRI-768x768.jpeg 768w, https:\/\/bisbalpenedes.com\/web\/wp-content\/uploads\/2020\/10\/RECOMANACIONS-CEMENTIRI.jpeg 1080w\" sizes=\"(max-width: 630px) 100vw, 630px\" \/><\/a><\/p>\n<p><span style=\"color: #000000;\">Us informem que l\u2019horari de cementiri municipal, amb motiu de Tots Sants, ser\u00e0 el seg\u00fcent:<\/span><\/p>\n<p><span style=\"color: #000000;\"><strong>De 8 a 20h entre el 24 d\u2019octubre i el 8 de novembre.<\/strong><\/span><\/p>\n<p><span style=\"color: #000000;\"><strong>IMPORTANT:<\/strong>\u00a0Amb motiu de la Covid-19 haureu de seguir diverses mesures que estaran indicades al cementiri. Algunes d&#8217;elles s\u00f3n:<\/span><\/p>\n<p style=\"padding-left: 30px;\"><span style=\"color: #000000;\">-Ser\u00e0 obligatori l\u2019\u00fas de la mascareta.<\/span><\/p>\n<p style=\"padding-left: 30px;\"><span style=\"color: #000000;\">-Caldr\u00e0 fer \u00fas del gel hidroalcoh\u00f2lic (n\u2019hi haur\u00e0 a l\u2019entrada i la sortida).<\/span><\/p>\n<p style=\"padding-left: 30px;\"><span style=\"color: #000000;\">-S\u2019haur\u00e0 de respectar la dist\u00e0ncia de seguretat amb altres persones d\u20191,5 metres.<\/span><\/p>\n<p style=\"padding-left: 30px;\"><span style=\"color: #000000;\">-Caldr\u00e0 respectar el recorregut marcat amb entrada i sortida diferenciades.<\/span><\/p>\n<p style=\"padding-left: 30px;\"><span style=\"color: #000000;\">-L\u2019estada m\u00e0xima al cementiri ser\u00e0 de 45 minuts.<\/span><\/p>\n<p><span style=\"color: #000000;\">L\u2019Ajuntament de la Bisbal del Pened\u00e8s dur\u00e0 a terme la neteja i desinfecci\u00f3 del cementiri com marca la normativa.<\/span><\/p>\n<p>&nbsp;<\/p>\n<hr \/>\n<p><span style=\"color: #000000;\"><strong>CASTELLANO |<\/strong>\u00a0Os informamos que el horario del cementerio municipal, con motivo de Todos los Santos, ser\u00e1 el siguiente:<\/span><\/p>\n<p><span style=\"color: #000000;\">De 8 a 20h entre el 24 de octubre y el 8 de noviembre.<\/span><\/p>\n<p><span style=\"color: #000000;\"><strong>IMPORTANTE:<\/strong>\u00a0Con motivo de la Covid-19 tendr\u00e9is que seguir las medidas que estar\u00e1n indicadas en el cementerio. Algunas de ellas son:<\/span><\/p>\n<p style=\"padding-left: 30px;\"><span style=\"color: #000000;\">-Ser\u00e1 obligatorio el uso de la mascarilla.<\/span><\/p>\n<p style=\"padding-left: 30px;\"><span style=\"color: #000000;\">-Habr\u00e1 que hacer uso del gel hidroalcoh\u00f3lico (habr\u00e1 en la entrada y en la salida).<\/span><\/p>\n<p style=\"padding-left: 30px;\"><span style=\"color: #000000;\">-Se tendr\u00e1 que respetar la distancia de seguridad con otras personas de 1,5 metros.<\/span><\/p>\n<p style=\"padding-left: 30px;\"><span style=\"color: #000000;\">-Habr\u00e1 que respetar el recorrido marcado con la entrada y la salida diferenciadas.<\/span><\/p>\n<p style=\"padding-left: 30px;\"><span style=\"color: #000000;\">-La estancia m\u00e1xima en el cementerio ser\u00e1 de 45 minutos.<\/span><\/p>\n<p><span style=\"color: #000000;\">El Ayuntamiento de la Bisbal del Pened\u00e8s llevar\u00e1 a cabo la limpieza y desinfecci\u00f3n del cementerio tal como marca la normativa.<\/span><\/p>\n","protected":false},"excerpt":{"rendered":"<p>Us informem que l\u2019horari de cementiri municipal, amb motiu de Tots Sants, ser\u00e0 el seg\u00fcent: De 8 a 20h entre el 24 d\u2019octubre i el 8 de novembre. IMPORTANT:\u00a0Amb motiu &hellip; <a href=\"https:\/\/bisbalpenedes.com\/web\/2020\/10\/23\/horari-del-cementiri-municipal-amb-motiu-de-la-festivitat-de-tots-sants-2\/\" class=\"more-link\">Read More<\/a><\/p>\n","protected":false},"author":4,"featured_media":15029,"comment_status":"closed","ping_status":"closed","sticky":false,"template":"","format":"standard","meta":[],"categories":[3636,8,14],"tags":[107,4123,3559,4124],"_links":{"self":[{"href":"https:\/\/bisbalpenedes.com\/web\/wp-json\/wp\/v2\/posts\/15027"}],"collection":[{"href":"https:\/\/bisbalpenedes.com\/web\/wp-json\/wp\/v2\/posts"}],"about":[{"href":"https:\/\/bisbalpenedes.com\/web\/wp-json\/wp\/v2\/types\/post"}],"author":[{"embeddable":true,"href":"https:\/\/bisbalpenedes.com\/web\/wp-json\/wp\/v2\/users\/4"}],"replies":[{"embeddable":true,"href":"https:\/\/bisbalpenedes.com\/web\/wp-json\/wp\/v2\/comments?post=15027"}],"version-history":[{"count":2,"href":"https:\/\/bisbalpenedes.com\/web\/wp-json\/wp\/v2\/posts\/15027\/revisions"}],"predecessor-version":[{"id":15032,"href":"https:\/\/bisbalpenedes.com\/web\/wp-json\/wp\/v2\/posts\/15027\/revisions\/15032"}],"wp:featuredmedia":[{"embeddable":true,"href":"https:\/\/bisbalpenedes.com\/web\/wp-json\/wp\/v2\/media\/15029"}],"wp:attachment":[{"href":"https:\/\/bisbalpenedes.com\/web\/wp-json\/wp\/v2\/media?parent=15027"}],"wp:term":[{"taxonomy":"category","embeddable":true,"href":"https:\/\/bisbalpenedes.com\/web\/wp-json\/wp\/v2\/categories?post=15027"},{"taxonomy":"post_tag","embeddable":true,"href":"https:\/\/bisbalpenedes.com\/web\/wp-json\/wp\/v2\/tags?post=15027"}],"curies":[{"name":"wp","href":"https:\/\/api.w.org\/{rel}","templated":true}]}}