{"id":15025,"date":"2020-10-23T08:24:20","date_gmt":"2020-10-23T06:24:20","guid":{"rendered":"http:\/\/bisbalpenedes.com\/web\/?p=15025"},"modified":"2020-10-23T08:25:14","modified_gmt":"2020-10-23T06:25:14","slug":"sincorpora-un-increment-retributiu-del-2-a-les-nomines-del-personal-de-lajuntament","status":"publish","type":"post","link":"https:\/\/bisbalpenedes.com\/web\/2020\/10\/23\/sincorpora-un-increment-retributiu-del-2-a-les-nomines-del-personal-de-lajuntament\/","title":{"rendered":"S\u2019incorpora un increment retributiu del 2% a les n\u00f2mines del personal de l\u2019Ajuntament"},"content":{"rendered":"<p style=\"text-align: center;\"><a href=\"http:\/\/bisbalpenedes.com\/web\/wp-content\/uploads\/2020\/09\/ENTRADA-AJUNTAMENT-COVID-19.jpg\"><img loading=\"lazy\" class=\"alignnone size-medium wp-image-14717\" src=\"http:\/\/bisbalpenedes.com\/web\/wp-content\/uploads\/2020\/09\/ENTRADA-AJUNTAMENT-COVID-19-300x225.jpg\" alt=\"ENTRADA AJUNTAMENT COVID-19\" width=\"300\" height=\"225\" srcset=\"https:\/\/bisbalpenedes.com\/web\/wp-content\/uploads\/2020\/09\/ENTRADA-AJUNTAMENT-COVID-19-300x225.jpg 300w, https:\/\/bisbalpenedes.com\/web\/wp-content\/uploads\/2020\/09\/ENTRADA-AJUNTAMENT-COVID-19-600x450.jpg 600w, https:\/\/bisbalpenedes.com\/web\/wp-content\/uploads\/2020\/09\/ENTRADA-AJUNTAMENT-COVID-19-768x576.jpg 768w, https:\/\/bisbalpenedes.com\/web\/wp-content\/uploads\/2020\/09\/ENTRADA-AJUNTAMENT-COVID-19-1024x768.jpg 1024w\" sizes=\"(max-width: 300px) 100vw, 300px\" \/><\/a><\/p>\n<p style=\"text-align: justify;\"><span style=\"color: #000000;\">L\u2019alcaldessa de la Bisbal del Pened\u00e8s, Agn\u00e8s Ferr\u00e9, ha signat un Decret d\u2019alcaldia aquest dijous 22 d\u2019octubre per incorporar un increment retributiu d\u2019un 2% a les n\u00f2mines del 2020 del personal de l\u2019Ajuntament de la Bisbal del Pened\u00e8s.<\/span><\/p>\n<p style=\"text-align: justify;\"><span style=\"color: #000000;\">El Reial Decret Llei 2\/2020, del 21 de gener de 2020, pel qual s\u2019aproven mesures urgents en mat\u00e8ria de retribucions en l\u2019\u00e0mbit del sector p\u00fablic, habilitava amb car\u00e0cter b\u00e0sic per a totes les administracions un increment retributiu de fins a un m\u00e0xim del 2% respecte de l\u2019exercici 2019. Aquest octubre les n\u00f2mines del personal funcionari i el personal laboral ja veuran incorporat aquest increment retributiu de forma retroactiva, des del mes de gener i fins al mes d\u2019octubre de 2020, el que suposa un total d\u201911.512,65\u20ac. A partir del mes de novembre, la n\u00f2mina ja incorporar\u00e0 l\u2019increment del 2% del mes en curs. L\u2019alcaldessa Agn\u00e8s Ferr\u00e9 ha explicat que \u201cel passat 1 d\u2019octubre els representants dels treballadors funcionaris i laborals van ser informats d\u2019aquest pagament en el transcurs d\u2019una reuni\u00f3 de la mesa de negociaci\u00f3\u201d.<\/span><\/p>\n<hr \/>\n<p style=\"text-align: justify;\"><span style=\"color: #000000;\"><strong>CASTELLANO |<\/strong> La alcaldesa de la Bisbal del Pened\u00e8s, Agn\u00e8s Ferr\u00e9, ha firmado un Decreto de alcald\u00eda este jueves 2 de octubre para incorporar un incremento retributivo de un 2% en las n\u00f3minas del a\u00f1o 2020 del personal del Ayuntamiento de la Bisbal del Pened\u00e8s.<\/span><\/p>\n<p style=\"text-align: justify;\"><span style=\"color: #000000;\">El Real Decreto Ley 2\/2020, del 21 de enero de 2020, por el cual se aprueban medidas urgentes en materia de retribuciones en el \u00e1mbito del sector p\u00fablico, habilitaba con car\u00e1cter b\u00e1sico para todas las administraciones un incremento retributivo de hasta un m\u00e1ximo del 2% respecto al ejercicio 2029. Este octubre las n\u00f3minas del personal funcionario y el personal laboral ya ver\u00e1n incorporado este incremento retributivo de forma retroactiva, desde el mes de enero y hasta el mes de octubre de 2020, lo que supone un total de 11.512,65\u20ac. A partir del mes de noviembre, la n\u00f3mina ya incorporar\u00e1 el incremento del 2% del mes en curso. La alcaldesa Agn\u00e8s Ferr\u00e9 ha explicado que \u201cel pasado 1 de octubre se inform\u00f3 a los representantes de los trabajadores funcionarios y laborales de este pago durante el transcurso de una reuni\u00f3n de la mesa de negociaci\u00f3n\u201d.<\/span><\/p>\n","protected":false},"excerpt":{"rendered":"<p>L\u2019alcaldessa de la Bisbal del Pened\u00e8s, Agn\u00e8s Ferr\u00e9, ha signat un Decret d\u2019alcaldia aquest dijous 22 d\u2019octubre per incorporar un increment retributiu d\u2019un 2% a les n\u00f2mines del 2020 del &hellip; <a href=\"https:\/\/bisbalpenedes.com\/web\/2020\/10\/23\/sincorpora-un-increment-retributiu-del-2-a-les-nomines-del-personal-de-lajuntament\/\" class=\"more-link\">Read More<\/a><\/p>\n","protected":false},"author":4,"featured_media":14717,"comment_status":"closed","ping_status":"closed","sticky":false,"template":"","format":"standard","meta":[],"categories":[2402,2057,8],"tags":[2866,4122,1137,2548],"_links":{"self":[{"href":"https:\/\/bisbalpenedes.com\/web\/wp-json\/wp\/v2\/posts\/15025"}],"collection":[{"href":"https:\/\/bisbalpenedes.com\/web\/wp-json\/wp\/v2\/posts"}],"about":[{"href":"https:\/\/bisbalpenedes.com\/web\/wp-json\/wp\/v2\/types\/post"}],"author":[{"embeddable":true,"href":"https:\/\/bisbalpenedes.com\/web\/wp-json\/wp\/v2\/users\/4"}],"replies":[{"embeddable":true,"href":"https:\/\/bisbalpenedes.com\/web\/wp-json\/wp\/v2\/comments?post=15025"}],"version-history":[{"count":1,"href":"https:\/\/bisbalpenedes.com\/web\/wp-json\/wp\/v2\/posts\/15025\/revisions"}],"predecessor-version":[{"id":15026,"href":"https:\/\/bisbalpenedes.com\/web\/wp-json\/wp\/v2\/posts\/15025\/revisions\/15026"}],"wp:featuredmedia":[{"embeddable":true,"href":"https:\/\/bisbalpenedes.com\/web\/wp-json\/wp\/v2\/media\/14717"}],"wp:attachment":[{"href":"https:\/\/bisbalpenedes.com\/web\/wp-json\/wp\/v2\/media?parent=15025"}],"wp:term":[{"taxonomy":"category","embeddable":true,"href":"https:\/\/bisbalpenedes.com\/web\/wp-json\/wp\/v2\/categories?post=15025"},{"taxonomy":"post_tag","embeddable":true,"href":"https:\/\/bisbalpenedes.com\/web\/wp-json\/wp\/v2\/tags?post=15025"}],"curies":[{"name":"wp","href":"https:\/\/api.w.org\/{rel}","templated":true}]}}