{"id":15014,"date":"2020-10-22T12:54:33","date_gmt":"2020-10-22T10:54:33","guid":{"rendered":"http:\/\/bisbalpenedes.com\/web\/?p=15014"},"modified":"2020-10-22T13:05:03","modified_gmt":"2020-10-22T11:05:03","slug":"informacio-sobre-la-campanya-de-vacunacio-antigripal","status":"publish","type":"post","link":"https:\/\/bisbalpenedes.com\/web\/2020\/10\/22\/informacio-sobre-la-campanya-de-vacunacio-antigripal\/","title":{"rendered":"Informaci\u00f3 sobre la campanya de vacunaci\u00f3 antigripal"},"content":{"rendered":"<p style=\"text-align: center;\"><a href=\"http:\/\/bisbalpenedes.com\/web\/wp-content\/uploads\/2020\/10\/portada-vacuna-grip.jpeg\"><img loading=\"lazy\" class=\"alignnone size-large wp-image-15022\" src=\"http:\/\/bisbalpenedes.com\/web\/wp-content\/uploads\/2020\/10\/portada-vacuna-grip-1024x576.jpeg\" alt=\"portada vacuna grip\" width=\"630\" height=\"354\" srcset=\"https:\/\/bisbalpenedes.com\/web\/wp-content\/uploads\/2020\/10\/portada-vacuna-grip-1024x576.jpeg 1024w, https:\/\/bisbalpenedes.com\/web\/wp-content\/uploads\/2020\/10\/portada-vacuna-grip-600x338.jpeg 600w, https:\/\/bisbalpenedes.com\/web\/wp-content\/uploads\/2020\/10\/portada-vacuna-grip-300x169.jpeg 300w, https:\/\/bisbalpenedes.com\/web\/wp-content\/uploads\/2020\/10\/portada-vacuna-grip-768x432.jpeg 768w, https:\/\/bisbalpenedes.com\/web\/wp-content\/uploads\/2020\/10\/portada-vacuna-grip.jpeg 1920w\" sizes=\"(max-width: 630px) 100vw, 630px\" \/><\/a><\/p>\n<p style=\"text-align: justify;\"><span style=\"color: #000000;\">Ja ha comen\u00e7at la campanya de vacunaci\u00f3 antigripal estacional que, cada any, impulsa l\u2019Ag\u00e8ncia de Salut P\u00fablica de Catalunya i que s\u2019adre\u00e7a a les persones que tenen un alt risc de complicacions si pateixen la grip i tamb\u00e9 a les persones o grups que la podrien transmetre a persones en situaci\u00f3 d\u2019alt risc, com ara els professionals de la salut o els cuidadors i les cuidadores.<\/span><\/p>\n<p style=\"text-align: justify;\"><span style=\"color: #000000;\">Per vacunar-vos de la grip podeu demanar hora directament trucant al tel\u00e8fon del consultori 977 68 87 24 o escrivint un correu electr\u00f2nic a <a style=\"color: #000000;\" href=\"mailto:consultavendrell@xarxatecla.cat\">consultavendrell@xarxatecla.cat<\/a>.<\/span><\/p>\n<p style=\"text-align: justify;\"><span style=\"color: #000000;\">Us adjuntem un enlla\u00e7 amb m\u00e9s informaci\u00f3:\u00a0<a href=\"https:\/\/canalsalut.gencat.cat\/web\/.content\/_Actualitat\/Reportatges\/a-lhivern-cap-fred\/faqs-vacunacio-grip.pdf\" target=\"_blank\">https:\/\/canalsalut.gencat.cat\/web\/.content\/_Actualitat\/Reportatges\/a-lhivern-cap-fred\/faqs-vacunacio-grip.pdf<\/a><\/span><\/p>\n<p style=\"text-align: justify;\">Horari del consultori m\u00e8dic de la Bisbal:\u00a0<a href=\"https:\/\/bisbalpenedes.com\/web\/2020\/09\/30\/nou-horari-del-consultori-medic-de-la-bisbal-del-penedes-atencio-presencial-nomes-amb-cita-previa\/\" target=\"_blank\">https:\/\/bisbalpenedes.com\/web\/2020\/09\/30\/nou-horari-del-consultori-medic-de-la-bisbal-del-penedes-atencio-presencial-nomes-amb-cita-previa\/<\/a><\/p>\n<hr \/>\n<p style=\"text-align: justify;\"><span style=\"color: #000000;\"><strong>CASTELLANO |<\/strong> Ya ha empezado la campa\u00f1a de vacunaci\u00f3n antigripal estacional que, cada a\u00f1o, impulsa la Agencia de Salud P\u00fablica de Catalunya y que se dirige a las personas que tienen un alto riesgo de complicaciones si sufren la gripe y tambi\u00e9n a las personas o grupos que la podr\u00edan transmitir a personas en situaci\u00f3n de alto riego, como por ejemplo los profesionales de la salud o los cuidadores y las cuidadoras.<\/span><\/p>\n<p style=\"text-align: justify;\"><span style=\"color: #000000;\">Para vacunaros de la gripe pod\u00e9is pedir hora directamente llamando al tel\u00e9fono del consultorio 977 68 87 24 o pod\u00e9is escribir un correo electr\u00f3nico a <a style=\"color: #000000;\" href=\"mailto:consultavendrell@xarxatecla.cat\">consultavendrell@xarxatecla.cat<\/a>.<\/span><\/p>\n<p style=\"text-align: justify;\"><span style=\"color: #000000;\">Os adjuntamos un enlace con m\u00e1s informaci\u00f3n:\u00a0<a href=\"https:\/\/canalsalut.gencat.cat\/web\/.content\/_Actualitat\/Reportatges\/a-lhivern-cap-fred\/faqs-vacunacio-grip.pdf\" target=\"_blank\">https:\/\/canalsalut.gencat.cat\/web\/.content\/_Actualitat\/Reportatges\/a-lhivern-cap-fred\/faqs-vacunacio-grip.pdf<\/a>\u00a0<\/span><\/p>\n<p style=\"text-align: justify;\">Horario del consultorio m\u00e9dico de la Bisbal:\u00a0<a href=\"https:\/\/bisbalpenedes.com\/web\/2020\/09\/30\/nou-horari-del-consultori-medic-de-la-bisbal-del-penedes-atencio-presencial-nomes-amb-cita-previa\/\" target=\"_blank\">https:\/\/bisbalpenedes.com\/web\/2020\/09\/30\/nou-horari-del-consultori-medic-de-la-bisbal-del-penedes-atencio-presencial-nomes-amb-cita-previa\/<\/a><\/p>\n<p style=\"text-align: justify;\"><a href=\"http:\/\/bisbalpenedes.com\/web\/wp-content\/uploads\/2020\/10\/faqs-vacunacio-grip_page-0001.jpg\"><img loading=\"lazy\" class=\"aligncenter wp-image-15015 size-full\" src=\"http:\/\/bisbalpenedes.com\/web\/wp-content\/uploads\/2020\/10\/faqs-vacunacio-grip_page-0001.jpg\" alt=\"faqs-vacunacio-grip_page-0001\" width=\"1241\" height=\"1754\" srcset=\"https:\/\/bisbalpenedes.com\/web\/wp-content\/uploads\/2020\/10\/faqs-vacunacio-grip_page-0001.jpg 1241w, https:\/\/bisbalpenedes.com\/web\/wp-content\/uploads\/2020\/10\/faqs-vacunacio-grip_page-0001-600x848.jpg 600w, https:\/\/bisbalpenedes.com\/web\/wp-content\/uploads\/2020\/10\/faqs-vacunacio-grip_page-0001-212x300.jpg 212w, https:\/\/bisbalpenedes.com\/web\/wp-content\/uploads\/2020\/10\/faqs-vacunacio-grip_page-0001-768x1085.jpg 768w, https:\/\/bisbalpenedes.com\/web\/wp-content\/uploads\/2020\/10\/faqs-vacunacio-grip_page-0001-725x1024.jpg 725w\" sizes=\"(max-width: 1241px) 100vw, 1241px\" \/><\/a><\/p>\n<p style=\"text-align: justify;\"><a href=\"http:\/\/bisbalpenedes.com\/web\/wp-content\/uploads\/2020\/10\/faqs-vacunacio-grip_page-0002.jpg\"><img loading=\"lazy\" class=\"aligncenter wp-image-15016 size-full\" src=\"http:\/\/bisbalpenedes.com\/web\/wp-content\/uploads\/2020\/10\/faqs-vacunacio-grip_page-0002.jpg\" alt=\"faqs-vacunacio-grip_page-0002\" width=\"1241\" height=\"1754\" srcset=\"https:\/\/bisbalpenedes.com\/web\/wp-content\/uploads\/2020\/10\/faqs-vacunacio-grip_page-0002.jpg 1241w, https:\/\/bisbalpenedes.com\/web\/wp-content\/uploads\/2020\/10\/faqs-vacunacio-grip_page-0002-600x848.jpg 600w, https:\/\/bisbalpenedes.com\/web\/wp-content\/uploads\/2020\/10\/faqs-vacunacio-grip_page-0002-212x300.jpg 212w, https:\/\/bisbalpenedes.com\/web\/wp-content\/uploads\/2020\/10\/faqs-vacunacio-grip_page-0002-768x1085.jpg 768w, https:\/\/bisbalpenedes.com\/web\/wp-content\/uploads\/2020\/10\/faqs-vacunacio-grip_page-0002-725x1024.jpg 725w\" sizes=\"(max-width: 1241px) 100vw, 1241px\" \/><\/a><\/p>\n<p style=\"text-align: justify;\"><a href=\"http:\/\/bisbalpenedes.com\/web\/wp-content\/uploads\/2020\/10\/faqs-vacunacio-grip_page-0003.jpg\"><img loading=\"lazy\" class=\"aligncenter size-full wp-image-15017\" src=\"http:\/\/bisbalpenedes.com\/web\/wp-content\/uploads\/2020\/10\/faqs-vacunacio-grip_page-0003.jpg\" alt=\"faqs-vacunacio-grip_page-0003\" width=\"1241\" height=\"1754\" srcset=\"https:\/\/bisbalpenedes.com\/web\/wp-content\/uploads\/2020\/10\/faqs-vacunacio-grip_page-0003.jpg 1241w, https:\/\/bisbalpenedes.com\/web\/wp-content\/uploads\/2020\/10\/faqs-vacunacio-grip_page-0003-600x848.jpg 600w, https:\/\/bisbalpenedes.com\/web\/wp-content\/uploads\/2020\/10\/faqs-vacunacio-grip_page-0003-212x300.jpg 212w, https:\/\/bisbalpenedes.com\/web\/wp-content\/uploads\/2020\/10\/faqs-vacunacio-grip_page-0003-768x1085.jpg 768w, https:\/\/bisbalpenedes.com\/web\/wp-content\/uploads\/2020\/10\/faqs-vacunacio-grip_page-0003-725x1024.jpg 725w\" sizes=\"(max-width: 1241px) 100vw, 1241px\" \/><\/a><\/p>\n<p style=\"text-align: justify;\"><a href=\"http:\/\/bisbalpenedes.com\/web\/wp-content\/uploads\/2020\/10\/faqs-vacunacio-grip_page-0004.jpg\"><img loading=\"lazy\" class=\"aligncenter wp-image-15018 size-full\" src=\"http:\/\/bisbalpenedes.com\/web\/wp-content\/uploads\/2020\/10\/faqs-vacunacio-grip_page-0004.jpg\" alt=\"faqs-vacunacio-grip_page-0004\" width=\"1241\" height=\"1754\" srcset=\"https:\/\/bisbalpenedes.com\/web\/wp-content\/uploads\/2020\/10\/faqs-vacunacio-grip_page-0004.jpg 1241w, https:\/\/bisbalpenedes.com\/web\/wp-content\/uploads\/2020\/10\/faqs-vacunacio-grip_page-0004-600x848.jpg 600w, https:\/\/bisbalpenedes.com\/web\/wp-content\/uploads\/2020\/10\/faqs-vacunacio-grip_page-0004-212x300.jpg 212w, https:\/\/bisbalpenedes.com\/web\/wp-content\/uploads\/2020\/10\/faqs-vacunacio-grip_page-0004-768x1085.jpg 768w, https:\/\/bisbalpenedes.com\/web\/wp-content\/uploads\/2020\/10\/faqs-vacunacio-grip_page-0004-725x1024.jpg 725w\" sizes=\"(max-width: 1241px) 100vw, 1241px\" \/><\/a><\/p>\n","protected":false},"excerpt":{"rendered":"<p>Ja ha comen\u00e7at la campanya de vacunaci\u00f3 antigripal estacional que, cada any, impulsa l\u2019Ag\u00e8ncia de Salut P\u00fablica de Catalunya i que s\u2019adre\u00e7a a les persones que tenen un alt risc &hellip; <a href=\"https:\/\/bisbalpenedes.com\/web\/2020\/10\/22\/informacio-sobre-la-campanya-de-vacunacio-antigripal\/\" class=\"more-link\">Read More<\/a><\/p>\n","protected":false},"author":4,"featured_media":15022,"comment_status":"closed","ping_status":"closed","sticky":false,"template":"","format":"standard","meta":[],"categories":[8,14],"tags":[4120,438,4119,431,4121],"_links":{"self":[{"href":"https:\/\/bisbalpenedes.com\/web\/wp-json\/wp\/v2\/posts\/15014"}],"collection":[{"href":"https:\/\/bisbalpenedes.com\/web\/wp-json\/wp\/v2\/posts"}],"about":[{"href":"https:\/\/bisbalpenedes.com\/web\/wp-json\/wp\/v2\/types\/post"}],"author":[{"embeddable":true,"href":"https:\/\/bisbalpenedes.com\/web\/wp-json\/wp\/v2\/users\/4"}],"replies":[{"embeddable":true,"href":"https:\/\/bisbalpenedes.com\/web\/wp-json\/wp\/v2\/comments?post=15014"}],"version-history":[{"count":4,"href":"https:\/\/bisbalpenedes.com\/web\/wp-json\/wp\/v2\/posts\/15014\/revisions"}],"predecessor-version":[{"id":15024,"href":"https:\/\/bisbalpenedes.com\/web\/wp-json\/wp\/v2\/posts\/15014\/revisions\/15024"}],"wp:featuredmedia":[{"embeddable":true,"href":"https:\/\/bisbalpenedes.com\/web\/wp-json\/wp\/v2\/media\/15022"}],"wp:attachment":[{"href":"https:\/\/bisbalpenedes.com\/web\/wp-json\/wp\/v2\/media?parent=15014"}],"wp:term":[{"taxonomy":"category","embeddable":true,"href":"https:\/\/bisbalpenedes.com\/web\/wp-json\/wp\/v2\/categories?post=15014"},{"taxonomy":"post_tag","embeddable":true,"href":"https:\/\/bisbalpenedes.com\/web\/wp-json\/wp\/v2\/tags?post=15014"}],"curies":[{"name":"wp","href":"https:\/\/api.w.org\/{rel}","templated":true}]}}