{"id":15,"date":"2012-09-21T06:39:29","date_gmt":"2012-09-21T00:39:29","guid":{"rendered":"http:\/\/bisbalpenedes.com\/web\/?p=15"},"modified":"2012-10-26T21:22:42","modified_gmt":"2012-10-26T15:22:42","slug":"risc-dincendis-forestals","status":"publish","type":"post","link":"https:\/\/bisbalpenedes.com\/web\/2012\/09\/21\/risc-dincendis-forestals\/","title":{"rendered":"Risc d&#8217;incendis forestals"},"content":{"rendered":"<p>L&#8217;AJUNTAMENT DE LA BISBAL DEL PENED\u00c8S AVISA DEL M\u00c0XIM RISC D&#8217;INCENDIS FORESTALS<\/p>\n<p>ELS PROPERS DIES 12,13,14 I 15 DE SETEMBRE, degut a les fortes r\u00e0fegues de vent<\/p>\n<p>previstes pel servei metereol\u00f2gic.<\/p>\n<p>Us demanem que prengueu totes les mesures<\/p>\n<p>adient<\/p>\n<p>&nbsp;<\/p>\n<p>PER A INCID\u00c8NCIES MUNICIPALS 678595959<\/p>\n<p>PER A EMERG\u00c8NCIES<\/p>\n<p>112<\/p>\n<p>&nbsp;<\/p>\n","protected":false},"excerpt":{"rendered":"<p>L&#8217;AJUNTAMENT DE LA BISBAL DEL PENED\u00c8S AVISA DEL M\u00c0XIM RISC D&#8217;INCENDIS FORESTALS ELS PROPERS DIES 12,13,14 I 15 DE SETEMBRE, degut a les fortes r\u00e0fegues de vent previstes pel servei &hellip; <a href=\"https:\/\/bisbalpenedes.com\/web\/2012\/09\/21\/risc-dincendis-forestals\/\" class=\"more-link\">Read More<\/a><\/p>\n","protected":false},"author":1,"featured_media":226,"comment_status":"closed","ping_status":"open","sticky":false,"template":"","format":"standard","meta":[],"categories":[4,32],"tags":[],"_links":{"self":[{"href":"https:\/\/bisbalpenedes.com\/web\/wp-json\/wp\/v2\/posts\/15"}],"collection":[{"href":"https:\/\/bisbalpenedes.com\/web\/wp-json\/wp\/v2\/posts"}],"about":[{"href":"https:\/\/bisbalpenedes.com\/web\/wp-json\/wp\/v2\/types\/post"}],"author":[{"embeddable":true,"href":"https:\/\/bisbalpenedes.com\/web\/wp-json\/wp\/v2\/users\/1"}],"replies":[{"embeddable":true,"href":"https:\/\/bisbalpenedes.com\/web\/wp-json\/wp\/v2\/comments?post=15"}],"version-history":[{"count":7,"href":"https:\/\/bisbalpenedes.com\/web\/wp-json\/wp\/v2\/posts\/15\/revisions"}],"predecessor-version":[{"id":286,"href":"https:\/\/bisbalpenedes.com\/web\/wp-json\/wp\/v2\/posts\/15\/revisions\/286"}],"wp:featuredmedia":[{"embeddable":true,"href":"https:\/\/bisbalpenedes.com\/web\/wp-json\/wp\/v2\/media\/226"}],"wp:attachment":[{"href":"https:\/\/bisbalpenedes.com\/web\/wp-json\/wp\/v2\/media?parent=15"}],"wp:term":[{"taxonomy":"category","embeddable":true,"href":"https:\/\/bisbalpenedes.com\/web\/wp-json\/wp\/v2\/categories?post=15"},{"taxonomy":"post_tag","embeddable":true,"href":"https:\/\/bisbalpenedes.com\/web\/wp-json\/wp\/v2\/tags?post=15"}],"curies":[{"name":"wp","href":"https:\/\/api.w.org\/{rel}","templated":true}]}}