{"id":1499,"date":"2016-03-15T17:48:20","date_gmt":"2016-03-15T11:48:20","guid":{"rendered":"http:\/\/bisbalpenedes.com\/web\/?p=1499"},"modified":"2016-03-22T14:53:12","modified_gmt":"2016-03-22T08:53:12","slug":"subvencions-2016-subvencio-per-a-persones-desocupades-que-sestableixin-com-a-autonoms","status":"publish","type":"post","link":"https:\/\/bisbalpenedes.com\/web\/2016\/03\/15\/subvencions-2016-subvencio-per-a-persones-desocupades-que-sestableixin-com-a-autonoms\/","title":{"rendered":"Subvencions 2016, subvenci\u00f3 per a persones desocupades que s&#8217;estableixin com a aut\u00f2noms"},"content":{"rendered":"<p>Mitjan\u00e7ant resoluci\u00f3 de la Junta de Govern Local de data 17 de febrer de 2016, s\u2019acorda efectuar la convocat\u00f2ria per a la concessi\u00f3 condicionada a l\u2019exist\u00e8ncia de cr\u00e8dit adequat i suficient de subvencions a les persones desocupades que s\u2019estableixin com a aut\u00f2nomes per a la posada en marxa d\u2019una activitat econ\u00f2mica:<br \/>\n<strong><br \/>\n&#8211; El termini de presentaci\u00f3 de les sol.licituds \u00e9s del 16 al 30 de mar\u00e7 de 2016, ambd\u00f3s inclosos<\/strong><\/p>\n<p>&#8211; Enlla\u00e7 a la <a title=\"Publicaci\u00f3 al BOP de Tarragona\" href=\"https:\/\/www.dipta.cat\/ebop\/index.php?op=anunci&#038;id=2266&#038;ebop_any=2016\" target=\"_blank\">Publicaci\u00f3 al BOP de Tarragona<\/a><\/p>\n<p>&#8211; Descarregar el <a href='http:\/\/bisbalpenedes.com\/web\/wp-content\/uploads\/2016\/03\/autonoms.pdf'>PDF de les Bases de la subvenci\u00f3 per a aut\u00f2noms<\/a> en catal\u00e0 i castell\u00e0<\/p>\n<p><a href=\"http:\/\/bisbalpenedes.com\/web\/wp-content\/uploads\/2016\/03\/cap_subv_autonoms.jpg\"><img loading=\"lazy\" src=\"http:\/\/bisbalpenedes.com\/web\/wp-content\/uploads\/2016\/03\/cap_subv_autonoms.jpg\" alt=\"\" title=\"cap_subv_autonoms\" width=\"1000\" height=\"669\" class=\"alignleft size-full wp-image-1501\" srcset=\"https:\/\/bisbalpenedes.com\/web\/wp-content\/uploads\/2016\/03\/cap_subv_autonoms.jpg 1000w, https:\/\/bisbalpenedes.com\/web\/wp-content\/uploads\/2016\/03\/cap_subv_autonoms-600x401.jpg 600w, https:\/\/bisbalpenedes.com\/web\/wp-content\/uploads\/2016\/03\/cap_subv_autonoms-300x200.jpg 300w\" sizes=\"(max-width: 1000px) 100vw, 1000px\" \/><\/a><\/p>\n","protected":false},"excerpt":{"rendered":"<p>Mitjan\u00e7ant resoluci\u00f3 de la Junta de Govern Local de data 17 de febrer de 2016, s\u2019acorda efectuar la convocat\u00f2ria per a la concessi\u00f3 condicionada a l\u2019exist\u00e8ncia de cr\u00e8dit adequat i &hellip; <a href=\"https:\/\/bisbalpenedes.com\/web\/2016\/03\/15\/subvencions-2016-subvencio-per-a-persones-desocupades-que-sestableixin-com-a-autonoms\/\" class=\"more-link\">Read More<\/a><\/p>\n","protected":false},"author":1,"featured_media":1501,"comment_status":"closed","ping_status":"closed","sticky":false,"template":"","format":"standard","meta":[],"categories":[5],"tags":[163,102],"_links":{"self":[{"href":"https:\/\/bisbalpenedes.com\/web\/wp-json\/wp\/v2\/posts\/1499"}],"collection":[{"href":"https:\/\/bisbalpenedes.com\/web\/wp-json\/wp\/v2\/posts"}],"about":[{"href":"https:\/\/bisbalpenedes.com\/web\/wp-json\/wp\/v2\/types\/post"}],"author":[{"embeddable":true,"href":"https:\/\/bisbalpenedes.com\/web\/wp-json\/wp\/v2\/users\/1"}],"replies":[{"embeddable":true,"href":"https:\/\/bisbalpenedes.com\/web\/wp-json\/wp\/v2\/comments?post=1499"}],"version-history":[{"count":2,"href":"https:\/\/bisbalpenedes.com\/web\/wp-json\/wp\/v2\/posts\/1499\/revisions"}],"predecessor-version":[{"id":1521,"href":"https:\/\/bisbalpenedes.com\/web\/wp-json\/wp\/v2\/posts\/1499\/revisions\/1521"}],"wp:featuredmedia":[{"embeddable":true,"href":"https:\/\/bisbalpenedes.com\/web\/wp-json\/wp\/v2\/media\/1501"}],"wp:attachment":[{"href":"https:\/\/bisbalpenedes.com\/web\/wp-json\/wp\/v2\/media?parent=1499"}],"wp:term":[{"taxonomy":"category","embeddable":true,"href":"https:\/\/bisbalpenedes.com\/web\/wp-json\/wp\/v2\/categories?post=1499"},{"taxonomy":"post_tag","embeddable":true,"href":"https:\/\/bisbalpenedes.com\/web\/wp-json\/wp\/v2\/tags?post=1499"}],"curies":[{"name":"wp","href":"https:\/\/api.w.org\/{rel}","templated":true}]}}