{"id":14989,"date":"2020-10-20T18:58:07","date_gmt":"2020-10-20T16:58:07","guid":{"rendered":"http:\/\/bisbalpenedes.com\/web\/?p=14989"},"modified":"2020-10-20T18:58:24","modified_gmt":"2020-10-20T16:58:24","slug":"la-regidoria-de-la-gent-gran-informa-que-se-suspenen-les-activitats-presencials-al-raco-de-la-gent-gran","status":"publish","type":"post","link":"https:\/\/bisbalpenedes.com\/web\/2020\/10\/20\/la-regidoria-de-la-gent-gran-informa-que-se-suspenen-les-activitats-presencials-al-raco-de-la-gent-gran\/","title":{"rendered":"La Regidoria de la Gent Gran informa que se suspenen les activitats presencials al Rac\u00f3 de la Gent Gran"},"content":{"rendered":"<p style=\"text-align: justify;\"><a href=\"http:\/\/bisbalpenedes.com\/web\/wp-content\/uploads\/2020\/10\/raco-gent-gran-amb-mascareta.jpeg\"><img loading=\"lazy\" class=\"aligncenter size-medium wp-image-14990\" src=\"http:\/\/bisbalpenedes.com\/web\/wp-content\/uploads\/2020\/10\/raco-gent-gran-amb-mascareta-300x200.jpeg\" alt=\"raco gent gran amb mascareta\" width=\"300\" height=\"200\" srcset=\"https:\/\/bisbalpenedes.com\/web\/wp-content\/uploads\/2020\/10\/raco-gent-gran-amb-mascareta-300x200.jpeg 300w, https:\/\/bisbalpenedes.com\/web\/wp-content\/uploads\/2020\/10\/raco-gent-gran-amb-mascareta-600x400.jpeg 600w, https:\/\/bisbalpenedes.com\/web\/wp-content\/uploads\/2020\/10\/raco-gent-gran-amb-mascareta-768x512.jpeg 768w, https:\/\/bisbalpenedes.com\/web\/wp-content\/uploads\/2020\/10\/raco-gent-gran-amb-mascareta-1024x682.jpeg 1024w, https:\/\/bisbalpenedes.com\/web\/wp-content\/uploads\/2020\/10\/raco-gent-gran-amb-mascareta.jpeg 1600w\" sizes=\"(max-width: 300px) 100vw, 300px\" \/><\/a><\/p>\n<p style=\"text-align: justify;\"><span style=\"color: #000000;\">La Regidoria de la Gent Gran informa que se suspenen les activitats presencials al Rac\u00f3 de la Gent Gran durant el que queda del mes d\u2019octubre. La Resoluci\u00f3 SLT\/2568\/2020, de 19 d\u2019octubre, per la qual es modifica la Resoluci\u00f3 SLT\/2546\/2020, de 15 d\u2019octubre, per la qual s\u2019adopten noves mesures en mat\u00e8ria de salut p\u00fablica per a la contenci\u00f3 del brot epid\u00e8mic de la pand\u00e8mia de COVID-19 al territori de Catalunya exposa que \u201cs\u2019addiciona un nou apartat, el 13 bis, en la Resoluci\u00f3 SLT\/2546\/2020, de 15 d\u2019octubre, amb el contingut seg\u00fcent: \u201c-13 bis Equipaments c\u00edvics: En els equipaments c\u00edvics no es podran realitzar activitats c\u00edviques i comunit\u00e0ries grupals que impliquin presencialitat, llevat que es facin per mitjans telem\u00e0tics sense que impliqui la presencialitat dels participants\u201d. Aquesta resoluci\u00f3 t\u00e9 efectes des de la seva data de publicaci\u00f3 al DOGC, avui 20 d\u2019octubre, i fins a les 00:00h del dia 31 d\u2019octubre de 2020.<\/span><\/p>\n<p style=\"text-align: justify;\"><span style=\"color: #000000;\">La regidora de la Gent Gran, Paqui Cepas, ha explicat que \u201cles activitats del Rac\u00f3 de la Gent Gran de catal\u00e0, inform\u00e0tica i benestar emocional es faran de forma telem\u00e0tica durant l\u2019octubre i despr\u00e9s haurem de veure com evoluciona tot plegat i estar pendents de les mesures que s\u2019aprovin des de la Generalitat per adaptar-nos a elles, ja que per a nosaltres, el m\u00e9s important \u00e9s la prevenci\u00f3 per\u00f2 tamb\u00e9 considerem que el temps d\u2019oci, la socialitzaci\u00f3 i exercitar la ment s\u00f3n elements clau per al benestar de les persones grans\u201d.<\/span><\/p>\n<p style=\"text-align: justify;\"><span style=\"color: #000000;\">La regidora ha aprofitat per explicar que el Servei Bon Dia continua funcionant amb les volunt\u00e0ries fent trucades a la gent gran del municipi, ja que \u201cen un moment com l\u2019actual \u00e9s m\u00e9s necessari que mai escoltar la gent gran i poder atendre les seves necessitats\u201d.<\/span><\/p>\n<hr \/>\n<p style=\"text-align: justify;\"><span style=\"color: #000000;\">\u00a0<strong>CASTELLANO |<\/strong> La Concejal\u00eda de la Gente Mayor informa de que se suspenden las actividades presenciales en el Rac\u00f3 de la Gent Gran durante lo que queda del mes de octubre. La Resoluci\u00f3n SLT\/2568\/2020, de 19 de octubre, por la cual se modifica la Resoluci\u00f3n SLT\/2546\/2020, de 15 de octubre, por la cual se adoptan nuevas medidas en materia de salud p\u00fablica para la contenci\u00f3n del brote epid\u00e9mico de la pandemia de COVID-19 en el territorio de Catalunya expone que \u201cse adiciona un nuevo apartado, el 13 bis, en la Resoluci\u00f3n SLT\/2546\/2020, de 15 de octubre, con el contenido siguiente: \u201c-13 bis Equipamientos c\u00edvicos: En los equipamientos c\u00edvicos no se podr\u00e1n realizar actividades c\u00edvicas y comunitarias grupales que impliquen presencialidad, salvo que se hagan por medios telem\u00e1ticos sin que implique la presencialidad de los participantes\u201d. Esta resoluci\u00f3n tiene efectos desde su fecha de publicaci\u00f3n en el DOGC, hoy 20 de octubre, y hasta las 00:00h del d\u00eda 31 de octubre de 2020.<\/span><\/p>\n<p style=\"text-align: justify;\"><span style=\"color: #000000;\">La concejala de la Gente Mayor, Paqui Cepas, ha explicado que \u201clas actividades del Rac\u00f3 de la Gent Gran de catal\u00e1n, inform\u00e1tica y bienestar emocional se har\u00e1n de forma telem\u00e1tica durante el mes de octubre y despu\u00e9s tendremos que ver c\u00f3mo evoluciona todo y estar pendientes de las medidas que se aprueben desde la Generalitat para adaptarnos a ellas, ya que para nosotros, lo m\u00e1s importante es la prevenci\u00f3n pero tambi\u00e9n consideramos que el tiempo de ocio, la socializaci\u00f3n y ejercitar la mente son elementos clave para el bienestar de las personas mayores\u201d.<\/span><\/p>\n<p style=\"text-align: justify;\"><span style=\"color: #000000;\">La concejala ha aprovechado para explicar que el Servicio Bon Dia contin\u00faa funcionando con las voluntarias haciendo llamadas a la gente mayor del municipio, ya que \u201cen un momento como el actual es m\u00e1s necesario que nunca escuchar a la gente mayor y poder atender sus necesidades\u201d.<\/span><\/p>\n","protected":false},"excerpt":{"rendered":"<p>La Regidoria de la Gent Gran informa que se suspenen les activitats presencials al Rac\u00f3 de la Gent Gran durant el que queda del mes d\u2019octubre. La Resoluci\u00f3 SLT\/2568\/2020, de &hellip; <a href=\"https:\/\/bisbalpenedes.com\/web\/2020\/10\/20\/la-regidoria-de-la-gent-gran-informa-que-se-suspenen-les-activitats-presencials-al-raco-de-la-gent-gran\/\" class=\"more-link\">Read More<\/a><\/p>\n","protected":false},"author":4,"featured_media":14990,"comment_status":"closed","ping_status":"closed","sticky":false,"template":"","format":"standard","meta":[],"categories":[464,8],"tags":[305,2115],"_links":{"self":[{"href":"https:\/\/bisbalpenedes.com\/web\/wp-json\/wp\/v2\/posts\/14989"}],"collection":[{"href":"https:\/\/bisbalpenedes.com\/web\/wp-json\/wp\/v2\/posts"}],"about":[{"href":"https:\/\/bisbalpenedes.com\/web\/wp-json\/wp\/v2\/types\/post"}],"author":[{"embeddable":true,"href":"https:\/\/bisbalpenedes.com\/web\/wp-json\/wp\/v2\/users\/4"}],"replies":[{"embeddable":true,"href":"https:\/\/bisbalpenedes.com\/web\/wp-json\/wp\/v2\/comments?post=14989"}],"version-history":[{"count":2,"href":"https:\/\/bisbalpenedes.com\/web\/wp-json\/wp\/v2\/posts\/14989\/revisions"}],"predecessor-version":[{"id":14992,"href":"https:\/\/bisbalpenedes.com\/web\/wp-json\/wp\/v2\/posts\/14989\/revisions\/14992"}],"wp:featuredmedia":[{"embeddable":true,"href":"https:\/\/bisbalpenedes.com\/web\/wp-json\/wp\/v2\/media\/14990"}],"wp:attachment":[{"href":"https:\/\/bisbalpenedes.com\/web\/wp-json\/wp\/v2\/media?parent=14989"}],"wp:term":[{"taxonomy":"category","embeddable":true,"href":"https:\/\/bisbalpenedes.com\/web\/wp-json\/wp\/v2\/categories?post=14989"},{"taxonomy":"post_tag","embeddable":true,"href":"https:\/\/bisbalpenedes.com\/web\/wp-json\/wp\/v2\/tags?post=14989"}],"curies":[{"name":"wp","href":"https:\/\/api.w.org\/{rel}","templated":true}]}}