{"id":14976,"date":"2020-10-20T17:56:04","date_gmt":"2020-10-20T15:56:04","guid":{"rendered":"http:\/\/bisbalpenedes.com\/web\/?p=14976"},"modified":"2020-10-20T17:56:04","modified_gmt":"2020-10-20T15:56:04","slug":"lajuntament-de-la-bisbal-del-penedes-modifica-el-mercat-setmanal-com-a-mesura-de-prevencio-de-la-covid-19","status":"publish","type":"post","link":"https:\/\/bisbalpenedes.com\/web\/2020\/10\/20\/lajuntament-de-la-bisbal-del-penedes-modifica-el-mercat-setmanal-com-a-mesura-de-prevencio-de-la-covid-19\/","title":{"rendered":"L\u2019Ajuntament de la Bisbal del Pened\u00e8s modifica el mercat setmanal com a mesura de prevenci\u00f3 de la COVID-19"},"content":{"rendered":"<p style=\"text-align: justify;\"><span style=\"color: #000000;\">L\u2019Ajuntament de la Bisbal del Pened\u00e8s modifica el mercat setmanal com a mesura de prevenci\u00f3 de la COVID-19. Des d\u2019aquesta setmana i fins a nou av\u00eds seran els comer\u00e7os bisbalencs els que oferiran els seus productes a la pla\u00e7a i no hi haur\u00e0 les parades habituals, que arriben d\u2019altres punts de la geografia. Des de la Regidoria de Comer\u00e7 s\u2019ha ofert la possibilitat de muntar parada a tots els comer\u00e7os, paradistes, bars i restaurants del municipi i, aquest dimecres, muntaran parada els seg\u00fcents:<\/span><\/p>\n<p style=\"padding-left: 30px; text-align: justify;\"><span style=\"color: #000000;\"><strong>-Restaurant Ull de Llebre:<\/strong> oferir\u00e0 pollastres amb patates al forn (sencers) per emportar pel preu de 12\u20ac. Podeu avan\u00e7ar els vostres enc\u00e0rrecs per Whatsapp o per tel\u00e8fon al 686688842. Tamb\u00e9 hi haur\u00e0 caf\u00e8s per emportar i si el voleu amb un tall de coca del Forn les Escales us el podreu endur per 2\u20ac.<\/span><\/p>\n<p style=\"padding-left: 30px; text-align: justify;\"><a href=\"http:\/\/bisbalpenedes.com\/web\/wp-content\/uploads\/2020\/10\/POLLASTRE-ULL-DE-LLEBRE.jpeg\"><img loading=\"lazy\" class=\"alignnone size-medium wp-image-14978\" src=\"http:\/\/bisbalpenedes.com\/web\/wp-content\/uploads\/2020\/10\/POLLASTRE-ULL-DE-LLEBRE-287x300.jpeg\" alt=\"POLLASTRE ULL DE LLEBRE\" width=\"287\" height=\"300\" srcset=\"https:\/\/bisbalpenedes.com\/web\/wp-content\/uploads\/2020\/10\/POLLASTRE-ULL-DE-LLEBRE-287x300.jpeg 287w, https:\/\/bisbalpenedes.com\/web\/wp-content\/uploads\/2020\/10\/POLLASTRE-ULL-DE-LLEBRE-600x626.jpeg 600w, https:\/\/bisbalpenedes.com\/web\/wp-content\/uploads\/2020\/10\/POLLASTRE-ULL-DE-LLEBRE-768x801.jpeg 768w, https:\/\/bisbalpenedes.com\/web\/wp-content\/uploads\/2020\/10\/POLLASTRE-ULL-DE-LLEBRE-981x1024.jpeg 981w, https:\/\/bisbalpenedes.com\/web\/wp-content\/uploads\/2020\/10\/POLLASTRE-ULL-DE-LLEBRE.jpeg 1079w\" sizes=\"(max-width: 287px) 100vw, 287px\" \/><\/a><\/p>\n<p style=\"padding-left: 30px; text-align: justify;\"><span style=\"color: #000000;\"><strong>-Tris-Tras Creacions:<\/strong> vendr\u00e0 roba (samarretes, roba interior&#8230;) i productes t\u00e8xtils d\u2019artesania: mascaretes, bosses per l\u2019entrep\u00e0, moneders, etc.<\/span><\/p>\n<p style=\"padding-left: 30px; text-align: justify;\"><a href=\"http:\/\/bisbalpenedes.com\/web\/wp-content\/uploads\/2020\/10\/TRIS-TRAS-CREACIONS.jpeg\"><img loading=\"lazy\" class=\"alignnone size-medium wp-image-14979\" src=\"http:\/\/bisbalpenedes.com\/web\/wp-content\/uploads\/2020\/10\/TRIS-TRAS-CREACIONS-225x300.jpeg\" alt=\"TRIS TRAS CREACIONS\" width=\"225\" height=\"300\" srcset=\"https:\/\/bisbalpenedes.com\/web\/wp-content\/uploads\/2020\/10\/TRIS-TRAS-CREACIONS-225x300.jpeg 225w, https:\/\/bisbalpenedes.com\/web\/wp-content\/uploads\/2020\/10\/TRIS-TRAS-CREACIONS-600x800.jpeg 600w, https:\/\/bisbalpenedes.com\/web\/wp-content\/uploads\/2020\/10\/TRIS-TRAS-CREACIONS-768x1024.jpeg 768w, https:\/\/bisbalpenedes.com\/web\/wp-content\/uploads\/2020\/10\/TRIS-TRAS-CREACIONS.jpeg 1200w\" sizes=\"(max-width: 225px) 100vw, 225px\" \/><\/a><\/p>\n<p style=\"text-align: justify;\"><span style=\"color: #000000;\">L\u2019horari del mercat ser\u00e0 de 9 a 13h i estar\u00e0 ubicat al mateix lloc de sempre, a la conflu\u00e8ncia entre els carrers Llibertat, Mestre Trujols i pla\u00e7a de Catalunya.<\/span><\/p>\n<p style=\"text-align: justify;\"><span style=\"color: #000000;\">La resta de botigues del municipi estaran obertes aix\u00ed que, podeu aprofitar el mat\u00ed per fer la vostra compra a la Bisbal. Compreu a la Bisbal! Hi trobareu productes de proximitat i qualitat i tracte personalitzat!<\/span><\/p>\n<p style=\"text-align: justify;\"><span style=\"color: #000000;\">Des de la Regidoria de Comer\u00e7 s\u2019han tirat endavant diverses accions, durant els darrers mesos, per promocionar el comer\u00e7 local. El passat mes de maig va engegar la campanya <a style=\"color: #000000;\" href=\"https:\/\/bisbalpenedes.com\/web\/2020\/05\/16\/ara-mes-que-mai-comerc-i-cuina-de-proximitat\/\">\u201cFem que torni el color al comer\u00e7 local\u201d<\/a>, recentment ha promogut la campanya <a style=\"color: #000000;\" href=\"https:\/\/bisbalpenedes.com\/web\/2020\/09\/04\/per-tu-i-per-mi-ara-compra-daqui-campanya-per-promoure-els-comercos-dalimentacio-locals\/\">\u201cPer tu i per mi, ara compra d\u2019aqu\u00ed\u201d<\/a> i est\u00e0 treballant per oferir noves campanyes, formacions i accions adre\u00e7ades al comer\u00e7 local.<\/span><\/p>\n<hr \/>\n<p style=\"text-align: justify;\"><span style=\"color: #000000;\"><strong>CASTELLANO |<\/strong> El Ayuntamiento de la Bisbal del Pened\u00e8s modifica el mercado semanal como medida de prevenci\u00f3n de la COVID-19. Desde esta semana y hasta nuevo aviso ser\u00e1n los comercios bisbalenses los que ofrecer\u00e1n sus productos en la plaza y las paradas habituales, que llegan de otros puntos de la geograf\u00eda, no estar\u00e1n. Desde la Concejal\u00eda de Comercio se ha ofrecido la posibilidad de montar parada a todos los comercios, paradistas, bares y restaurantes del municipio y, este mi\u00e9rcoles, montar\u00e1n parada los siguientes:<\/span><\/p>\n<p style=\"padding-left: 30px; text-align: justify;\"><span style=\"color: #000000;\"><strong>-Restaurant Ull de Llebre:<\/strong> ofrecer\u00e1 pollos con patatas al horno (enteros) para llevar por el precio de 12\u20ac. Tambi\u00e9n habr\u00e1 caf\u00e9s para llevar y si lo quer\u00e9is con un trozo de coca del Forn les Escales os lo podr\u00e9is llevar por 2\u20ac.<\/span><\/p>\n<p style=\"padding-left: 30px; text-align: justify;\"><a href=\"http:\/\/bisbalpenedes.com\/web\/wp-content\/uploads\/2020\/10\/POLLASTRE-ULL-DE-LLEBRE.jpeg\"><img loading=\"lazy\" class=\"alignnone size-medium wp-image-14978\" src=\"http:\/\/bisbalpenedes.com\/web\/wp-content\/uploads\/2020\/10\/POLLASTRE-ULL-DE-LLEBRE-287x300.jpeg\" alt=\"POLLASTRE ULL DE LLEBRE\" width=\"287\" height=\"300\" srcset=\"https:\/\/bisbalpenedes.com\/web\/wp-content\/uploads\/2020\/10\/POLLASTRE-ULL-DE-LLEBRE-287x300.jpeg 287w, https:\/\/bisbalpenedes.com\/web\/wp-content\/uploads\/2020\/10\/POLLASTRE-ULL-DE-LLEBRE-600x626.jpeg 600w, https:\/\/bisbalpenedes.com\/web\/wp-content\/uploads\/2020\/10\/POLLASTRE-ULL-DE-LLEBRE-768x801.jpeg 768w, https:\/\/bisbalpenedes.com\/web\/wp-content\/uploads\/2020\/10\/POLLASTRE-ULL-DE-LLEBRE-981x1024.jpeg 981w, https:\/\/bisbalpenedes.com\/web\/wp-content\/uploads\/2020\/10\/POLLASTRE-ULL-DE-LLEBRE.jpeg 1079w\" sizes=\"(max-width: 287px) 100vw, 287px\" \/><\/a><\/p>\n<p style=\"padding-left: 30px; text-align: justify;\"><span style=\"color: #000000;\"><strong>-Tris-Tras Creacions:<\/strong> vender\u00e1 ropa (camisetas, ropa interior&#8230;) y productos textiles de artesan\u00eda: mascarillas, bolsas para el bocadillo, monederos, etc.<\/span><\/p>\n<p style=\"padding-left: 30px; text-align: justify;\"><a href=\"http:\/\/bisbalpenedes.com\/web\/wp-content\/uploads\/2020\/10\/TRIS-TRAS-CREACIONS.jpeg\"><img loading=\"lazy\" class=\"alignnone size-medium wp-image-14979\" src=\"http:\/\/bisbalpenedes.com\/web\/wp-content\/uploads\/2020\/10\/TRIS-TRAS-CREACIONS-225x300.jpeg\" alt=\"TRIS TRAS CREACIONS\" width=\"225\" height=\"300\" srcset=\"https:\/\/bisbalpenedes.com\/web\/wp-content\/uploads\/2020\/10\/TRIS-TRAS-CREACIONS-225x300.jpeg 225w, https:\/\/bisbalpenedes.com\/web\/wp-content\/uploads\/2020\/10\/TRIS-TRAS-CREACIONS-600x800.jpeg 600w, https:\/\/bisbalpenedes.com\/web\/wp-content\/uploads\/2020\/10\/TRIS-TRAS-CREACIONS-768x1024.jpeg 768w, https:\/\/bisbalpenedes.com\/web\/wp-content\/uploads\/2020\/10\/TRIS-TRAS-CREACIONS.jpeg 1200w\" sizes=\"(max-width: 225px) 100vw, 225px\" \/><\/a><\/p>\n<p style=\"text-align: justify;\"><span style=\"color: #000000;\">El horario del mercado ser\u00e1 de 9 a 13h y estar\u00e1 ubicado en el mismo sitio de siempre, en la confluencia entre las calles Llibertat, Mestre Trujols y plaza de Catalunya.<\/span><\/p>\n<p style=\"text-align: justify;\"><span style=\"color: #000000;\">El resto de tiendas del municipio estar\u00e1n abiertas as\u00ed que, pod\u00e9is aprovechar la ma\u00f1ana para hacer vuestra compra en la Bisbal. \u00a1Comprad en la Bisbal! \u00a1Encontrar\u00e9is productos de proximidad y calidad y un trato personalizado!<\/span><\/p>\n<p style=\"text-align: justify;\"><span style=\"color: #000000;\">Desde la Concejal\u00eda de Comercio se han sacado adelante, durante los \u00faltimos meses, varias acciones para promocionar el comercio local. El pasado mes de mayo inici\u00f3 la campa\u00f1a <a style=\"color: #000000;\" href=\"https:\/\/bisbalpenedes.com\/web\/2020\/05\/16\/ara-mes-que-mai-comerc-i-cuina-de-proximitat\/\">\u201cFem que torni el color al comer\u00e7 local\u201d<\/a>, recientemente ha promovido la campa\u00f1a <a style=\"color: #000000;\" href=\"https:\/\/bisbalpenedes.com\/web\/2020\/09\/04\/per-tu-i-per-mi-ara-compra-daqui-campanya-per-promoure-els-comercos-dalimentacio-locals\/\">\u201cPer tu i per mi, ara compra d\u2019aqu\u00ed\u201d<\/a> y est\u00e1 trabajando para ofrecer nuevas campa\u00f1as, formaciones y acciones dirigidas al comercio local.<\/span><\/p>\n","protected":false},"excerpt":{"rendered":"<p>L\u2019Ajuntament de la Bisbal del Pened\u00e8s modifica el mercat setmanal com a mesura de prevenci\u00f3 de la COVID-19. Des d\u2019aquesta setmana i fins a nou av\u00eds seran els comer\u00e7os bisbalencs &hellip; <a href=\"https:\/\/bisbalpenedes.com\/web\/2020\/10\/20\/lajuntament-de-la-bisbal-del-penedes-modifica-el-mercat-setmanal-com-a-mesura-de-prevencio-de-la-covid-19\/\" class=\"more-link\">Read More<\/a><\/p>\n","protected":false},"author":4,"featured_media":14980,"comment_status":"closed","ping_status":"closed","sticky":false,"template":"","format":"standard","meta":[],"categories":[3126,8],"tags":[3861,4115,257,4114,1736],"_links":{"self":[{"href":"https:\/\/bisbalpenedes.com\/web\/wp-json\/wp\/v2\/posts\/14976"}],"collection":[{"href":"https:\/\/bisbalpenedes.com\/web\/wp-json\/wp\/v2\/posts"}],"about":[{"href":"https:\/\/bisbalpenedes.com\/web\/wp-json\/wp\/v2\/types\/post"}],"author":[{"embeddable":true,"href":"https:\/\/bisbalpenedes.com\/web\/wp-json\/wp\/v2\/users\/4"}],"replies":[{"embeddable":true,"href":"https:\/\/bisbalpenedes.com\/web\/wp-json\/wp\/v2\/comments?post=14976"}],"version-history":[{"count":2,"href":"https:\/\/bisbalpenedes.com\/web\/wp-json\/wp\/v2\/posts\/14976\/revisions"}],"predecessor-version":[{"id":14981,"href":"https:\/\/bisbalpenedes.com\/web\/wp-json\/wp\/v2\/posts\/14976\/revisions\/14981"}],"wp:featuredmedia":[{"embeddable":true,"href":"https:\/\/bisbalpenedes.com\/web\/wp-json\/wp\/v2\/media\/14980"}],"wp:attachment":[{"href":"https:\/\/bisbalpenedes.com\/web\/wp-json\/wp\/v2\/media?parent=14976"}],"wp:term":[{"taxonomy":"category","embeddable":true,"href":"https:\/\/bisbalpenedes.com\/web\/wp-json\/wp\/v2\/categories?post=14976"},{"taxonomy":"post_tag","embeddable":true,"href":"https:\/\/bisbalpenedes.com\/web\/wp-json\/wp\/v2\/tags?post=14976"}],"curies":[{"name":"wp","href":"https:\/\/api.w.org\/{rel}","templated":true}]}}