{"id":14968,"date":"2020-10-20T15:47:42","date_gmt":"2020-10-20T13:47:42","guid":{"rendered":"http:\/\/bisbalpenedes.com\/web\/?p=14968"},"modified":"2020-10-20T16:00:04","modified_gmt":"2020-10-20T14:00:04","slug":"el-proper-dilluns-26-doctubre-tindra-lloc-un-ple-extraordinari-a-lajuntament-de-la-bisbal-del-penedes-a-porta-tancada","status":"publish","type":"post","link":"https:\/\/bisbalpenedes.com\/web\/2020\/10\/20\/el-proper-dilluns-26-doctubre-tindra-lloc-un-ple-extraordinari-a-lajuntament-de-la-bisbal-del-penedes-a-porta-tancada\/","title":{"rendered":"El proper dilluns 26 d\u2019octubre tindr\u00e0 lloc un Ple extraordinari a l\u2019Ajuntament de la Bisbal del Pened\u00e8s (a porta tancada)"},"content":{"rendered":"<p><span style=\"color: #000000;\">El proper dilluns 26 d\u2019octubre, a les 9.30h, tindr\u00e0 lloc un Ple extraordinari a l\u2019Ajuntament de la Bisbal del Pened\u00e8s. S\u2019hi tractaran els seg\u00fcents punts:<\/span><\/p>\n<p style=\"padding-left: 30px;\"><span style=\"color: #000000;\">1.-Compte general 2019 \u2013 Tancament i liquidaci\u00f3 del pressupost.<\/span><\/p>\n<p style=\"padding-left: 30px;\"><span style=\"color: #000000;\">2.-Aprovaci\u00f3 i modificaci\u00f3 de l\u2019Ordenan\u00e7a Fiscal Reguladora de l\u2019IAE.<\/span><\/p>\n<p style=\"padding-left: 30px;\"><span style=\"color: #000000;\">3.-Aprovaci\u00f3 i modificaci\u00f3 de l\u2019Ordenan\u00e7a Fiscal Reguladora de l\u2019IBI. Bonificaci\u00f3 per la instal\u00b7laci\u00f3 de plaques fotovoltaiques i actualitzaci\u00f3 de l\u2019ordenan\u00e7a.<\/span><\/p>\n<p style=\"padding-left: 30px;\"><span style=\"color: #000000;\">4.-Aprovaci\u00f3 i modificaci\u00f3 de l\u2019Ordenan\u00e7a Fiscal Reguladora de l\u2019ICIO. Bonificaci\u00f3 per instal\u00b7lar plaques\u00a0fotovoltaiques i actualitzaci\u00f3 de l\u2019ordenan\u00e7a.<\/span><\/p>\n<p style=\"padding-left: 30px;\"><span style=\"color: #000000;\">5.-Aprovaci\u00f3 i modificaci\u00f3 de l\u2019ordenan\u00e7a Fiscal n\u00fam. 12 reguladora de la taxa de recollida de residus s\u00f2lids urbans (modificaci\u00f3 de l\u2019ordenan\u00e7a de residus per la urbanitzaci\u00f3 Pineda de Santa Cristina).<\/span><\/p>\n<p style=\"padding-left: 30px;\"><span style=\"color: #000000;\">6.-Donar compte d\u2019una sent\u00e8ncia judicial.<\/span><\/p>\n<p><span style=\"color: #000000;\">El Ple se celebrar\u00e0 de forma presencial i a porta tancada per poder garantir totes les mesures de prevenci\u00f3 de contagis per la COVID-19. Posteriorment es podr\u00e0 veure l\u2019enregistrament a Youtube.\u00a0<\/span><\/p>\n<hr \/>\n<p><span style=\"color: #000000;\"><strong>CASTELLANO |<\/strong> El pr\u00f3ximo lunes 26 de octubre, a las 9.30h, tendr\u00e1 lugar un Pleno extraordinario en el Ayuntamiento de la Bisbal del Pened\u00e8s. Se tratar\u00e1n los siguientes puntos:<\/span><\/p>\n<p style=\"padding-left: 30px;\"><span style=\"color: #000000;\">1.-Cuenta general 2019 \u2013 Cierre y liquidaci\u00f3n del presupuesto.<\/span><\/p>\n<p style=\"padding-left: 30px;\"><span style=\"color: #000000;\">2.-Aprobaci\u00f3n y modificaci\u00f3n de la Ordenanza Fiscal Reguladora del IAE.<\/span><\/p>\n<p style=\"padding-left: 30px;\"><span style=\"color: #000000;\">3.-Aprobaci\u00f3n y modificaci\u00f3n de la Ordenanza Fiscal Reguladora del IBI. Bonificaci\u00f3n por la instalaci\u00f3n de placas fotovoltaicas y actualizaci\u00f3n de la ordenanza.<\/span><\/p>\n<p style=\"padding-left: 30px;\"><span style=\"color: #000000;\">4.-Aprobaci\u00f3n y modificaci\u00f3n de la Ordenanza Fiscal Reguladora del ICIO. Bonificaci\u00f3n por instalar placas\u00a0fotovoltaiques y actualizaci\u00f3n de la ordenanza.<\/span><\/p>\n<p style=\"padding-left: 30px;\"><span style=\"color: #000000;\">5.-Aprobaci\u00f3n y modificaci\u00f3n de la ordenanza Fiscal n\u00fam. 12 reguladora de la tasa de recogida de residuos s\u00f3lidos urbanos (modificaci\u00f3n de la ordenanza de residuos para la urbanizaci\u00f3n Pineda de Santa Cristina).<\/span><\/p>\n<p style=\"padding-left: 30px;\"><span style=\"color: #000000;\">6.-Dar cuenta de una sentencia judicial.<\/span><\/p>\n<p><span style=\"color: #000000;\">El Pleno se celebrar\u00e1 de forma presencial y a puerta cerrada para poder garantizar todas las medidas de prevenci\u00f3n de contagios por la COVID-19. Posteriormente se podr\u00e1 ver la gravaci\u00f3n en Youtube.<\/span><\/p>\n","protected":false},"excerpt":{"rendered":"<p>El proper dilluns 26 d\u2019octubre, a les 9.30h, tindr\u00e0 lloc un Ple extraordinari a l\u2019Ajuntament de la Bisbal del Pened\u00e8s. S\u2019hi tractaran els seg\u00fcents punts: 1.-Compte general 2019 \u2013 Tancament &hellip; <a href=\"https:\/\/bisbalpenedes.com\/web\/2020\/10\/20\/el-proper-dilluns-26-doctubre-tindra-lloc-un-ple-extraordinari-a-lajuntament-de-la-bisbal-del-penedes-a-porta-tancada\/\" class=\"more-link\">Read More<\/a><\/p>\n","protected":false},"author":4,"featured_media":14975,"comment_status":"closed","ping_status":"closed","sticky":false,"template":"","format":"standard","meta":[],"categories":[8,2250],"tags":[2430,978,4110,4111,423,4109],"_links":{"self":[{"href":"https:\/\/bisbalpenedes.com\/web\/wp-json\/wp\/v2\/posts\/14968"}],"collection":[{"href":"https:\/\/bisbalpenedes.com\/web\/wp-json\/wp\/v2\/posts"}],"about":[{"href":"https:\/\/bisbalpenedes.com\/web\/wp-json\/wp\/v2\/types\/post"}],"author":[{"embeddable":true,"href":"https:\/\/bisbalpenedes.com\/web\/wp-json\/wp\/v2\/users\/4"}],"replies":[{"embeddable":true,"href":"https:\/\/bisbalpenedes.com\/web\/wp-json\/wp\/v2\/comments?post=14968"}],"version-history":[{"count":3,"href":"https:\/\/bisbalpenedes.com\/web\/wp-json\/wp\/v2\/posts\/14968\/revisions"}],"predecessor-version":[{"id":14971,"href":"https:\/\/bisbalpenedes.com\/web\/wp-json\/wp\/v2\/posts\/14968\/revisions\/14971"}],"wp:featuredmedia":[{"embeddable":true,"href":"https:\/\/bisbalpenedes.com\/web\/wp-json\/wp\/v2\/media\/14975"}],"wp:attachment":[{"href":"https:\/\/bisbalpenedes.com\/web\/wp-json\/wp\/v2\/media?parent=14968"}],"wp:term":[{"taxonomy":"category","embeddable":true,"href":"https:\/\/bisbalpenedes.com\/web\/wp-json\/wp\/v2\/categories?post=14968"},{"taxonomy":"post_tag","embeddable":true,"href":"https:\/\/bisbalpenedes.com\/web\/wp-json\/wp\/v2\/tags?post=14968"}],"curies":[{"name":"wp","href":"https:\/\/api.w.org\/{rel}","templated":true}]}}