{"id":14953,"date":"2020-10-20T11:52:23","date_gmt":"2020-10-20T09:52:23","guid":{"rendered":"http:\/\/bisbalpenedes.com\/web\/?p=14953"},"modified":"2020-10-20T11:57:40","modified_gmt":"2020-10-20T09:57:40","slug":"lajuntament-modifica-la-placa-de-secretaria-intervencio-tenint-en-compte-el-que-estableix-el-reial-decret-1282018-del-16-de-marc","status":"publish","type":"post","link":"https:\/\/bisbalpenedes.com\/web\/2020\/10\/20\/lajuntament-modifica-la-placa-de-secretaria-intervencio-tenint-en-compte-el-que-estableix-el-reial-decret-1282018-del-16-de-marc\/","title":{"rendered":"L\u2019Ajuntament modifica la pla\u00e7a de secretaria-intervenci\u00f3 tenint en compte el que estableix el Reial Decret 128\/2018 del 16 de mar\u00e7"},"content":{"rendered":"<p style=\"text-align: center;\"><a href=\"http:\/\/bisbalpenedes.com\/web\/wp-content\/uploads\/2020\/06\/IMG_4555.jpg\"><img loading=\"lazy\" class=\"alignnone size-medium wp-image-13964\" src=\"http:\/\/bisbalpenedes.com\/web\/wp-content\/uploads\/2020\/06\/IMG_4555-225x300.jpg\" alt=\"AJUNTAMENT BISBAL\" width=\"225\" height=\"300\" srcset=\"https:\/\/bisbalpenedes.com\/web\/wp-content\/uploads\/2020\/06\/IMG_4555-225x300.jpg 225w, https:\/\/bisbalpenedes.com\/web\/wp-content\/uploads\/2020\/06\/IMG_4555-600x800.jpg 600w, https:\/\/bisbalpenedes.com\/web\/wp-content\/uploads\/2020\/06\/IMG_4555-768x1024.jpg 768w, https:\/\/bisbalpenedes.com\/web\/wp-content\/uploads\/2020\/06\/IMG_4555-scaled.jpg 1920w\" sizes=\"(max-width: 225px) 100vw, 225px\" \/><\/a><\/p>\n<p style=\"text-align: justify;\"><span style=\"color: #000000;\">L\u2019Ajuntament de la Bisbal del Pened\u00e8s comptava, fins a la data, amb una secret\u00e0ria que realitzava les tasques de secret\u00e0ria i interventora, ja que el lloc de treball de la Secretaria de l\u2019Ajuntament de la Bisbal del Pened\u00e8s estava classificat com a classe tercera. Com que l\u2019Ajuntament t\u00e9 un pressupost que supera els 3.000.000 d\u2019euros en l\u2019actualitat, el <a style=\"color: #000000;\" href=\"https:\/\/www.boe.es\/buscar\/pdf\/2018\/BOE-A-2018-3760-consolidado.pdf\">Reial decret 128\/2018, del 16 de mar\u00e7,<\/a> pel qual es regula el r\u00e8gim jur\u00eddic dels funcionaris de l\u2019Administraci\u00f3 Local amb habilitaci\u00f3 de car\u00e0cter nacional, estipula al seu article 8\u00e8 que s\u00f3n de classe segona les:<\/span><\/p>\n<p style=\"padding-left: 30px; text-align: justify;\"><span style=\"color: #000000;\"><em>\u201csecretaries d\u2019Ajuntament dels municipis la poblaci\u00f3 dels quals estigui compresa entre 5.001 i 20.000 habitants, aix\u00ed com els de poblaci\u00f3 inferior a 5.001 habitants, el pressupost dels quals superi els 3.000.000 d\u2019euros\u201d<\/em>.<\/span><\/p>\n<p style=\"text-align: justify;\"><span style=\"color: #000000;\">Amb motiu d\u2019aquest Reial Decret, les places de Secretaria, intervenci\u00f3 i tresoreria de l\u2019Ajuntament de la Bisbal del Pened\u00e8s estaran diferenciades i ocupades per persones diferents, ja que com estableixen l\u2019article 11 de l\u2019esmentat Reial Decret:<\/span><\/p>\n<p style=\"padding-left: 30px; text-align: justify;\"><span style=\"color: #000000;\"><em>\u201cen entitats Locals la Secretaria de les quals estigui classificada en classe primera o segona, existir\u00e0 un lloc de feina denominat Intervenci\u00f3, que tindr\u00e0 atribu\u00efda la responsabilitat administrativa de les funcions enumerades en l\u2019article 4 d\u2019aquest reial decret\u201d<\/em><\/span><\/p>\n<p style=\"text-align: justify;\"><span style=\"color: #000000;\">I l\u2019article 14:<\/span><\/p>\n<p style=\"padding-left: 30px; text-align: justify;\"><span style=\"color: #000000;\"><em>\u201ca les corporacions Locals la Secretaria de les quals estigui classificada en primera o segona classe, existir\u00e0 un lloc de feina denominat Tresoreria, al qual li correspondr\u00e0 la responsabilitat administrativa de les funcions enumerades en l\u2019article 5 d\u2019aquest reial decret\u201d. <\/em><\/span><\/p>\n<p style=\"text-align: justify;\"><span style=\"color: #000000;\">L\u2019Ajuntament de la Bisbal del Pened\u00e8s va aprovar l\u2019any 2019 la Relaci\u00f3 de Llocs de Treball (RLT), que ja contempla que la pla\u00e7a de secretaria-intervenci\u00f3 es transformi en tres places: secretaria, intervenci\u00f3 i tresoreria. A m\u00e9s, al pressupost de 2020 ja es va contemplar aquesta separaci\u00f3 de places, tenint en compte que el pressupost dels darrers anys ha estat el seg\u00fcent:<\/span><\/p>\n<p style=\"padding-left: 30px; text-align: justify;\"><span style=\"color: #000000;\">Pressupost 2020 (inicial): 4.467.862,53\u20ac<\/span><\/p>\n<p style=\"padding-left: 30px; text-align: justify;\"><span style=\"color: #000000;\">Pressupost 2019 prorrogat (definitiu): 5.954.635,42\u20ac<\/span><\/p>\n<p style=\"padding-left: 30px; text-align: justify;\"><span style=\"color: #000000;\">Pressupost 2018 (definitiu): 6.440.039,64\u20ac<\/span><\/p>\n<p style=\"padding-left: 30px; text-align: justify;\"><span style=\"color: #000000;\">Pressupost 2017 (definitiu):4.754.664,68\u20ac<\/span><\/p>\n<p style=\"padding-left: 30px; text-align: justify;\"><span style=\"color: #000000;\">Pressupost 2016 (definitiu): 4.341.051,54\u20ac<\/span><\/p>\n<p style=\"text-align: justify;\"><span style=\"color: #000000;\">Per tot plegat, el febrer de 2020 es va sol\u00b7licitar a la Direcci\u00f3 General d\u2019Administraci\u00f3 Local de la Generalitat de Catalunya la modificaci\u00f3 de la classificaci\u00f3 del lloc de treball de Secretaria \u2013 Intervenci\u00f3 de classe tercera a classe segona; i la creaci\u00f3 i classificaci\u00f3 dels llocs de treball d\u2019Intervenci\u00f3 de classe segona -categoria d\u2019entrada- i de Tresoreria de classe \u00fanica. El passat 7 de maig de 2020, el Departament de Presid\u00e8ncia de la Generalitat de Catalunya va notificar la Resoluci\u00f3 per la qual es modifica la classificaci\u00f3 del lloc de treball de secretaria-intervenci\u00f3, passant a classe segona; la creaci\u00f3 i classificaci\u00f3 dels llocs de treball d\u2019intervenci\u00f3 de classe segona i de tresoreria de classe \u00fanica, reservats a personal funcionari d\u2019Administraci\u00f3 Local amb habilitaci\u00f3 de car\u00e0cter nacional, tal com s\u2019estableix en l\u2019article 6 del Reial Decret 128\/2018, del 16 de mar\u00e7.<\/span><\/p>\n<p style=\"text-align: justify;\"><span style=\"color: #000000;\">Durant el mes de setembre es va fer difusi\u00f3 entre els col\u00b7legiats i col\u00b7legiades \u2013a trav\u00e9s dels Serveis Territorials de la Presid\u00e8ncia de la Generalitat de Catalunya a Tarragona i de la Diputaci\u00f3 de Tarragona \u2013 de l\u2019inter\u00e8s de l\u2019Ajuntament de la Bisbal en la provisi\u00f3 del lloc d\u2019Intervenci\u00f3. No obstant aix\u00f2, no s\u2019ha obtingut resposta per cobrir l\u2019esmentat lloc de treball.<\/span><\/p>\n<p style=\"text-align: justify;\"><span style=\"color: #000000;\">Aix\u00ed doncs, en el moment actual la distribuci\u00f3 de les tasques corresponents a cadascuna de les tres categories, queda aix\u00ed:<\/span><\/p>\n<p style=\"text-align: justify;\"><span style=\"color: #000000;\"><strong><u>Pla\u00e7a de secretari\/a:<\/u><\/strong><\/span><\/p>\n<p style=\"text-align: justify;\"><span style=\"color: #000000;\">Segueix ocupada per la persona que fins a la data exercia les funcions de secretaria-intervenci\u00f3.<\/span><\/p>\n<p style=\"text-align: justify;\"><span style=\"color: #000000;\"><strong><u>Pla\u00e7a d\u2019intervenci\u00f3:<\/u><\/strong><\/span><\/p>\n<p style=\"text-align: justify;\"><span style=\"color: #000000;\">No s\u2019ha obtingut resposta per cobrir el lloc de treball d\u2019Intervenci\u00f3, reservat a funcionaris d\u2019Administraci\u00f3 Local amb habilitaci\u00f3 de car\u00e0cter nacional, classificat com a classe segona.<\/span><\/p>\n<p style=\"text-align: justify;\"><span style=\"color: #000000;\">Per tant, s\u2019ha proposat el nomenament accidental per a l\u2019exercici de les funcions del lloc de treball d\u2019Intervenci\u00f3 a una funcion\u00e0ria de l\u2019Ajuntament de la Bisbal del Pened\u00e8s, mentre no es cobreixi la pla\u00e7a mitjan\u00e7ant la convocat\u00f2ria d\u2019un interinatge i s\u2019ha enviat a l\u2019Administraci\u00f3 local de la Generalitat, que ha aprovat el nomenament provisional \u2013fins que es cobreixi la pla\u00e7a \u2013 havent estat notificat l\u2019Ajuntament el passat 15 d\u2019octubre.<\/span><\/p>\n<p style=\"text-align: justify;\"><span style=\"color: #000000;\"><strong><u>Pla\u00e7a de tresoreria:<\/u><\/strong><\/span><\/p>\n<p style=\"text-align: justify;\"><span style=\"color: #000000;\">No s\u2019ha obtingut resposta per cobrir el lloc de treball de tresoreria.<\/span><\/p>\n<p style=\"text-align: justify;\"><span style=\"color: #000000;\">Per tant, s\u2019ha proposat el nomenament accidental per a l\u2019exercici de les funcions del treball de Tresoreria a un funcionari de l\u2019Ajuntament de La Bisbal, mentre no es cobreixi la pla\u00e7a mitjan\u00e7ant la convocat\u00f2ria d\u2019un interinatge i s\u2019ha enviat a l\u2019Administraci\u00f3 local de la Generalitat, que ha aprovat el nomenament provisional \u2013fins que es cobreixi la pla\u00e7a, havent estat notificat l\u2019Ajuntament el passat 15 d\u2019octubre.<\/span><\/p>\n<hr \/>\n<p style=\"text-align: justify;\"><span style=\"color: #000000;\"><strong>CASTELLANO |<\/strong> El Ayuntamiento de la Bisbal del Pened\u00e8s contaba, hasta la fecha, con una secretaria que realizaba las tareas de secretaria e interventora, ya que el puesto de trabajo de la Secretaria del Ayuntamiento de la Bisbal del Pened\u00e8s estaba clasificado como clase tercera. Como el Ayuntamiento tiene un presupuesto que supera los 3.000.000 de euros en la actualidad, el <a style=\"color: #000000;\" href=\"https:\/\/www.boe.es\/buscar\/pdf\/2018\/BOE-A-2018-3760-consolidado.pdf\">Real decreto 128\/2018, el 16 de marzo,<\/a> por el cual se regula el r\u00e9gimen jur\u00eddico de los funcionarios de la Administraci\u00f3n Local con habilitaci\u00f3n de car\u00e1cter nacional, estipula en su art\u00edculo 8\u00ba que son de clase segunda las:<\/span><\/p>\n<p style=\"padding-left: 30px; text-align: justify;\"><span style=\"color: #000000;\">\u201csecretar\u00edas de Ayuntamiento de municipios cuya poblaci\u00f3n est\u00e1 comprendida entre 5.001 y 20.000 habitantes, as\u00ed como los de poblaci\u00f3n inferior a 5.001 habitantes, cuyo presupuesto supere los 3.000.000 de euros\u201d.<\/span><\/p>\n<p style=\"text-align: justify;\"><span style=\"color: #000000;\">Con motivo de este Real Decreto, las plazas de Secretar\u00eda, intervenci\u00f3n y tesorer\u00eda del Ayuntamiento de la Bisbal del Pened\u00e8s estar\u00e1n diferenciadas y ocupadas por personas distintas, ya que como establecen el art\u00edculo 11 del citado Real Decreto:<\/span><\/p>\n<p style=\"padding-left: 30px; text-align: justify;\"><span style=\"color: #000000;\">\u201cen las Entidades Locales cuya Secretar\u00eda est\u00e9 clasificada en clase primera o segunda, existir\u00e1 un puesto de trabajo denominado Intervenci\u00f3n, que tendr\u00e1 atribuida la responsabilidad administrativa de las funciones enumeradas en el art\u00edculo 4 de este real decreto\u201d.<\/span><\/p>\n<p style=\"text-align: justify;\"><span style=\"color: #000000;\">Y el art\u00edculo 14:<\/span><\/p>\n<p style=\"padding-left: 30px; text-align: justify;\"><span style=\"color: #000000;\">\u201cen las Corporaciones Locales cuya Secretar\u00eda est\u00e9 clasificada en primera o segunda clase, existir\u00e1 un puesto de trabajo denominado Tesorer\u00eda, al que corresponder\u00e1 la responsabilidad administrativa de las funciones enumeradas en el art\u00edculo 5 de este real decreto\u201d<\/span><\/p>\n<p style=\"text-align: justify;\"><span style=\"color: #000000;\">El Ayuntamiento de la Bisbal del Pened\u00e8s aprob\u00f3 el a\u00f1o 2019 la Relaci\u00f3n de Puestos de Trabajo (RPT), que ya contempla que la plaza de secretar\u00eda-intervenci\u00f3n se transforme en tres plazas: secretaria, intervenci\u00f3n y tesorer\u00eda. Adem\u00e1s, en el presupuesto del 2020 ya se contempl\u00f3 esta separaci\u00f3n de plazas, teniendo en cuenta que el presupuesto de los \u00faltimos a\u00f1os ha sido el siguiente:<\/span><\/p>\n<p style=\"padding-left: 30px; text-align: justify;\"><span style=\"color: #000000;\">Presupuesto 2020 (inicial): 4.467.862,53\u20ac<\/span><\/p>\n<p style=\"padding-left: 30px; text-align: justify;\"><span style=\"color: #000000;\">Presupuesto 2019 prorrogado (definitivo): 5.954.635,42\u20ac<\/span><\/p>\n<p style=\"padding-left: 30px; text-align: justify;\"><span style=\"color: #000000;\">Presupuesto 2018 (definitivo): 6.440.039,64\u20ac<\/span><\/p>\n<p style=\"padding-left: 30px; text-align: justify;\"><span style=\"color: #000000;\">Presupuesto 2017 (definitivo):4.754.664,68\u20ac<\/span><\/p>\n<p style=\"padding-left: 30px; text-align: justify;\"><span style=\"color: #000000;\">Presupuesto 2016 (definitivo): 4.341.051,54\u20ac<\/span><\/p>\n<p style=\"text-align: justify;\"><span style=\"color: #000000;\">Por todo ello, en febrero del 2020 se solicit\u00f3 a la Direcci\u00f3n General de Administraci\u00f3n Local de la Generalitat de Catalunya la modificaci\u00f3n de la clasificaci\u00f3n del puesto de trabajo de Secretaria \u2013 Intervenci\u00f3n de clase tercera a clase segunda; y la creaci\u00f3n y clasificaci\u00f3n de los puestos de trabajo de Intervenci\u00f3n de clase segunda \u2013categor\u00eda de entrada- y de Tesorer\u00eda de clase \u00fanica. El pasado 7 de mayo de 2020, el Departamento de Presidencia de la Generalitat de Catalunya notific\u00f3 la resoluci\u00f3n por la cual se modifica la clasificaci\u00f3n del puesto de trabajo de secretar\u00eda-intervenci\u00f3n, pasando a clase segunda; la creaci\u00f3n y clasificaci\u00f3n de los puestos de trabajo de intervenci\u00f3n de clase segunda y de tesorer\u00eda de clase \u00fanica, reservados al personal funcionario de la Administraci\u00f3n Local con habilitaci\u00f3n de car\u00e1cter nacional, tal como se establece en el art\u00edculo 6 del Real Decreto 128\/2018, del 16 de marzo.<\/span><\/p>\n<p style=\"text-align: justify;\"><span style=\"color: #000000;\">Durante el mes de septiembre se hizo difusi\u00f3n entre los colegiados y colegiadas \u2013a trav\u00e9s de los Servicios Territoriales de la Presidencia de la Generalitat de Catalunya en Tarragona y de la Diputaci\u00f3n de Tarragona \u2013 del inter\u00e9s del Ayuntamiento de la Bisbal en la provisi\u00f3n del puesto de Intervenci\u00f3n. No obstante, no se ha obtenido respuesta para cubrir dicho puesto de trabajo.<\/span><\/p>\n<p style=\"text-align: justify;\"><span style=\"color: #000000;\">As\u00ed pues, en el momento actual la distribuci\u00f3n de las tareas correspondientes a cada una de las tres categor\u00edas, queda as\u00ed:<\/span><\/p>\n<p style=\"text-align: justify;\"><span style=\"color: #000000;\"><strong><u>Plaza de secretario\/a<\/u><\/strong><\/span><\/p>\n<p style=\"text-align: justify;\"><span style=\"color: #000000;\">Sigue ocupada por la persona que hasta la fecha ejerc\u00eda las funciones de secretaria-intervenci\u00f3n.<\/span><\/p>\n<p style=\"text-align: justify;\"><span style=\"color: #000000;\"><strong><u>\u00a0<\/u><\/strong><\/span><\/p>\n<p style=\"text-align: justify;\"><span style=\"color: #000000;\"><strong><u>Plaza de intervenci\u00f3n<\/u><\/strong><\/span><\/p>\n<p style=\"text-align: justify;\"><span style=\"color: #000000;\">No se ha obtenido respuesta para cubrir el puesto de trabajo de Intervenci\u00f3n, reservado a funcionarios de Administraci\u00f3n Local con habilitaci\u00f3n de car\u00e1cter nacional, clasificado como clase segunda.<\/span><\/p>\n<p style=\"text-align: justify;\"><span style=\"color: #000000;\">Por lo tanto, se ha propuesto el nombramiento accidental para el ejercicio de las funciones del puesto de trabajo de Intervenci\u00f3n a una funcionaria del Ayuntamiento de la Bisbal del Pened\u00e8s, mientras no se cubra la plaza mediante la convocatoria de un interinaje y se ha enviado a la Administraci\u00f3n local de la Generalitat, que ha aprobado el nombramiento provisional \u2013hasta que se cubra la plaza- habiendo sido notificado el Ayuntamiento el pasado 15 de octubre.<\/span><\/p>\n<p style=\"text-align: justify;\"><span style=\"color: #000000;\"><strong><u>\u00a0<\/u><\/strong><\/span><\/p>\n<p style=\"text-align: justify;\"><span style=\"color: #000000;\"><strong><u>Plaza de tesorer\u00eda<\/u><\/strong><\/span><\/p>\n<p style=\"text-align: justify;\"><span style=\"color: #000000;\">No se ha obtenido respuesta para cubrir el puesto de trabajo de tesorer\u00eda.<\/span><\/p>\n<p style=\"text-align: justify;\"><span style=\"color: #000000;\">Por lo tanto, se ha propuesto el nombramiento accidental para el ejercicio de las funciones del trabajo de Tesorer\u00eda a un funcionario del Ayuntamiento de La Bisbal, mientras no se cubra la plaza mediante la convocatoria de un interinaje y se ha enviado a la Administraci\u00f3n local de la Generalitat, que ha aprobado el nombramiento provisional \u2013hasta que se cubra la plaza, habiendo sido notificado el Ayuntamiento el pasado 15 de octubre.<\/span><\/p>\n","protected":false},"excerpt":{"rendered":"<p>L\u2019Ajuntament de la Bisbal del Pened\u00e8s comptava, fins a la data, amb una secret\u00e0ria que realitzava les tasques de secret\u00e0ria i interventora, ja que el lloc de treball de la &hellip; <a href=\"https:\/\/bisbalpenedes.com\/web\/2020\/10\/20\/lajuntament-modifica-la-placa-de-secretaria-intervencio-tenint-en-compte-el-que-estableix-el-reial-decret-1282018-del-16-de-marc\/\" class=\"more-link\">Read More<\/a><\/p>\n","protected":false},"author":4,"featured_media":13964,"comment_status":"closed","ping_status":"closed","sticky":false,"template":"","format":"standard","meta":[],"categories":[2402,8],"tags":[216,4106,1899,746,4104,4105],"_links":{"self":[{"href":"https:\/\/bisbalpenedes.com\/web\/wp-json\/wp\/v2\/posts\/14953"}],"collection":[{"href":"https:\/\/bisbalpenedes.com\/web\/wp-json\/wp\/v2\/posts"}],"about":[{"href":"https:\/\/bisbalpenedes.com\/web\/wp-json\/wp\/v2\/types\/post"}],"author":[{"embeddable":true,"href":"https:\/\/bisbalpenedes.com\/web\/wp-json\/wp\/v2\/users\/4"}],"replies":[{"embeddable":true,"href":"https:\/\/bisbalpenedes.com\/web\/wp-json\/wp\/v2\/comments?post=14953"}],"version-history":[{"count":4,"href":"https:\/\/bisbalpenedes.com\/web\/wp-json\/wp\/v2\/posts\/14953\/revisions"}],"predecessor-version":[{"id":14966,"href":"https:\/\/bisbalpenedes.com\/web\/wp-json\/wp\/v2\/posts\/14953\/revisions\/14966"}],"wp:featuredmedia":[{"embeddable":true,"href":"https:\/\/bisbalpenedes.com\/web\/wp-json\/wp\/v2\/media\/13964"}],"wp:attachment":[{"href":"https:\/\/bisbalpenedes.com\/web\/wp-json\/wp\/v2\/media?parent=14953"}],"wp:term":[{"taxonomy":"category","embeddable":true,"href":"https:\/\/bisbalpenedes.com\/web\/wp-json\/wp\/v2\/categories?post=14953"},{"taxonomy":"post_tag","embeddable":true,"href":"https:\/\/bisbalpenedes.com\/web\/wp-json\/wp\/v2\/tags?post=14953"}],"curies":[{"name":"wp","href":"https:\/\/api.w.org\/{rel}","templated":true}]}}