{"id":14936,"date":"2020-10-16T22:15:25","date_gmt":"2020-10-16T20:15:25","guid":{"rendered":"http:\/\/bisbalpenedes.com\/web\/?p=14936"},"modified":"2020-10-16T22:15:25","modified_gmt":"2020-10-16T20:15:25","slug":"video-missatge-de-lalcaldessa-amb-motiu-de-lentrada-en-vigor-de-les-noves-mesures","status":"publish","type":"post","link":"https:\/\/bisbalpenedes.com\/web\/2020\/10\/16\/video-missatge-de-lalcaldessa-amb-motiu-de-lentrada-en-vigor-de-les-noves-mesures\/","title":{"rendered":"V\u00cdDEO | Missatge de l&#8217;alcaldessa amb motiu de l&#8217;entrada en vigor de les noves mesures"},"content":{"rendered":"<div class=\"kvgmc6g5 cxmmr5t8 oygrvhab hcukyx3x c1et5uql ii04i59q\">\n<div dir=\"auto\"><span style=\"color: #000000;\">Missatge de l&#8217;alcaldessa de la Bisbal del Pened\u00e8s, Agn\u00e8s Ferr\u00e9, amb motiu de l&#8217;entrada en vigor -aquest divendres 16 d&#8217;octubre- de les noves mesures per frenar els contagis de Covid-19.<\/span><\/div>\n<\/div>\n<div class=\"o9v6fnle cxmmr5t8 oygrvhab hcukyx3x c1et5uql ii04i59q\">\n<div dir=\"auto\">\n<hr \/>\n<\/div>\n<\/div>\n<div class=\"o9v6fnle cxmmr5t8 oygrvhab hcukyx3x c1et5uql ii04i59q\">\n<div dir=\"auto\"><span style=\"color: #000000;\">Mensaje de la alcaldesa de la Bisbal del Pened\u00e8s, Agn\u00e8s Ferr\u00e9, con motivo de la entrada en vigor -este viernes 16 de octubre- de las nuevas medidas para frenar los contagios de Covid-19.<\/span><\/div>\n<div dir=\"auto\"><\/div>\n<\/div>\n<p><iframe loading=\"lazy\" style=\"border: none; overflow: hidden;\" src=\"https:\/\/www.facebook.com\/plugins\/video.php?height=314&amp;href=https%3A%2F%2Fwww.facebook.com%2FBisbalPenedes%2Fvideos%2F395943334776650%2F&amp;show_text=false&amp;width=560\" width=\"560\" height=\"314\" frameborder=\"0\" scrolling=\"no\" allowfullscreen=\"allowfullscreen\"><\/iframe><\/p>\n","protected":false},"excerpt":{"rendered":"<p>Missatge de l&#8217;alcaldessa de la Bisbal del Pened\u00e8s, Agn\u00e8s Ferr\u00e9, amb motiu de l&#8217;entrada en vigor -aquest divendres 16 d&#8217;octubre- de les noves mesures per frenar els contagis de Covid-19. &hellip; <a href=\"https:\/\/bisbalpenedes.com\/web\/2020\/10\/16\/video-missatge-de-lalcaldessa-amb-motiu-de-lentrada-en-vigor-de-les-noves-mesures\/\" class=\"more-link\">Read More<\/a><\/p>\n","protected":false},"author":4,"featured_media":14937,"comment_status":"closed","ping_status":"closed","sticky":false,"template":"","format":"standard","meta":[],"categories":[2057,3636,8],"tags":[1252,3550,3559],"_links":{"self":[{"href":"https:\/\/bisbalpenedes.com\/web\/wp-json\/wp\/v2\/posts\/14936"}],"collection":[{"href":"https:\/\/bisbalpenedes.com\/web\/wp-json\/wp\/v2\/posts"}],"about":[{"href":"https:\/\/bisbalpenedes.com\/web\/wp-json\/wp\/v2\/types\/post"}],"author":[{"embeddable":true,"href":"https:\/\/bisbalpenedes.com\/web\/wp-json\/wp\/v2\/users\/4"}],"replies":[{"embeddable":true,"href":"https:\/\/bisbalpenedes.com\/web\/wp-json\/wp\/v2\/comments?post=14936"}],"version-history":[{"count":1,"href":"https:\/\/bisbalpenedes.com\/web\/wp-json\/wp\/v2\/posts\/14936\/revisions"}],"predecessor-version":[{"id":14938,"href":"https:\/\/bisbalpenedes.com\/web\/wp-json\/wp\/v2\/posts\/14936\/revisions\/14938"}],"wp:featuredmedia":[{"embeddable":true,"href":"https:\/\/bisbalpenedes.com\/web\/wp-json\/wp\/v2\/media\/14937"}],"wp:attachment":[{"href":"https:\/\/bisbalpenedes.com\/web\/wp-json\/wp\/v2\/media?parent=14936"}],"wp:term":[{"taxonomy":"category","embeddable":true,"href":"https:\/\/bisbalpenedes.com\/web\/wp-json\/wp\/v2\/categories?post=14936"},{"taxonomy":"post_tag","embeddable":true,"href":"https:\/\/bisbalpenedes.com\/web\/wp-json\/wp\/v2\/tags?post=14936"}],"curies":[{"name":"wp","href":"https:\/\/api.w.org\/{rel}","templated":true}]}}