{"id":14920,"date":"2020-10-16T07:00:40","date_gmt":"2020-10-16T05:00:40","guid":{"rendered":"http:\/\/bisbalpenedes.com\/web\/?p=14920"},"modified":"2020-10-16T10:28:51","modified_gmt":"2020-10-16T08:28:51","slug":"es-cancella-el-concert-de-prades-cor-previst-per-diumenge","status":"publish","type":"post","link":"https:\/\/bisbalpenedes.com\/web\/2020\/10\/16\/es-cancella-el-concert-de-prades-cor-previst-per-diumenge\/","title":{"rendered":"Es cancel\u00b7la el concert de Prades Cor previst per diumenge"},"content":{"rendered":"<p style=\"text-align: justify;\"><span style=\"color: #000000;\">Segons ens informen des de l&#8217;Associaci\u00f3 Cors\u00a0<span class=\"hiddenSpellError\">Antistiana<\/span>\u00a0el concert de tardor previst per al pr\u00f2xim diumenge 18 d&#8217;octubre a c\u00e0rrec de Prades Cor queda cancel\u00b7lat. Per a m\u00e9s informaci\u00f3 adreceu-vos a l&#8217;entitat.<\/span><\/p>\n<hr \/>\n<p style=\"text-align: justify;\">\n<span style=\"color: #000000;\">Seg\u00fan nos informan desde la Associaci\u00f3 Cors Antistiana el concierto de oto\u00f1o previsto para el pr\u00f3ximo domingo 18 de octubre a cargo de Prades Cor queda cancelado. Para m\u00e1s informaci\u00f3n dirig\u00edos a la entidad.<\/span><\/p>\n<p style=\"text-align: justify;\"><a href=\"http:\/\/bisbalpenedes.com\/web\/wp-content\/uploads\/2020\/10\/CONCERT-PRADES-COR-CANCELLAT.png\"><img loading=\"lazy\" class=\"aligncenter size-large wp-image-14921\" src=\"http:\/\/bisbalpenedes.com\/web\/wp-content\/uploads\/2020\/10\/CONCERT-PRADES-COR-CANCELLAT-720x1024.png\" alt=\"CONCERT PRADES COR CANCELLAT\" width=\"630\" height=\"896\" srcset=\"https:\/\/bisbalpenedes.com\/web\/wp-content\/uploads\/2020\/10\/CONCERT-PRADES-COR-CANCELLAT-720x1024.png 720w, https:\/\/bisbalpenedes.com\/web\/wp-content\/uploads\/2020\/10\/CONCERT-PRADES-COR-CANCELLAT-600x853.png 600w, https:\/\/bisbalpenedes.com\/web\/wp-content\/uploads\/2020\/10\/CONCERT-PRADES-COR-CANCELLAT-211x300.png 211w, https:\/\/bisbalpenedes.com\/web\/wp-content\/uploads\/2020\/10\/CONCERT-PRADES-COR-CANCELLAT-768x1092.png 768w, https:\/\/bisbalpenedes.com\/web\/wp-content\/uploads\/2020\/10\/CONCERT-PRADES-COR-CANCELLAT.png 789w\" sizes=\"(max-width: 630px) 100vw, 630px\" \/><\/a><\/p>\n<h3><\/h3>\n","protected":false},"excerpt":{"rendered":"<p>Segons ens informen des de l&#8217;Associaci\u00f3 Cors\u00a0Antistiana\u00a0el concert de tardor previst per al pr\u00f2xim diumenge 18 d&#8217;octubre a c\u00e0rrec de Prades Cor queda cancel\u00b7lat. Per a m\u00e9s informaci\u00f3 adreceu-vos a &hellip; <a href=\"https:\/\/bisbalpenedes.com\/web\/2020\/10\/16\/es-cancella-el-concert-de-prades-cor-previst-per-diumenge\/\" class=\"more-link\">Read More<\/a><\/p>\n","protected":false},"author":4,"featured_media":14921,"comment_status":"closed","ping_status":"closed","sticky":false,"template":"","format":"standard","meta":[],"categories":[20,8],"tags":[],"_links":{"self":[{"href":"https:\/\/bisbalpenedes.com\/web\/wp-json\/wp\/v2\/posts\/14920"}],"collection":[{"href":"https:\/\/bisbalpenedes.com\/web\/wp-json\/wp\/v2\/posts"}],"about":[{"href":"https:\/\/bisbalpenedes.com\/web\/wp-json\/wp\/v2\/types\/post"}],"author":[{"embeddable":true,"href":"https:\/\/bisbalpenedes.com\/web\/wp-json\/wp\/v2\/users\/4"}],"replies":[{"embeddable":true,"href":"https:\/\/bisbalpenedes.com\/web\/wp-json\/wp\/v2\/comments?post=14920"}],"version-history":[{"count":1,"href":"https:\/\/bisbalpenedes.com\/web\/wp-json\/wp\/v2\/posts\/14920\/revisions"}],"predecessor-version":[{"id":14922,"href":"https:\/\/bisbalpenedes.com\/web\/wp-json\/wp\/v2\/posts\/14920\/revisions\/14922"}],"wp:featuredmedia":[{"embeddable":true,"href":"https:\/\/bisbalpenedes.com\/web\/wp-json\/wp\/v2\/media\/14921"}],"wp:attachment":[{"href":"https:\/\/bisbalpenedes.com\/web\/wp-json\/wp\/v2\/media?parent=14920"}],"wp:term":[{"taxonomy":"category","embeddable":true,"href":"https:\/\/bisbalpenedes.com\/web\/wp-json\/wp\/v2\/categories?post=14920"},{"taxonomy":"post_tag","embeddable":true,"href":"https:\/\/bisbalpenedes.com\/web\/wp-json\/wp\/v2\/tags?post=14920"}],"curies":[{"name":"wp","href":"https:\/\/api.w.org\/{rel}","templated":true}]}}