{"id":14917,"date":"2020-10-16T09:43:18","date_gmt":"2020-10-16T07:43:18","guid":{"rendered":"http:\/\/bisbalpenedes.com\/web\/?p=14917"},"modified":"2020-10-16T09:51:06","modified_gmt":"2020-10-16T07:51:06","slug":"avui-han-entrat-en-vigor-les-mesures-de-la-generalitat-per-frenar-lincrement-de-casos-de-covid-19","status":"publish","type":"post","link":"https:\/\/bisbalpenedes.com\/web\/2020\/10\/16\/avui-han-entrat-en-vigor-les-mesures-de-la-generalitat-per-frenar-lincrement-de-casos-de-covid-19\/","title":{"rendered":"Avui han entrat en vigor les mesures de la Generalitat per frenar l\u2019increment de casos de Covid-19"},"content":{"rendered":"<div class=\"\" data-block=\"true\" data-editor=\"8erud\" data-offset-key=\"4sn5o-0-0\">\n<div class=\"_1mf _1mj\" style=\"text-align: justify;\" data-offset-key=\"4sn5o-0-0\"><span style=\"color: #000000;\" data-offset-key=\"4sn5o-1-0\"><span data-text=\"true\">Avui han entrat en vigor les mesures de la Generalitat per frenar l\u2019increment de casos de Covid-19. <\/span><\/span><\/div>\n<\/div>\n<div class=\"\" style=\"text-align: justify;\" data-block=\"true\" data-editor=\"8erud\" data-offset-key=\"cj22b-0-0\">\n<div class=\"_1mf _1mj\" data-offset-key=\"cj22b-0-0\"><span style=\"color: #000000;\" data-offset-key=\"cj22b-0-0\">\u00a0<\/span><\/div>\n<\/div>\n<div class=\"\" style=\"text-align: justify;\" data-block=\"true\" data-editor=\"8erud\" data-offset-key=\"5sq5a-0-0\">\n<div class=\"_1mf _1mj\" data-offset-key=\"5sq5a-0-0\"><span style=\"color: #000000;\" data-offset-key=\"5sq5a-0-0\"><span data-text=\"true\">Tres de les mesures -reunions de m\u00e0xim 6 persones, classes virtuals a les universitats i aforament limitat als actes de culte- resten en suspens, a l\u2019espera de l\u2019autoritzaci\u00f3 del Tribunal Superior de Just\u00edcia de Catalunya (TSJC), tal com es detalla en l\u2019apartat 18 de la resoluci\u00f3. Tal com expressa el document: \u201cAquesta Resoluci\u00f3 entra en vigor en la data de la publicaci\u00f3 al DOGC, a excepci\u00f3 dels apartats 4, 6 pel que fa a les previsions que afecten els actes religiosos i 12, l&#8217;entrada en vigor dels quals es condiciona a la pr\u00e8via autoritzaci\u00f3 per part del Tribunal Superior de Just\u00edcia de Catalunya dictada a l&#8217;empara de l&#8217;article 10.8 de la Llei 29\/1998, de 13 de juliol, reguladora de la Jurisdicci\u00f3 Contenciosa Administrativa. Mentre no entra en vigor l&#8217;apartat 4 d&#8217;aquesta Resoluci\u00f3, es mant\u00e9 vigent la Resoluci\u00f3 SLT\/2480\/2020, de 8 d&#8217;octubre, per la qual es prorroguen les mesures especials en mat\u00e8ria de salut p\u00fablica per a la contenci\u00f3 del brot epid\u00e8mic de la pand\u00e8mia de COVID-19 en el territori de Catalunya\u201d. <\/span><\/span><\/div>\n<\/div>\n<div class=\"\" style=\"text-align: justify;\" data-block=\"true\" data-editor=\"8erud\" data-offset-key=\"9a4fi-0-0\">\n<div class=\"_1mf _1mj\" data-offset-key=\"9a4fi-0-0\"><span style=\"color: #000000;\" data-offset-key=\"9a4fi-0-0\">\u00a0<\/span><\/div>\n<\/div>\n<div class=\"\" data-block=\"true\" data-editor=\"8erud\" data-offset-key=\"7j675-0-0\">\n<div class=\"_1mf _1mj\" style=\"text-align: justify;\" data-offset-key=\"7j675-0-0\"><span data-offset-key=\"7j675-0-0\"><span data-text=\"true\"><span style=\"color: #000000;\">Podeu consultar la resoluci\u00f3 publicada al DOGC, aqu\u00ed:<\/span> <\/span><\/span><a href=\"https:\/\/docs.gestionaweb.cat\/1422\/1816959-1379200.pdf\" target=\"_blank\"><span class=\"py34i1dx\"><span data-offset-key=\"7j675-1-0\"><span data-text=\"true\">https:\/\/docs.gestionaweb.cat\/1422\/1816959-1379200.pdf<\/span><\/span><\/span><\/a><\/div>\n<\/div>\n<div class=\"\" data-block=\"true\" data-editor=\"8erud\" data-offset-key=\"cdpig-0-0\">\n<div class=\"_1mf _1mj\" data-offset-key=\"cdpig-0-0\"><span data-offset-key=\"cdpig-0-0\">\u00a0<\/span><\/div>\n<\/div>\n<div class=\"\" data-block=\"true\" data-editor=\"8erud\" data-offset-key=\"aa0on-0-0\">\n<div class=\"_1mf _1mj\" data-offset-key=\"aa0on-0-0\">\n<hr \/>\n<p><span data-offset-key=\"aa0on-0-0\"><span data-text=\"true\"><br \/>\n<\/span><\/span><\/p>\n<\/div>\n<\/div>\n<div class=\"\" data-block=\"true\" data-editor=\"8erud\" data-offset-key=\"cfjml-0-0\">\n<div class=\"_1mf _1mj\" style=\"text-align: justify;\" data-offset-key=\"cfjml-0-0\"><span style=\"color: #000000;\"><strong>CASTELLANO |<\/strong> Hoy han entrado en vigor las medidas de la Generalitat para frenar el incremento de casos de Covid-19.<\/span><\/div>\n<\/div>\n<div class=\"\" style=\"text-align: justify;\" data-block=\"true\" data-editor=\"8erud\" data-offset-key=\"5vt5j-0-0\">\n<div class=\"_1mf _1mj\" data-offset-key=\"5vt5j-0-0\"><span style=\"color: #000000;\" data-offset-key=\"5vt5j-0-0\">\u00a0<\/span><\/div>\n<\/div>\n<div class=\"\" style=\"text-align: justify;\" data-block=\"true\" data-editor=\"8erud\" data-offset-key=\"br78h-0-0\">\n<div class=\"_1mf _1mj\" data-offset-key=\"br78h-0-0\"><span style=\"color: #000000;\" data-offset-key=\"br78h-0-0\"><span data-text=\"true\">Tres de las medidas -reuniones de m\u00e1ximo 6 personas, clases virtuales en las universidades y aforo limitado en los actos de culto- todav\u00eda est\u00e1n en suspense, a la espera de la autorizaci\u00f3n del Tribunal Superior de Justicia de Catalunya (TSJC), tal como se detalla en el apartado 18 de la resoluci\u00f3n. Tal como expresa el documento: \u201cEsta Resoluci\u00f3n entra en vigor en la fecha de la publicaci\u00f3n en el DOGC, a excepci\u00f3n de los apartados 4, 6 en cuanto a las previsiones que afectan a los actos religiosos y 12, la entrada en vigor de los cuales se condiciona a la previa autorizaci\u00f3n por parte del Tribunal Superior de Justicia de Catalunya dictada a la empara del art\u00edculo 10.8 de la Ley 29\/1998, de 13 de julio, reguladora de la Jurisdicci\u00f3n Contenciosa Administrativa. Mientras no entra en vigor el apartado 4 de esta Resoluci\u00f3n, se mantiene vigente la Resoluci\u00f3n SLT\/2480\/2020, de 8 de octubre, por la cual se prorrogan las medidas especiales en materia de salud p\u00fablica para la contenci\u00f3n del brote epid\u00e9mico de la pandemia de COVID-19 en el territorio de Catalunya\u201d. <\/span><\/span><\/div>\n<\/div>\n<div class=\"\" style=\"text-align: justify;\" data-block=\"true\" data-editor=\"8erud\" data-offset-key=\"643ok-0-0\">\n<div class=\"_1mf _1mj\" data-offset-key=\"643ok-0-0\"><span style=\"color: #000000;\" data-offset-key=\"643ok-0-0\">\u00a0<\/span><\/div>\n<\/div>\n<div class=\"\" data-block=\"true\" data-editor=\"8erud\" data-offset-key=\"8adel-0-0\">\n<div class=\"_1mf _1mj\" style=\"text-align: justify;\" data-offset-key=\"8adel-0-0\"><span data-offset-key=\"8adel-0-0\"><span data-text=\"true\"><span style=\"color: #000000;\">Pod\u00e9is consultar la resoluci\u00f3n publicada en el DOGC, aqu\u00ed:<\/span> <\/span><\/span><a href=\"https:\/\/docs.gestionaweb.cat\/1422\/1816959-1379200.pdf\" target=\"_blank\"><span class=\"py34i1dx\"><span data-offset-key=\"8adel-1-0\"><span data-text=\"true\">https:\/\/docs.gestionaweb.cat\/1422\/1816959-1379200.pdf<\/span><\/span><\/span><\/a><\/div>\n<\/div>\n<div class=\"\" data-block=\"true\" data-editor=\"8erud\" data-offset-key=\"cbp94-0-0\">\n<div class=\"_1mf _1mj\" data-offset-key=\"cbp94-0-0\"><span data-offset-key=\"cbp94-0-0\">\u00a0<\/span><\/div>\n<\/div>\n<div class=\"\" data-block=\"true\" data-editor=\"8erud\" data-offset-key=\"5koi2-0-0\">\n<div class=\"_1mf _1mj\" data-offset-key=\"5koi2-0-0\"><span data-offset-key=\"5koi2-0-0\"><a href=\"http:\/\/bisbalpenedes.com\/web\/wp-content\/uploads\/2020\/10\/NOVES-MESURES-COVID-19-14-OCT-20.jpeg\"><img loading=\"lazy\" class=\"aligncenter size-large wp-image-14913\" src=\"http:\/\/bisbalpenedes.com\/web\/wp-content\/uploads\/2020\/10\/NOVES-MESURES-COVID-19-14-OCT-20-724x1024.jpeg\" alt=\"NOVES MESURES COVID-19 - 14 OCT 20\" width=\"630\" height=\"891\" srcset=\"https:\/\/bisbalpenedes.com\/web\/wp-content\/uploads\/2020\/10\/NOVES-MESURES-COVID-19-14-OCT-20-724x1024.jpeg 724w, https:\/\/bisbalpenedes.com\/web\/wp-content\/uploads\/2020\/10\/NOVES-MESURES-COVID-19-14-OCT-20-600x849.jpeg 600w, https:\/\/bisbalpenedes.com\/web\/wp-content\/uploads\/2020\/10\/NOVES-MESURES-COVID-19-14-OCT-20-212x300.jpeg 212w, https:\/\/bisbalpenedes.com\/web\/wp-content\/uploads\/2020\/10\/NOVES-MESURES-COVID-19-14-OCT-20-768x1086.jpeg 768w, https:\/\/bisbalpenedes.com\/web\/wp-content\/uploads\/2020\/10\/NOVES-MESURES-COVID-19-14-OCT-20.jpeg 1240w\" sizes=\"(max-width: 630px) 100vw, 630px\" \/><\/a><\/span><\/div>\n<\/div>\n<div class=\"\" data-block=\"true\" data-editor=\"8erud\" data-offset-key=\"cs1jf-0-0\"><\/div>\n","protected":false},"excerpt":{"rendered":"<p>Avui han entrat en vigor les mesures de la Generalitat per frenar l\u2019increment de casos de Covid-19. \u00a0 Tres de les mesures -reunions de m\u00e0xim 6 persones, classes virtuals a &hellip; <a href=\"https:\/\/bisbalpenedes.com\/web\/2020\/10\/16\/avui-han-entrat-en-vigor-les-mesures-de-la-generalitat-per-frenar-lincrement-de-casos-de-covid-19\/\" class=\"more-link\">Read More<\/a><\/p>\n","protected":false},"author":4,"featured_media":14913,"comment_status":"closed","ping_status":"closed","sticky":false,"template":"","format":"standard","meta":[],"categories":[4095,8,14],"tags":[3562,31,419,3559,865,82,3563],"_links":{"self":[{"href":"https:\/\/bisbalpenedes.com\/web\/wp-json\/wp\/v2\/posts\/14917"}],"collection":[{"href":"https:\/\/bisbalpenedes.com\/web\/wp-json\/wp\/v2\/posts"}],"about":[{"href":"https:\/\/bisbalpenedes.com\/web\/wp-json\/wp\/v2\/types\/post"}],"author":[{"embeddable":true,"href":"https:\/\/bisbalpenedes.com\/web\/wp-json\/wp\/v2\/users\/4"}],"replies":[{"embeddable":true,"href":"https:\/\/bisbalpenedes.com\/web\/wp-json\/wp\/v2\/comments?post=14917"}],"version-history":[{"count":2,"href":"https:\/\/bisbalpenedes.com\/web\/wp-json\/wp\/v2\/posts\/14917\/revisions"}],"predecessor-version":[{"id":14919,"href":"https:\/\/bisbalpenedes.com\/web\/wp-json\/wp\/v2\/posts\/14917\/revisions\/14919"}],"wp:featuredmedia":[{"embeddable":true,"href":"https:\/\/bisbalpenedes.com\/web\/wp-json\/wp\/v2\/media\/14913"}],"wp:attachment":[{"href":"https:\/\/bisbalpenedes.com\/web\/wp-json\/wp\/v2\/media?parent=14917"}],"wp:term":[{"taxonomy":"category","embeddable":true,"href":"https:\/\/bisbalpenedes.com\/web\/wp-json\/wp\/v2\/categories?post=14917"},{"taxonomy":"post_tag","embeddable":true,"href":"https:\/\/bisbalpenedes.com\/web\/wp-json\/wp\/v2\/tags?post=14917"}],"curies":[{"name":"wp","href":"https:\/\/api.w.org\/{rel}","templated":true}]}}