{"id":14912,"date":"2020-10-15T13:42:22","date_gmt":"2020-10-15T11:42:22","guid":{"rendered":"http:\/\/bisbalpenedes.com\/web\/?p=14912"},"modified":"2020-10-15T13:42:35","modified_gmt":"2020-10-15T11:42:35","slug":"noves-mesures-per-aturar-lincrement-de-casos-de-covid-19","status":"publish","type":"post","link":"https:\/\/bisbalpenedes.com\/web\/2020\/10\/15\/noves-mesures-per-aturar-lincrement-de-casos-de-covid-19\/","title":{"rendered":"Noves mesures per aturar l&#8217;increment de casos de COVID-19"},"content":{"rendered":"<div class=\"\" data-block=\"true\" data-editor=\"7d182\" data-offset-key=\"2p4de-0-0\">\n<div class=\"_1mf _1mj\" data-offset-key=\"2p4de-0-0\"><span style=\"color: #000000;\" data-offset-key=\"2p4de-2-0\">La Generalitat de Catalunya ha anunciat noves mesures per aturar l&#8217;increment de casos de COVID-19 a Catalunya. Est\u00e0 previst que aquestes mesures entren en vigor aquesta mitjanit, una vegada publicades al DOGC, i que s&#8217;allarguin 15 dies.<\/span><\/div>\n<\/div>\n<div class=\"\" data-block=\"true\" data-editor=\"7d182\" data-offset-key=\"c9upf-0-0\">\n<div class=\"_1mf _1mj\" data-offset-key=\"c9upf-0-0\"><span data-offset-key=\"c9upf-0-0\"><span style=\"color: #000000;\">Us adjuntem una infografia sobre les noves mesures i un enlla\u00e7 amb m\u00e9s informaci\u00f3:<\/span> <\/span><span class=\"py34i1dx\"><a href=\"https:\/\/canalsalut.gencat.cat\/ca\/salut-a-z\/c\/coronavirus-2019-ncov\/ciutadania\/mesures-per-contenir-els-brots\/mesures-per-contenir-els-brots-aplicables-a-tot-catalunya\/\" target=\"_blank\">https:\/\/canalsalut.gencat.cat\/ca\/salut-a-z\/c\/coronavirus-2019-ncov\/ciutadania\/mesures-per-contenir-els-brots\/mesures-per-contenir-els-brots-aplicables-a-tot-catalunya\/<\/a><\/span><\/div>\n<\/div>\n<div class=\"\" data-block=\"true\" data-editor=\"7d182\" data-offset-key=\"pre2-0-0\">\n<div class=\"_1mf _1mj\" data-offset-key=\"pre2-0-0\"><span data-offset-key=\"pre2-0-0\">\u00a0<\/span><\/div>\n<\/div>\n<div class=\"\" data-block=\"true\" data-editor=\"7d182\" data-offset-key=\"42lod-0-0\">\n<div class=\"_1mf _1mj\" data-offset-key=\"42lod-0-0\">\n<hr \/>\n<p><span data-offset-key=\"42lod-0-0\"><br \/>\n<\/span><\/p>\n<\/div>\n<\/div>\n<div class=\"\" data-block=\"true\" data-editor=\"7d182\" data-offset-key=\"3h02c-0-0\">\n<div class=\"_1mf _1mj\" data-offset-key=\"3h02c-0-0\"><span style=\"color: #000000;\"><strong>CASTELLANO |<\/strong> La Generalitat de Catalunya ha anunciado nuevas medidas para frenar el incremento de casos de COVID-19 en Catalunya. Est\u00e1 previsto que estas medidas entren en vigor esta medianoche, una vez publicadas en el DOGC, y que se alarguen 15 d\u00edas.<\/span><\/div>\n<\/div>\n<div class=\"\" data-block=\"true\" data-editor=\"7d182\" data-offset-key=\"2hjt0-0-0\">\n<div class=\"_1mf _1mj\" data-offset-key=\"2hjt0-0-0\"><span data-offset-key=\"2hjt0-0-0\"><span style=\"color: #000000;\">Os adjuntamos una infograf\u00eda sobre las nuevas medidas y un enlace con m\u00e1s informaci\u00f3n:<\/span> <\/span><span class=\"py34i1dx\"><a href=\"https:\/\/canalsalut.gencat.cat\/ca\/salut-a-z\/c\/coronavirus-2019-ncov\/ciutadania\/mesures-per-contenir-els-brots\/mesures-per-contenir-els-brots-aplicables-a-tot-catalunya\/\" target=\"_blank\">https:\/\/canalsalut.gencat.cat\/ca\/salut-a-z\/c\/coronavirus-2019-ncov\/ciutadania\/mesures-per-contenir-els-brots\/mesures-per-contenir-els-brots-aplicables-a-tot-catalunya\/<\/a><\/span><\/div>\n<div class=\"_1mf _1mj\" data-offset-key=\"2hjt0-0-0\"><\/div>\n<div class=\"_1mf _1mj\" data-offset-key=\"2hjt0-0-0\"><a href=\"http:\/\/bisbalpenedes.com\/web\/wp-content\/uploads\/2020\/10\/NOVES-MESURES-COVID-19-14-OCT-20.jpeg\"><img loading=\"lazy\" class=\"aligncenter size-large wp-image-14913\" src=\"http:\/\/bisbalpenedes.com\/web\/wp-content\/uploads\/2020\/10\/NOVES-MESURES-COVID-19-14-OCT-20-724x1024.jpeg\" alt=\"NOVES MESURES COVID-19 - 14 OCT 20\" width=\"630\" height=\"891\" srcset=\"https:\/\/bisbalpenedes.com\/web\/wp-content\/uploads\/2020\/10\/NOVES-MESURES-COVID-19-14-OCT-20-724x1024.jpeg 724w, https:\/\/bisbalpenedes.com\/web\/wp-content\/uploads\/2020\/10\/NOVES-MESURES-COVID-19-14-OCT-20-600x849.jpeg 600w, https:\/\/bisbalpenedes.com\/web\/wp-content\/uploads\/2020\/10\/NOVES-MESURES-COVID-19-14-OCT-20-212x300.jpeg 212w, https:\/\/bisbalpenedes.com\/web\/wp-content\/uploads\/2020\/10\/NOVES-MESURES-COVID-19-14-OCT-20-768x1086.jpeg 768w, https:\/\/bisbalpenedes.com\/web\/wp-content\/uploads\/2020\/10\/NOVES-MESURES-COVID-19-14-OCT-20.jpeg 1240w\" sizes=\"(max-width: 630px) 100vw, 630px\" \/><\/a><\/div>\n<\/div>\n","protected":false},"excerpt":{"rendered":"<p>La Generalitat de Catalunya ha anunciat noves mesures per aturar l&#8217;increment de casos de COVID-19 a Catalunya. Est\u00e0 previst que aquestes mesures entren en vigor aquesta mitjanit, una vegada publicades &hellip; <a href=\"https:\/\/bisbalpenedes.com\/web\/2020\/10\/15\/noves-mesures-per-aturar-lincrement-de-casos-de-covid-19\/\" class=\"more-link\">Read More<\/a><\/p>\n","protected":false},"author":4,"featured_media":14913,"comment_status":"closed","ping_status":"closed","sticky":false,"template":"","format":"standard","meta":[],"categories":[4095,8,14],"tags":[4097,3550,4096,4098],"_links":{"self":[{"href":"https:\/\/bisbalpenedes.com\/web\/wp-json\/wp\/v2\/posts\/14912"}],"collection":[{"href":"https:\/\/bisbalpenedes.com\/web\/wp-json\/wp\/v2\/posts"}],"about":[{"href":"https:\/\/bisbalpenedes.com\/web\/wp-json\/wp\/v2\/types\/post"}],"author":[{"embeddable":true,"href":"https:\/\/bisbalpenedes.com\/web\/wp-json\/wp\/v2\/users\/4"}],"replies":[{"embeddable":true,"href":"https:\/\/bisbalpenedes.com\/web\/wp-json\/wp\/v2\/comments?post=14912"}],"version-history":[{"count":2,"href":"https:\/\/bisbalpenedes.com\/web\/wp-json\/wp\/v2\/posts\/14912\/revisions"}],"predecessor-version":[{"id":14915,"href":"https:\/\/bisbalpenedes.com\/web\/wp-json\/wp\/v2\/posts\/14912\/revisions\/14915"}],"wp:featuredmedia":[{"embeddable":true,"href":"https:\/\/bisbalpenedes.com\/web\/wp-json\/wp\/v2\/media\/14913"}],"wp:attachment":[{"href":"https:\/\/bisbalpenedes.com\/web\/wp-json\/wp\/v2\/media?parent=14912"}],"wp:term":[{"taxonomy":"category","embeddable":true,"href":"https:\/\/bisbalpenedes.com\/web\/wp-json\/wp\/v2\/categories?post=14912"},{"taxonomy":"post_tag","embeddable":true,"href":"https:\/\/bisbalpenedes.com\/web\/wp-json\/wp\/v2\/tags?post=14912"}],"curies":[{"name":"wp","href":"https:\/\/api.w.org\/{rel}","templated":true}]}}