{"id":14909,"date":"2020-10-15T12:21:05","date_gmt":"2020-10-15T10:21:05","guid":{"rendered":"http:\/\/bisbalpenedes.com\/web\/?p=14909"},"modified":"2020-10-15T12:21:35","modified_gmt":"2020-10-15T10:21:35","slug":"es-publica-la-relacio-dadmesos-i-exclosos-en-la-convocatoria-per-formar-part-de-les-borses-de-treball-de-la-brigada-municipal","status":"publish","type":"post","link":"https:\/\/bisbalpenedes.com\/web\/2020\/10\/15\/es-publica-la-relacio-dadmesos-i-exclosos-en-la-convocatoria-per-formar-part-de-les-borses-de-treball-de-la-brigada-municipal\/","title":{"rendered":"Relaci\u00f3 d\u2019admesos i exclosos en la convocat\u00f2ria per formar part de les borses de treball de la brigada municipal"},"content":{"rendered":"<p style=\"text-align: justify;\"><span style=\"color: #000000;\">L\u2019alcaldessa Agn\u00e8s Ferr\u00e9 va signar ahir dimecres 14 d\u2019octubre tres Decrets d\u2019Alcaldia per aprovar la relaci\u00f3 provisional d\u2019aspirants admesos i exclosos en el proc\u00e9s de selecci\u00f3 per a la constituci\u00f3 de les borses de treball de personal laboral temporal d\u2019operaris\/\u00e0ries:<\/span><\/p>\n<p style=\"padding-left: 30px; text-align: justify;\"><span style=\"color: #000000;\">-De jardineria i neteja de la via p\u00fablica<\/span><\/p>\n<p style=\"padding-left: 30px; text-align: justify;\"><span style=\"color: #000000;\">-D\u2019electricitat i enllumenat<\/span><\/p>\n<p style=\"padding-left: 30px; text-align: justify;\"><span style=\"color: #000000;\">-De reparacions i obres<\/span><\/p>\n<p style=\"text-align: justify;\"><span style=\"color: #000000;\">Les relacions provisionals es poden trobar al tauler d\u2019anuncis de la seu electr\u00f2nica on consten els admesos, els admesos que han de fer la prova de nivell de catal\u00e0 i els exclosos. Es pot accedir al taulell d\u2019anuncis entrant en aquest enlla\u00e7: <a style=\"color: #000000;\" href=\"http:\/\/bisbalpenedes.eadministracio.cat\/board\">http:\/\/bisbalpenedes.eadministracio.cat\/board<\/a><\/span><\/p>\n<p style=\"text-align: justify;\"><span style=\"color: #000000;\">Els sol\u00b7licitants podran presentar l\u2019acreditaci\u00f3 de posseir el certificat de nivell b\u00e0sic de catal\u00e0 (A2) fins al dia de la prova de catal\u00e0. Els aspirants exclosos disposen d\u2019un termini de 10 dies h\u00e0bils, a partir de la publicaci\u00f3 de l\u2019anunci, per formular reclamacions o esmenar els defectes que hagin motivat la seva exclusi\u00f3.<\/span><\/p>\n<hr \/>\n<p style=\"text-align: justify;\"><span style=\"color: #000000;\"><strong>CASTELLANO |<\/strong> La alcaldesa Agn\u00e8s Ferr\u00e9 firm\u00f3 ayer mi\u00e9rcoles 14 de octubre tres Decretos de Alcald\u00eda para aprobar la relaci\u00f3n provisional de aspirantes admitidos y excluidos en el proceso de selecci\u00f3n para la constituci\u00f3n de las bolsas de trabajo de personal laboral temporal de operarios\/as:<\/span><\/p>\n<p style=\"padding-left: 30px; text-align: justify;\"><span style=\"color: #000000;\">-De jardiner\u00eda y limpieza de la v\u00eda p\u00fablica<\/span><\/p>\n<p style=\"padding-left: 30px; text-align: justify;\"><span style=\"color: #000000;\">-De electricidad y alumbrado<\/span><\/p>\n<p style=\"padding-left: 30px; text-align: justify;\"><span style=\"color: #000000;\">-De reparaciones y obras<\/span><\/p>\n<p style=\"text-align: justify;\"><span style=\"color: #000000;\">Las relaciones provisionales se pueden encontrar en el tabl\u00f3n de anuncios de la sede electr\u00f3nica donde constan los admitidos, los admitidos que tienen que hacer la prueba de nivel de catal\u00e1n y los excluidos. Se puede acceder al tabl\u00f3n de anuncios entrando en este enlace: <a style=\"color: #000000;\" href=\"http:\/\/bisbalpenedes.eadministracio.cat\/board\">http:\/\/bisbalpenedes.eadministracio.cat\/board<\/a><\/span><\/p>\n<p style=\"text-align: justify;\"><span style=\"color: #000000;\">Los solicitantes podr\u00e1n presentar la acreditaci\u00f3n de poseer el certificado de nivel b\u00e1sico de catal\u00e1n (A2) hasta el d\u00eda de la prueba de catal\u00e1n. Los aspirantes excluidos disponen de un plazo de 10 d\u00edas h\u00e1biles, a partir de la publicaci\u00f3n del anuncio, para formular reclamaciones o enmendar los defectos que hayan motivado su exclusi\u00f3n.<\/span><\/p>\n","protected":false},"excerpt":{"rendered":"<p>L\u2019alcaldessa Agn\u00e8s Ferr\u00e9 va signar ahir dimecres 14 d\u2019octubre tres Decrets d\u2019Alcaldia per aprovar la relaci\u00f3 provisional d\u2019aspirants admesos i exclosos en el proc\u00e9s de selecci\u00f3 per a la constituci\u00f3 &hellip; <a href=\"https:\/\/bisbalpenedes.com\/web\/2020\/10\/15\/es-publica-la-relacio-dadmesos-i-exclosos-en-la-convocatoria-per-formar-part-de-les-borses-de-treball-de-la-brigada-municipal\/\" class=\"more-link\">Read More<\/a><\/p>\n","protected":false},"author":4,"featured_media":13964,"comment_status":"closed","ping_status":"closed","sticky":false,"template":"","format":"standard","meta":[],"categories":[2402,8,9],"tags":[2230,2456,2462,4094,2231,2232],"_links":{"self":[{"href":"https:\/\/bisbalpenedes.com\/web\/wp-json\/wp\/v2\/posts\/14909"}],"collection":[{"href":"https:\/\/bisbalpenedes.com\/web\/wp-json\/wp\/v2\/posts"}],"about":[{"href":"https:\/\/bisbalpenedes.com\/web\/wp-json\/wp\/v2\/types\/post"}],"author":[{"embeddable":true,"href":"https:\/\/bisbalpenedes.com\/web\/wp-json\/wp\/v2\/users\/4"}],"replies":[{"embeddable":true,"href":"https:\/\/bisbalpenedes.com\/web\/wp-json\/wp\/v2\/comments?post=14909"}],"version-history":[{"count":2,"href":"https:\/\/bisbalpenedes.com\/web\/wp-json\/wp\/v2\/posts\/14909\/revisions"}],"predecessor-version":[{"id":14911,"href":"https:\/\/bisbalpenedes.com\/web\/wp-json\/wp\/v2\/posts\/14909\/revisions\/14911"}],"wp:featuredmedia":[{"embeddable":true,"href":"https:\/\/bisbalpenedes.com\/web\/wp-json\/wp\/v2\/media\/13964"}],"wp:attachment":[{"href":"https:\/\/bisbalpenedes.com\/web\/wp-json\/wp\/v2\/media?parent=14909"}],"wp:term":[{"taxonomy":"category","embeddable":true,"href":"https:\/\/bisbalpenedes.com\/web\/wp-json\/wp\/v2\/categories?post=14909"},{"taxonomy":"post_tag","embeddable":true,"href":"https:\/\/bisbalpenedes.com\/web\/wp-json\/wp\/v2\/tags?post=14909"}],"curies":[{"name":"wp","href":"https:\/\/api.w.org\/{rel}","templated":true}]}}