{"id":14898,"date":"2020-10-14T19:52:23","date_gmt":"2020-10-14T17:52:23","guid":{"rendered":"http:\/\/bisbalpenedes.com\/web\/?p=14898"},"modified":"2020-10-14T19:52:23","modified_gmt":"2020-10-14T17:52:23","slug":"saprova-la-liquidacio-del-3r-trimestre-del-conveni-en-materia-de-serveis-socials-amb-el-consell-comarcal-del-baix-penedes","status":"publish","type":"post","link":"https:\/\/bisbalpenedes.com\/web\/2020\/10\/14\/saprova-la-liquidacio-del-3r-trimestre-del-conveni-en-materia-de-serveis-socials-amb-el-consell-comarcal-del-baix-penedes\/","title":{"rendered":"S\u2019aprova la liquidaci\u00f3 del 3r trimestre del conveni en mat\u00e8ria de serveis socials amb el Consell Comarcal del Baix Pened\u00e8s"},"content":{"rendered":"<p style=\"text-align: justify;\"><span style=\"color: #000000;\">La Junta de govern local del 13 d\u2019octubre de 2020 ha aprovat, a petici\u00f3 de la Regidoria de Benestar Social, la liquidaci\u00f3 del tercer trimestre de 2020 del conveni en mat\u00e8ria de Serveis Socials que l\u2019Ajuntament t\u00e9 amb el Consell Comarcal del Baix Pened\u00e8s (CCBP).<\/span><\/p>\n<p style=\"text-align: justify;\"><span style=\"color: #000000;\">La liquidaci\u00f3 aprovada ascendeix a 16.600,86\u20ac i correspon als serveis prestats durant el tercer trimestre de 2020 en mat\u00e8ria de:<\/span><\/p>\n<ul style=\"text-align: justify;\">\n<li><span style=\"color: #000000;\">Professionals i serveis socials b\u00e0sics: 9.471,61\u20ac<\/span><\/li>\n<li><span style=\"color: #000000;\">SAD depend\u00e8ncia i SAD social: 2.086,41\u20ac<\/span><\/li>\n<li><span style=\"color: #000000;\">Transport adaptat: 686,10\u20ac<\/span><\/li>\n<li><span style=\"color: #000000;\">Serveis d\u2019intervenci\u00f3 socioeducativa: 460,98\u20ac<\/span><\/li>\n<li><span style=\"color: #000000;\">Immigraci\u00f3: 268,94\u20ac<\/span><\/li>\n<li><span style=\"color: #000000;\">SIAD (Servei d\u2019Informaci\u00f3 i Atenci\u00f3 a les Dones): 291,06\u20ac<\/span><\/li>\n<li><span style=\"color: #000000;\">Despeses TIC: 92,47\u20ac<\/span><\/li>\n<li><span style=\"color: #000000;\">Educadors de carrer: 3.243,29\u20ac<\/span><\/li>\n<\/ul>\n<p style=\"text-align: justify;\"><span style=\"color: #000000;\">El 23 de mar\u00e7 de 2020 es va aprovar, mitjan\u00e7ant Decret d\u2019alcaldia, la pr\u00f2rroga del conveni de cooperaci\u00f3 interadministrativa amb el Consell Comarcal del Baix Pened\u00e8s en mat\u00e8ria de serveis socials (2016\/2019) subscrit entre el Consell Comarcal del Baix Pened\u00e8s i diversos ajuntaments de la comarca. L\u2019aportaci\u00f3 total de l\u2019Ajuntament de la Bisbal del Pened\u00e8s per a l\u2019any 2020 ser\u00e0 de 76.282,98\u20ac.<\/span><\/p>\n<hr \/>\n<p style=\"text-align: justify;\"><span style=\"color: #000000;\"><strong>CASTELLANO | <\/strong>La Junta de gobierno local del 13 de octubre de 2020 ha aprobado, a petici\u00f3n de la Concejal\u00eda de Bienestar Social, la liquidaci\u00f3n del tercer trimestre de 2020 del convenio en materia de Servicios Sociales que el Ayuntamiento tiene con el Consell Comarcal del Baix Pened\u00e8s (CCBP).<\/span><\/p>\n<p style=\"text-align: justify;\"><span style=\"color: #000000;\">La liquidaci\u00f3n aprobada asciende a 16.600,86\u20ac y corresponde a los servicios prestados durante el tercer trimestre de 2020 en materia de:<\/span><\/p>\n<ul style=\"text-align: justify;\">\n<li><span style=\"color: #000000;\">Profesionales y servicios sociales b\u00e1sicos: 9.471,61\u20ac<\/span><\/li>\n<li><span style=\"color: #000000;\">SAD dependencia i SAD social: 2.086,41\u20ac<\/span><\/li>\n<li><span style=\"color: #000000;\">Transporte adaptado: 686,10\u20ac<\/span><\/li>\n<li><span style=\"color: #000000;\">Servicios de intervenci\u00f3n socioeducativa: 460,98\u20ac<\/span><\/li>\n<li><span style=\"color: #000000;\">Inmigraci\u00f3n: 268,94\u20ac<\/span><\/li>\n<li><span style=\"color: #000000;\">SIAD (Servicio de Informaci\u00f3n y Atenci\u00f3n a las Mujeres): 291,06\u20ac<\/span><\/li>\n<li><span style=\"color: #000000;\">Gastos TIC: 92,47\u20ac<\/span><\/li>\n<li><span style=\"color: #000000;\">Educadores de calle: 3.243,29\u20ac<\/span><\/li>\n<\/ul>\n<p style=\"text-align: justify;\"><span style=\"color: #000000;\">El 23 de marzo se aprob\u00f3, mediante Decreto de alcald\u00eda, la pr\u00f3rroga del convenio de cooperaci\u00f3n interadministrativa con el Consell Comarcal del Baix Pened\u00e8s en materia de servicios sociales (2016\/2019) suscrito entre el Consell Comarcal del Baix Pened\u00e8s y varios ayuntamientos de la comarca. La aportaci\u00f3n total del Ayuntamiento de la Bisbal del Pened\u00e8s para el a\u00f1o 2020 ser\u00e1 de 76.282,98\u20ac.<\/span><\/p>\n","protected":false},"excerpt":{"rendered":"<p>La Junta de govern local del 13 d\u2019octubre de 2020 ha aprovat, a petici\u00f3 de la Regidoria de Benestar Social, la liquidaci\u00f3 del tercer trimestre de 2020 del conveni en &hellip; <a href=\"https:\/\/bisbalpenedes.com\/web\/2020\/10\/14\/saprova-la-liquidacio-del-3r-trimestre-del-conveni-en-materia-de-serveis-socials-amb-el-consell-comarcal-del-baix-penedes\/\" class=\"more-link\">Read More<\/a><\/p>\n","protected":false},"author":4,"featured_media":3590,"comment_status":"closed","ping_status":"closed","sticky":false,"template":"","format":"standard","meta":[],"categories":[3851,8,17],"tags":[315,1064,1056,3325,3321,3281,4091,268,3648,3323],"_links":{"self":[{"href":"https:\/\/bisbalpenedes.com\/web\/wp-json\/wp\/v2\/posts\/14898"}],"collection":[{"href":"https:\/\/bisbalpenedes.com\/web\/wp-json\/wp\/v2\/posts"}],"about":[{"href":"https:\/\/bisbalpenedes.com\/web\/wp-json\/wp\/v2\/types\/post"}],"author":[{"embeddable":true,"href":"https:\/\/bisbalpenedes.com\/web\/wp-json\/wp\/v2\/users\/4"}],"replies":[{"embeddable":true,"href":"https:\/\/bisbalpenedes.com\/web\/wp-json\/wp\/v2\/comments?post=14898"}],"version-history":[{"count":2,"href":"https:\/\/bisbalpenedes.com\/web\/wp-json\/wp\/v2\/posts\/14898\/revisions"}],"predecessor-version":[{"id":14906,"href":"https:\/\/bisbalpenedes.com\/web\/wp-json\/wp\/v2\/posts\/14898\/revisions\/14906"}],"wp:featuredmedia":[{"embeddable":true,"href":"https:\/\/bisbalpenedes.com\/web\/wp-json\/wp\/v2\/media\/3590"}],"wp:attachment":[{"href":"https:\/\/bisbalpenedes.com\/web\/wp-json\/wp\/v2\/media?parent=14898"}],"wp:term":[{"taxonomy":"category","embeddable":true,"href":"https:\/\/bisbalpenedes.com\/web\/wp-json\/wp\/v2\/categories?post=14898"},{"taxonomy":"post_tag","embeddable":true,"href":"https:\/\/bisbalpenedes.com\/web\/wp-json\/wp\/v2\/tags?post=14898"}],"curies":[{"name":"wp","href":"https:\/\/api.w.org\/{rel}","templated":true}]}}