{"id":14894,"date":"2020-10-14T18:00:30","date_gmt":"2020-10-14T16:00:30","guid":{"rendered":"http:\/\/bisbalpenedes.com\/web\/?p=14894"},"modified":"2020-10-15T00:33:51","modified_gmt":"2020-10-14T22:33:51","slug":"saproven-els-beneficiaris-de-les-subvencions-a-autonomses-i-petites-empreses-afectades-per-la-crisi-sanitaria-ocasionada-per-la-covid-19","status":"publish","type":"post","link":"https:\/\/bisbalpenedes.com\/web\/2020\/10\/14\/saproven-els-beneficiaris-de-les-subvencions-a-autonomses-i-petites-empreses-afectades-per-la-crisi-sanitaria-ocasionada-per-la-covid-19\/","title":{"rendered":"S\u2019aproven els beneficiaris de les subvencions per a aut\u00f2noms\/es i petites empreses afectades per la crisi sanit\u00e0ria ocasionada per la Covid-19"},"content":{"rendered":"<p style=\"text-align: justify;\"><span style=\"color: #000000;\">La Junta de Govern local del 13 d\u2019octubre de 2020, a petici\u00f3 de les regidories de Comer\u00e7 i Ocupaci\u00f3, ha aprovat atorgar les subvencions a aut\u00f2noms\/es i petites empreses afectades per la crisi sanit\u00e0ria ocasionada per la Covid-19 a 6 sol\u00b7licitants, que se sumen als 8 sol\u00b7licitants que ja van ser declarats beneficiaris en la Junta de Govern local del 13 de juliol passat.<\/span><\/p>\n<p style=\"text-align: justify;\"><span style=\"color: #000000;\">La Junta de Govern local del 13 de juliol va aprovar declarar com a beneficiaris i atorgar les subvencions a 8 sol\u00b7licitants per un import total de 5.600\u20ac. Tamb\u00e9 es va requerir documentaci\u00f3 a 8 sol\u00b7licitants per poder valorar \u2013novament- les seves sol\u00b7licituds i es va aprovar declarar com a no beneficiaris a 8 sol\u00b7licitants per no complir amb els requisits de les bases de les subvencions.<\/span><\/p>\n<p style=\"text-align: justify;\"><span style=\"color: #000000;\">Ara, la Junta de Govern local ha aprovat l\u2019atorgament de les subvencions a 6 beneficiaris per un total de 4.000\u20ac (un rebr\u00e0 300\u20ac, tres rebran 700\u20ac cadascun i dos rebran 800\u20ac cadascun) i s\u2019han declarat 2 sol\u00b7licitants com a no beneficiaris per no complir els requisits establerts en les bases.<\/span><\/p>\n<p style=\"text-align: justify;\"><span style=\"color: #000000;\">Aix\u00ed doncs, en total s\u2019han presentat 24 sol\u00b7licituds i s\u2019ha aprovat atorgar la subvenci\u00f3 a 14 dels sol\u00b7licitants. L\u2019import total que destinar\u00e0 l\u2019Ajuntament de la Bisbal del Pened\u00e8s a aquesta subvenci\u00f3, per tant, ser\u00e0 de 9.600\u20ac a repartir entre els beneficiaris amb imports que varien en funci\u00f3 d\u2019all\u00f2 que establien les bases.<\/span><\/p>\n<p style=\"text-align: justify;\"><span style=\"color: #000000;\">L&#8217;equip de govern est\u00e0 estudiant obrir noves convocat\u00f2ries de subvencions tenint en compte\u00a0la possibilitat que es puguin perllongar\u00a0les mesures anunciades pel govern de la Generalitat que inclouen el tancament d&#8217;alguns establiments durant les pr\u00f2ximes setmanes.\u00a0<\/span><\/p>\n<hr \/>\n<p style=\"text-align: justify;\"><span style=\"color: #000000;\"><strong>CASTELLANO |\u00a0<\/strong>La Junta de Gobierno local del 13 de octubre de 2020, a petici\u00f3n de las concejal\u00edas de Comercio y Ocupaci\u00f3n ha aprobado otorgar las subvenciones a aut\u00f3nomos\/as y peque\u00f1as empresas afectadas por la crisis sanitaria ocasionada por la Covid-19 a 6 solicitantes, que se suman a los 8 solicitantes que ya fueron declarados beneficiarios en la Junta de Gobierno local del 13 de julio pasado.<\/span><\/p>\n<p style=\"text-align: justify;\"><span style=\"color: #000000;\">La Junta de Gobierno local del 13 de julio aprob\u00f3 declarar como beneficiarios y otorgar las subvenciones a 8 solicitantes por un importe total de 5.600\u20ac. Tambi\u00e9n se requiri\u00f3 documentaci\u00f3n a 8 solicitantes para poder valorar \u2013nuevamente- sus solicitudes y se aprob\u00f3 declarar como no beneficiarios a 8 solicitantes por no cumplir con los requisitos de las bases de las subvenciones.<\/span><\/p>\n<p style=\"text-align: justify;\"><span style=\"color: #000000;\">Ahora, la Junta de Gobierno local ha aprobado el otorgamiento de las subvenciones a 6 beneficiarios por un total de 4.000\u20ac (no recibir\u00e1 300\u20ac, tres recibir\u00e1n 700\u20ac cada uno y dos recibir\u00e1n 800\u20ac cada uno) y se han declarado 2 solicitantes como no beneficiarios por no cumplir los requisitos establecidos en las bases.<\/span><\/p>\n<p style=\"text-align: justify;\"><span style=\"color: #000000;\">As\u00ed pues, en total se han presentado 24 solicitudes y se ha aprobado otorgar la subvenci\u00f3n a 14 de los solicitantes. El importe total que el Ayuntamiento de la Bisbal del Pened\u00e8s destinar\u00e1 a esta subvenci\u00f3n, por lo tanto, ser\u00e1 de 9.600\u20ac a repartir entre los beneficiarios con importes que var\u00edan en funci\u00f3n de aquello que establec\u00edan las bases.<\/span><\/p>\n<p style=\"text-align: justify;\"><span style=\"color: #000000;\">El equipo de gobierno est\u00e1 estudiando abrir nuevas convocatorias de subvenciones teniendo en cuenta la posibilidad que se puedan prolongar las medidas anunciadas por el gobierno de la Generalitat que incluyen el cierre de algunos establecimientos durante las pr\u00f3ximas semanas.<\/span><\/p>\n","protected":false},"excerpt":{"rendered":"<p>La Junta de Govern local del 13 d\u2019octubre de 2020, a petici\u00f3 de les regidories de Comer\u00e7 i Ocupaci\u00f3, ha aprovat atorgar les subvencions a aut\u00f2noms\/es i petites empreses afectades &hellip; <a href=\"https:\/\/bisbalpenedes.com\/web\/2020\/10\/14\/saproven-els-beneficiaris-de-les-subvencions-a-autonomses-i-petites-empreses-afectades-per-la-crisi-sanitaria-ocasionada-per-la-covid-19\/\" class=\"more-link\">Read More<\/a><\/p>\n","protected":false},"author":4,"featured_media":13367,"comment_status":"closed","ping_status":"closed","sticky":false,"template":"","format":"standard","meta":[],"categories":[3860,8,9,1578],"tags":[3780,259,163,3559,162,10,3928,102],"_links":{"self":[{"href":"https:\/\/bisbalpenedes.com\/web\/wp-json\/wp\/v2\/posts\/14894"}],"collection":[{"href":"https:\/\/bisbalpenedes.com\/web\/wp-json\/wp\/v2\/posts"}],"about":[{"href":"https:\/\/bisbalpenedes.com\/web\/wp-json\/wp\/v2\/types\/post"}],"author":[{"embeddable":true,"href":"https:\/\/bisbalpenedes.com\/web\/wp-json\/wp\/v2\/users\/4"}],"replies":[{"embeddable":true,"href":"https:\/\/bisbalpenedes.com\/web\/wp-json\/wp\/v2\/comments?post=14894"}],"version-history":[{"count":4,"href":"https:\/\/bisbalpenedes.com\/web\/wp-json\/wp\/v2\/posts\/14894\/revisions"}],"predecessor-version":[{"id":14908,"href":"https:\/\/bisbalpenedes.com\/web\/wp-json\/wp\/v2\/posts\/14894\/revisions\/14908"}],"wp:featuredmedia":[{"embeddable":true,"href":"https:\/\/bisbalpenedes.com\/web\/wp-json\/wp\/v2\/media\/13367"}],"wp:attachment":[{"href":"https:\/\/bisbalpenedes.com\/web\/wp-json\/wp\/v2\/media?parent=14894"}],"wp:term":[{"taxonomy":"category","embeddable":true,"href":"https:\/\/bisbalpenedes.com\/web\/wp-json\/wp\/v2\/categories?post=14894"},{"taxonomy":"post_tag","embeddable":true,"href":"https:\/\/bisbalpenedes.com\/web\/wp-json\/wp\/v2\/tags?post=14894"}],"curies":[{"name":"wp","href":"https:\/\/api.w.org\/{rel}","templated":true}]}}