{"id":14873,"date":"2020-10-13T17:39:21","date_gmt":"2020-10-13T15:39:21","guid":{"rendered":"http:\/\/bisbalpenedes.com\/web\/?p=14873"},"modified":"2020-10-13T18:30:26","modified_gmt":"2020-10-13T16:30:26","slug":"el-dissabte-24-doctubre-a-les-12h-tindra-lloc-un-contacontes-per-a-adults-a-la-placa-de-lesglesia-en-el-marc-del-festival-eva","status":"publish","type":"post","link":"https:\/\/bisbalpenedes.com\/web\/2020\/10\/13\/el-dissabte-24-doctubre-a-les-12h-tindra-lloc-un-contacontes-per-a-adults-a-la-placa-de-lesglesia-en-el-marc-del-festival-eva\/","title":{"rendered":"El dissabte 24 d&#8217;octubre a les 12:30h tindr\u00e0 lloc un contacontes per a adults a la Pla\u00e7a de l&#8217;Esgl\u00e9sia en el marc del Festival EVA"},"content":{"rendered":"<p style=\"text-align: justify;\"><a href=\"http:\/\/bisbalpenedes.com\/web\/wp-content\/uploads\/2020\/10\/Eva20_Cartell_A3_LaBisbal_02.caxoto_page-0003.jpg\"><img loading=\"lazy\" class=\"aligncenter size-large wp-image-14875\" src=\"http:\/\/bisbalpenedes.com\/web\/wp-content\/uploads\/2020\/10\/Eva20_Cartell_A3_LaBisbal_02.caxoto_page-0003-724x1024.jpg\" alt=\"Eva20_Cartell_A3_LaBisbal_02.caxoto_page-0003\" width=\"630\" height=\"891\" srcset=\"https:\/\/bisbalpenedes.com\/web\/wp-content\/uploads\/2020\/10\/Eva20_Cartell_A3_LaBisbal_02.caxoto_page-0003-724x1024.jpg 724w, https:\/\/bisbalpenedes.com\/web\/wp-content\/uploads\/2020\/10\/Eva20_Cartell_A3_LaBisbal_02.caxoto_page-0003-600x849.jpg 600w, https:\/\/bisbalpenedes.com\/web\/wp-content\/uploads\/2020\/10\/Eva20_Cartell_A3_LaBisbal_02.caxoto_page-0003-212x300.jpg 212w, https:\/\/bisbalpenedes.com\/web\/wp-content\/uploads\/2020\/10\/Eva20_Cartell_A3_LaBisbal_02.caxoto_page-0003-768x1086.jpg 768w, https:\/\/bisbalpenedes.com\/web\/wp-content\/uploads\/2020\/10\/Eva20_Cartell_A3_LaBisbal_02.caxoto_page-0003.jpg 1754w\" sizes=\"(max-width: 630px) 100vw, 630px\" \/><\/a><\/p>\n<p style=\"text-align: justify;\"><span style=\"color: #000000;\"><b>El proper dissabte 24 d\u2019octubre, a les 12:30h, la pla\u00e7a de l\u2019Esgl\u00e9sia<\/b>\u00a0acollir\u00e0 un nou espectacle del Festival En Veu Alta &#8211; EVA. En aquest cas es tracta de la narraci\u00f3 de \u201cDe all\u00e1 de d\u00f3nde yo vengo&#8230;\u201d a c\u00e0rrec del gallec Caxoto, Felipe D\u00edaz.<\/span><\/p>\n<p style=\"text-align: justify;\"><span style=\"color: #000000;\">Es tracta d\u2019un espectacle adre\u00e7at al p\u00fablic adult en el qual el contacontes fa un recorregut a trav\u00e9s dels seus or\u00edgens gen\u00e8tics, geogr\u00e0fics, culturals i art\u00edstics. Des de la rica tradici\u00f3 oral fins als fets hist\u00f2rics i successos que envolten la seva vida i la de les persones amb les quals es relaciona. Tot un ampli repertori de petites i grans hist\u00f2ries que es barregen a partir d\u2019all\u00f2 explicat, d\u2019all\u00f2 escoltat i d\u2019all\u00f2 recordat. Un espectacle multidisciplinari on el conte, la m\u00fasica i la can\u00e7\u00f3 s\u2019abracen per donar lloc a una sessi\u00f3 de contes circular que, com la vida mateixa, acaba on comen\u00e7a.<\/span><\/p>\n<p style=\"text-align: justify;\"><span style=\"color: #000000;\"><b>L\u2019espectacle ser\u00e0 gratu\u00eft per als assistents per\u00f2 per accedir a l\u2019actuaci\u00f3 ser\u00e0 imprescindible reservar lloc pr\u00e8viament trucant al 608 56 88 81 o enviant un Whatsapp al 684 41 68 43. L\u2019aforament \u00e9s limitat.<\/b><\/span><\/p>\n<p style=\"text-align: justify;\"><span style=\"color: #000000;\"><b>Els assistents hauran de seguir totes les normes de seguretat i prevenci\u00f3 de la Covid-19:\u00a0<\/b>\u00fas de la mascareta obligat\u00f2ria, desinfecci\u00f3 de mans a l\u2019entrada, dist\u00e0ncia de seguretat en tot moment i control de temperatura als accessos. En tot moment s\u2019hauran de seguir i respectar les indicacions del personal municipal.<\/span><\/p>\n<hr \/>\n<p style=\"text-align: justify;\"><span style=\"color: #000000;\"><strong>CASTELLANO |<\/strong>\u00a0<b>El pr\u00f3ximo s\u00e1bado 24 de octubre, a las 12:30h, la plaza de la Iglesia<\/b>\u00a0acoger\u00e1 un nuevo espect\u00e1culo del Festival En Veu Alta \u2013 EVA. En este caso se trata de la narraci\u00f3n de \u201cDe all\u00e1 de d\u00f3nde yo vengo&#8230;\u201d a cargo del gallego Caxoto, Felipe D\u00edaz.<\/span><\/p>\n<p style=\"text-align: justify;\"><span style=\"color: #000000;\">Se trata de un espect\u00e1culo dirigido al p\u00fablico adulto en el que el cuentacuentos hace un recorrido a trav\u00e9s de sus or\u00edgenes gen\u00e9ticos, geogr\u00e1ficos, culturales y art\u00edsticos. Desde la rica tradici\u00f3n oral hasta los hechos hist\u00f3ricos y sucesos que rodean su vida y la de las personas con las que se relaciona. Un amplio repertorio de peque\u00f1as y grandes historias que se mezclan a partir de aquello explicado, de aquello escuchado y de aquello recordado. Un espect\u00e1culo multidisciplinar donde el cuento, la m\u00fasica y la canci\u00f3n se abrazan para dar lugar a una sesi\u00f3n de cuentos circular que, como la vida misma, termina donde empieza.<\/span><\/p>\n<p style=\"text-align: justify;\"><span style=\"color: #000000;\"><b>El espect\u00e1culo ser\u00e1 gratuito para los asistentes pero para acceder a la actuaci\u00f3n ser\u00e1 imprescindible reservar sitio previamente llamando al 608 56 88 82 o enviando un Whatsapp al 684 41 68 43. El aforo es limitado.<\/b><\/span><\/p>\n<p style=\"text-align: justify;\"><span style=\"color: #000000;\"><b>Los asistentes deber\u00e1n seguir todas las normas de seguridad y prevenci\u00f3n de la Covid-19:<\/b>\u00a0uso de la mascarilla obligatoria, desinfecci\u00f3n de manos a la entrada, distancia de seguridad en todo momento y control de temperatura en los accesos. En todo momento se tendr\u00e1n que seguir y respetar las indicaciones del personal municipal.<\/span><\/p>\n<p style=\"text-align: justify;\"><span style=\"color: #000000;\">\u00a0<\/span><\/p>\n","protected":false},"excerpt":{"rendered":"<p>El proper dissabte 24 d\u2019octubre, a les 12:30h, la pla\u00e7a de l\u2019Esgl\u00e9sia\u00a0acollir\u00e0 un nou espectacle del Festival En Veu Alta &#8211; EVA. En aquest cas es tracta de la narraci\u00f3 &hellip; <a href=\"https:\/\/bisbalpenedes.com\/web\/2020\/10\/13\/el-dissabte-24-doctubre-a-les-12h-tindra-lloc-un-contacontes-per-a-adults-a-la-placa-de-lesglesia-en-el-marc-del-festival-eva\/\" class=\"more-link\">Read More<\/a><\/p>\n","protected":false},"author":4,"featured_media":14875,"comment_status":"closed","ping_status":"closed","sticky":false,"template":"","format":"standard","meta":[],"categories":[2942,13,8],"tags":[4087,421,3559,1634,4088,1807,3748,4086],"_links":{"self":[{"href":"https:\/\/bisbalpenedes.com\/web\/wp-json\/wp\/v2\/posts\/14873"}],"collection":[{"href":"https:\/\/bisbalpenedes.com\/web\/wp-json\/wp\/v2\/posts"}],"about":[{"href":"https:\/\/bisbalpenedes.com\/web\/wp-json\/wp\/v2\/types\/post"}],"author":[{"embeddable":true,"href":"https:\/\/bisbalpenedes.com\/web\/wp-json\/wp\/v2\/users\/4"}],"replies":[{"embeddable":true,"href":"https:\/\/bisbalpenedes.com\/web\/wp-json\/wp\/v2\/comments?post=14873"}],"version-history":[{"count":3,"href":"https:\/\/bisbalpenedes.com\/web\/wp-json\/wp\/v2\/posts\/14873\/revisions"}],"predecessor-version":[{"id":14878,"href":"https:\/\/bisbalpenedes.com\/web\/wp-json\/wp\/v2\/posts\/14873\/revisions\/14878"}],"wp:featuredmedia":[{"embeddable":true,"href":"https:\/\/bisbalpenedes.com\/web\/wp-json\/wp\/v2\/media\/14875"}],"wp:attachment":[{"href":"https:\/\/bisbalpenedes.com\/web\/wp-json\/wp\/v2\/media?parent=14873"}],"wp:term":[{"taxonomy":"category","embeddable":true,"href":"https:\/\/bisbalpenedes.com\/web\/wp-json\/wp\/v2\/categories?post=14873"},{"taxonomy":"post_tag","embeddable":true,"href":"https:\/\/bisbalpenedes.com\/web\/wp-json\/wp\/v2\/tags?post=14873"}],"curies":[{"name":"wp","href":"https:\/\/api.w.org\/{rel}","templated":true}]}}