{"id":14860,"date":"2020-10-09T21:56:02","date_gmt":"2020-10-09T19:56:02","guid":{"rendered":"http:\/\/bisbalpenedes.com\/web\/?p=14860"},"modified":"2020-10-09T21:56:02","modified_gmt":"2020-10-09T19:56:02","slug":"avis-per-intensitat-de-pluja-per-al-dissabte-10-doctubre","status":"publish","type":"post","link":"https:\/\/bisbalpenedes.com\/web\/2020\/10\/09\/avis-per-intensitat-de-pluja-per-al-dissabte-10-doctubre\/","title":{"rendered":"Av\u00eds per intensitat de pluja per al dissabte 10 d&#8217;octubre"},"content":{"rendered":"<p style=\"text-align: justify;\"><span style=\"color: #000000;\">El Servei Meteorol\u00f2gic de Catalunya ha em\u00e8s un av\u00eds per intensitat de pluja per dem\u00e0 dissabte. Les pluges poden anar acompanyades localment de tempesta i \u00e9s possible que de calamarsa.<\/span><\/p>\n<hr \/>\n<p style=\"text-align: justify;\"><span style=\"color: #000000;\">El Servei Meteorol\u00f2gic de Catalunya ha emitido un aviso por intensidad de lluvia para ma\u00f1ana s\u00e1bado. Las lluvias pueden ir acompa\u00f1adas localmente de tormenta y es posible que de granizo.<\/span><\/p>\n<p><a href=\"http:\/\/bisbalpenedes.com\/web\/wp-content\/uploads\/2020\/10\/A8C681DA-8389-4AF2-A9DF-E4AAD3012B9D.jpeg\"><img loading=\"lazy\" class=\"aligncenter size-large wp-image-14861\" src=\"http:\/\/bisbalpenedes.com\/web\/wp-content\/uploads\/2020\/10\/A8C681DA-8389-4AF2-A9DF-E4AAD3012B9D-768x1024.jpeg\" alt=\"A8C681DA-8389-4AF2-A9DF-E4AAD3012B9D\" width=\"630\" height=\"840\" srcset=\"https:\/\/bisbalpenedes.com\/web\/wp-content\/uploads\/2020\/10\/A8C681DA-8389-4AF2-A9DF-E4AAD3012B9D-768x1024.jpeg 768w, https:\/\/bisbalpenedes.com\/web\/wp-content\/uploads\/2020\/10\/A8C681DA-8389-4AF2-A9DF-E4AAD3012B9D-600x800.jpeg 600w, https:\/\/bisbalpenedes.com\/web\/wp-content\/uploads\/2020\/10\/A8C681DA-8389-4AF2-A9DF-E4AAD3012B9D-225x300.jpeg 225w, https:\/\/bisbalpenedes.com\/web\/wp-content\/uploads\/2020\/10\/A8C681DA-8389-4AF2-A9DF-E4AAD3012B9D-scaled.jpeg 1920w\" sizes=\"(max-width: 630px) 100vw, 630px\" \/><\/a><\/p>\n","protected":false},"excerpt":{"rendered":"<p>El Servei Meteorol\u00f2gic de Catalunya ha em\u00e8s un av\u00eds per intensitat de pluja per dem\u00e0 dissabte. Les pluges poden anar acompanyades localment de tempesta i \u00e9s possible que de calamarsa. &hellip; <a href=\"https:\/\/bisbalpenedes.com\/web\/2020\/10\/09\/avis-per-intensitat-de-pluja-per-al-dissabte-10-doctubre\/\" class=\"more-link\">Read More<\/a><\/p>\n","protected":false},"author":4,"featured_media":14861,"comment_status":"closed","ping_status":"closed","sticky":false,"template":"","format":"standard","meta":[],"categories":[2543,8],"tags":[3638,129,1188,2920],"_links":{"self":[{"href":"https:\/\/bisbalpenedes.com\/web\/wp-json\/wp\/v2\/posts\/14860"}],"collection":[{"href":"https:\/\/bisbalpenedes.com\/web\/wp-json\/wp\/v2\/posts"}],"about":[{"href":"https:\/\/bisbalpenedes.com\/web\/wp-json\/wp\/v2\/types\/post"}],"author":[{"embeddable":true,"href":"https:\/\/bisbalpenedes.com\/web\/wp-json\/wp\/v2\/users\/4"}],"replies":[{"embeddable":true,"href":"https:\/\/bisbalpenedes.com\/web\/wp-json\/wp\/v2\/comments?post=14860"}],"version-history":[{"count":1,"href":"https:\/\/bisbalpenedes.com\/web\/wp-json\/wp\/v2\/posts\/14860\/revisions"}],"predecessor-version":[{"id":14862,"href":"https:\/\/bisbalpenedes.com\/web\/wp-json\/wp\/v2\/posts\/14860\/revisions\/14862"}],"wp:featuredmedia":[{"embeddable":true,"href":"https:\/\/bisbalpenedes.com\/web\/wp-json\/wp\/v2\/media\/14861"}],"wp:attachment":[{"href":"https:\/\/bisbalpenedes.com\/web\/wp-json\/wp\/v2\/media?parent=14860"}],"wp:term":[{"taxonomy":"category","embeddable":true,"href":"https:\/\/bisbalpenedes.com\/web\/wp-json\/wp\/v2\/categories?post=14860"},{"taxonomy":"post_tag","embeddable":true,"href":"https:\/\/bisbalpenedes.com\/web\/wp-json\/wp\/v2\/tags?post=14860"}],"curies":[{"name":"wp","href":"https:\/\/api.w.org\/{rel}","templated":true}]}}