{"id":14853,"date":"2020-10-08T14:20:18","date_gmt":"2020-10-08T12:20:18","guid":{"rendered":"http:\/\/bisbalpenedes.com\/web\/?p=14853"},"modified":"2020-10-08T14:20:18","modified_gmt":"2020-10-08T12:20:18","slug":"obertes-les-preinscripcions-per-al-curs-diniciacio-informatica-per-a-persones-aturades-majors-de-45-anys","status":"publish","type":"post","link":"https:\/\/bisbalpenedes.com\/web\/2020\/10\/08\/obertes-les-preinscripcions-per-al-curs-diniciacio-informatica-per-a-persones-aturades-majors-de-45-anys\/","title":{"rendered":"Obertes les preinscripcions per al curs d\u2019iniciaci\u00f3 inform\u00e0tica per a persones aturades majors de 45 anys"},"content":{"rendered":"<p style=\"text-align: justify;\"><span style=\"color: #000000;\">La Cambra de Comer\u00e7 de Tarragona i el Servei d\u2019Ocupaci\u00f3 Municipal de la Bisbal del Pened\u00e8s (SOM Bisbal) han organitzat un curs d\u2019iniciaci\u00f3 inform\u00e0tica adre\u00e7at a persones majors de 45 anys a l\u2019atur. El curs ser\u00e0 presencial i tindr\u00e0 una durada de 100 hores lectives.<\/span><\/p>\n<p style=\"text-align: justify;\"><span style=\"color: #000000;\">Segons ha explicat l\u2019alcaldessa de la Bisbal del Pened\u00e8s i responsable de l\u2019\u00e0rea d\u2019Ocupaci\u00f3, Agn\u00e8s Ferr\u00e9, \u201cel que pretenem amb aquest curs \u00e9s dotar els participants de coneixements i eines perqu\u00e8 es puguin desenvolupar de forma fluida amb les noves eines tecnol\u00f2giques. Aprendran a fer el curr\u00edculum, a fer tr\u00e0mits amb l\u2019administraci\u00f3 amb el certificat digital o a fer \u00fas del correu electr\u00f2nic\u201d.<\/span><\/p>\n<p style=\"text-align: justify;\"><span style=\"color: #000000;\">L\u2019objectiu del curs \u00e9s que les persones que hi participen puguin cercar feina utilitzant les noves tecnologies i abordar\u00e0 les seg\u00fcents \u00e0rees:<\/span><\/p>\n<p style=\"padding-left: 30px; text-align: justify;\"><span style=\"color: #000000;\">-Realitzaci\u00f3 de tr\u00e0mits electr\u00f2nics amb l\u2019administraci\u00f3<\/span><\/p>\n<p style=\"padding-left: 30px; text-align: justify;\"><span style=\"color: #000000;\">-Cerca de feina fent \u00fas de les noves tecnologies<\/span><\/p>\n<p style=\"padding-left: 30px; text-align: justify;\"><span style=\"color: #000000;\">-Creaci\u00f3 del curr\u00edculum i la carta de presentaci\u00f3<\/span><\/p>\n<p style=\"padding-left: 30px; text-align: justify;\"><span style=\"color: #000000;\">-Escaneig de documents i retoc d\u2019imatges<\/span><\/p>\n<p style=\"padding-left: 30px; text-align: justify;\"><span style=\"color: #000000;\">-\u00das del correu electr\u00f2nic<\/span><\/p>\n<p style=\"text-align: justify;\"><span style=\"color: #000000;\">Els usuaris tindran a la seva disposici\u00f3 ordinadors per realitzar el curs. Si algun usuari ho prefereix, podr\u00e0 portar el seu ordinador, ja sigui perqu\u00e8 hi t\u00e9 instal\u00b7lat el certificat digital o perqu\u00e8 prefereix familiaritzar-se amb un dispositiu propi.<\/span><\/p>\n<p style=\"text-align: justify;\"><span style=\"color: #000000;\">Per a m\u00e9s informaci\u00f3 o per a realitzar la vostra preinscripci\u00f3 us podeu adre\u00e7ar al correu electr\u00f2nic<\/span>\u00a0<a href=\"mailto:ocupacio@bisbalpenedes.com\">ocupacio@bisbalpenedes.com<\/a>.\u00a0<span style=\"color: #000000;\">L\u2019inici del curs est\u00e0 previst per al novembre, sempre que la situaci\u00f3 sanit\u00e0ria ho permeti i hi hagi un m\u00ednim de preinscripcions realitzades. Les places s\u00f3n limitades.<\/span><\/p>\n<p style=\"text-align: justify;\"><span style=\"color: #000000;\">Aquest curs est\u00e0 subvencionat per la Cambra de Comer\u00e7 Tarragona i es dur\u00e0 a terme amb totes les mesures establertes per a la prevenci\u00f3 de la Covid-19.<\/span><\/p>\n<div class=\"kvgmc6g5 cxmmr5t8 oygrvhab hcukyx3x c1et5uql ii04i59q\">\n<div dir=\"auto\"><strong><span style=\"color: #000000;\">Us recordem que el SOM Bisbal\u00a0continua treballant per introduir noves ofertes laborals i accions formatives.\u00a0<\/span><\/strong><strong><span style=\"color: #000000;\">Podeu accedir al Servei d\u2019Ocupaci\u00f3 Municipal a trav\u00e9s de l\u2019enlla\u00e7:\u00a0<a class=\"oajrlxb2 g5ia77u1 qu0x051f esr5mh6w e9989ue4 r7d6kgcz rq0escxv nhd2j8a9 nc684nl6 p7hjln8o kvgmc6g5 cxmmr5t8 oygrvhab hcukyx3x jb3vyjys rz4wbd8a qt6c0cv9 a8nywdso i1ao9s8h esuyzwwr f1sip0of lzcic4wl py34i1dx gpro0wi8\" style=\"color: #000000;\" tabindex=\"0\" href=\"https:\/\/bisbalpenedes.com\/web\/som-bisbal\/?fbclid=IwAR1Z8zilNv2D7FzmBFkNIlPq5KVKgLfZZbR0znvaCEm-A4HoHry_I0XoTlI\" target=\"_blank\" rel=\"nofollow noopener\">https:\/\/bisbalpenedes.com\/web\/som-bisbal\/<\/a><\/span><\/strong><\/div>\n<\/div>\n<div class=\"o9v6fnle cxmmr5t8 oygrvhab hcukyx3x c1et5uql ii04i59q\"><\/div>\n<div class=\"o9v6fnle cxmmr5t8 oygrvhab hcukyx3x c1et5uql ii04i59q\"><\/div>\n<hr \/>\n<p style=\"text-align: justify;\"><span style=\"color: #000000;\"><strong>CASTELLANO |<\/strong>\u00a0La C\u00e1mara de Comercio de Tarragona y el Servei d\u2019Ocupaci\u00f3 Municipal de la Bisbal del Pened\u00e8s (SOM Bisbal) han organizado un curso de iniciaci\u00f3n inform\u00e1tica dirigido a personas mayores de 45 a\u00f1os en paro. El curso ser\u00e1 presencial y tendr\u00e1 una duraci\u00f3n de 100 horas lectivas.<\/span><\/p>\n<p style=\"text-align: justify;\"><span style=\"color: #000000;\">Seg\u00fan ha explicado la alcaldesa de la Bisbal del Pened\u00e8s y responsable del \u00e1rea de Ocupaci\u00f3n, Agn\u00e8s Ferr\u00e9, \u201clo que pretendemos con este curso es dotar a los participantes de conocimientos y herramientas para que se puedan desarrollar de forma fluida con las nuevas herramientas tecnol\u00f3gicas. Aprender\u00e1n a hacer el curr\u00edculum, a hacer tr\u00e1mites con la administraci\u00f3n con el certificado digital o a hacer uso del correo electr\u00f3nico\u201d.<\/span><\/p>\n<p style=\"text-align: justify;\"><span style=\"color: #000000;\">El objetivo del curso es que las personas que participan en \u00e9l puedan buscar trabajo utilizando las nuevas tecnolog\u00edas y abordar\u00e1 las siguientes \u00e1reas:<\/span><\/p>\n<p style=\"text-align: justify;\"><span style=\"color: #000000;\">\u00a0\u00a0\u00a0\u00a0\u00a0\u00a0\u00a0\u00a0\u00a0\u00a0\u00a0\u00a0\u00a0\u00a0\u00a0 -Realizaci\u00f3n de tr\u00e1mites electr\u00f3nicos con la administraci\u00f3n<\/span><\/p>\n<p style=\"text-align: justify;\"><span style=\"color: #000000;\">\u00a0\u00a0\u00a0\u00a0\u00a0\u00a0\u00a0\u00a0\u00a0\u00a0\u00a0\u00a0\u00a0\u00a0\u00a0 -B\u00fasqueda de trabajo haciendo uso de las nuevas tecnolog\u00edas<\/span><\/p>\n<p style=\"text-align: justify;\"><span style=\"color: #000000;\">\u00a0\u00a0\u00a0\u00a0\u00a0\u00a0\u00a0\u00a0\u00a0\u00a0\u00a0\u00a0\u00a0\u00a0\u00a0 -Creaci\u00f3n del curr\u00edculum y la carta de presentaci\u00f3n<\/span><\/p>\n<p style=\"text-align: justify;\"><span style=\"color: #000000;\">\u00a0\u00a0\u00a0\u00a0\u00a0\u00a0\u00a0\u00a0\u00a0\u00a0\u00a0\u00a0\u00a0\u00a0\u00a0 -Escaneo de documentos y retoque de im\u00e1genes<\/span><\/p>\n<p style=\"text-align: justify;\"><span style=\"color: #000000;\">\u00a0\u00a0\u00a0\u00a0\u00a0\u00a0\u00a0\u00a0\u00a0\u00a0\u00a0\u00a0\u00a0\u00a0\u00a0 -Uso del correo electr\u00f3nico<\/span><\/p>\n<p style=\"text-align: justify;\"><span style=\"color: #000000;\">Los usuarios tendr\u00e1n a su disposici\u00f3n ordenadores para realizar el curso. Si alg\u00fan usuario lo prefiere, podr\u00e1 llevar su ordenador, ya sea porque tiene instalado el certificado digital o porque prefiere familiarizarse con un dispositivo propio.<\/span><\/p>\n<p style=\"text-align: justify;\"><span style=\"color: #000000;\">Para\u00a0 m\u00e1s informaci\u00f3n o para realizar vuestra preinscripci\u00f3n os pod\u00e9is dirigir al correo electr\u00f3nico<\/span>\u00a0<a href=\"mailto:ocupacio@bisbalpenedes.com\">ocupacio@bisbalpenedes.com<\/a>.\u00a0<span style=\"color: #000000;\">El inicio del curso est\u00e1 previsto para el mes de noviembre, siempre que la situaci\u00f3n sanitaria lo permita y haya un m\u00ednimo de preinscripciones realizadas. Las plazas son limitadas.<\/span><\/p>\n<p style=\"text-align: justify;\"><span style=\"color: #000000;\">Este curso est\u00e1 subvencionado por la C\u00e1mara de Comercio de Tarragona y se llevar\u00e1 a cabo con todas las medidas establecidas para la prevenci\u00f3n de la Covid-19.<\/span><\/p>\n<div class=\"o9v6fnle cxmmr5t8 oygrvhab hcukyx3x c1et5uql ii04i59q\">\n<div dir=\"auto\"><strong>Os recordamos que el SOM Bisbal contin\u00faa trabajando para introducir nuevas ofertas laborales y acciones formativas. Pod\u00e9is acceder al Servicio de Ocupaci\u00f3n Municipal a trav\u00e9s del enlace:<\/strong><\/div>\n<\/div>\n<div class=\"o9v6fnle cxmmr5t8 oygrvhab hcukyx3x c1et5uql ii04i59q\">\n<div dir=\"auto\"><strong><a class=\"oajrlxb2 g5ia77u1 qu0x051f esr5mh6w e9989ue4 r7d6kgcz rq0escxv nhd2j8a9 nc684nl6 p7hjln8o kvgmc6g5 cxmmr5t8 oygrvhab hcukyx3x jb3vyjys rz4wbd8a qt6c0cv9 a8nywdso i1ao9s8h esuyzwwr f1sip0of lzcic4wl py34i1dx gpro0wi8\" tabindex=\"0\" href=\"https:\/\/bisbalpenedes.com\/web\/som-bisbal\/?fbclid=IwAR0RHs4R7lFZLHN8GTNYXidFygYGjwC3GKcVMnWpiAzqIHAdsxj4r5jMT9g\" target=\"_blank\" rel=\"nofollow noopener\">https:\/\/bisbalpenedes.com\/web\/som-bisbal\/<\/a><\/strong><\/div>\n<div dir=\"auto\"><a href=\"http:\/\/bisbalpenedes.com\/web\/wp-content\/uploads\/2020\/09\/curs-iniciacio-informatica-cambra-majors-45-anys.jpg\"><img loading=\"lazy\" class=\"aligncenter size-large wp-image-14755\" src=\"http:\/\/bisbalpenedes.com\/web\/wp-content\/uploads\/2020\/09\/curs-iniciacio-informatica-cambra-majors-45-anys-724x1024.jpg\" alt=\"curs iniciacio informatica cambra majors 45 anys\" width=\"630\" height=\"891\" srcset=\"https:\/\/bisbalpenedes.com\/web\/wp-content\/uploads\/2020\/09\/curs-iniciacio-informatica-cambra-majors-45-anys-724x1024.jpg 724w, https:\/\/bisbalpenedes.com\/web\/wp-content\/uploads\/2020\/09\/curs-iniciacio-informatica-cambra-majors-45-anys-600x849.jpg 600w, https:\/\/bisbalpenedes.com\/web\/wp-content\/uploads\/2020\/09\/curs-iniciacio-informatica-cambra-majors-45-anys-212x300.jpg 212w, https:\/\/bisbalpenedes.com\/web\/wp-content\/uploads\/2020\/09\/curs-iniciacio-informatica-cambra-majors-45-anys-768x1087.jpg 768w, https:\/\/bisbalpenedes.com\/web\/wp-content\/uploads\/2020\/09\/curs-iniciacio-informatica-cambra-majors-45-anys.jpg 800w\" sizes=\"(max-width: 630px) 100vw, 630px\" \/><\/a><\/div>\n<\/div>\n","protected":false},"excerpt":{"rendered":"<p>La Cambra de Comer\u00e7 de Tarragona i el Servei d\u2019Ocupaci\u00f3 Municipal de la Bisbal del Pened\u00e8s (SOM Bisbal) han organitzat un curs d\u2019iniciaci\u00f3 inform\u00e0tica adre\u00e7at a persones majors de 45 &hellip; <a href=\"https:\/\/bisbalpenedes.com\/web\/2020\/10\/08\/obertes-les-preinscripcions-per-al-curs-diniciacio-informatica-per-a-persones-aturades-majors-de-45-anys\/\" class=\"more-link\">Read More<\/a><\/p>\n","protected":false},"author":4,"featured_media":14755,"comment_status":"closed","ping_status":"closed","sticky":false,"template":"","format":"standard","meta":[],"categories":[8,9],"tags":[262,4081,62,909,1532,10,4080,271],"_links":{"self":[{"href":"https:\/\/bisbalpenedes.com\/web\/wp-json\/wp\/v2\/posts\/14853"}],"collection":[{"href":"https:\/\/bisbalpenedes.com\/web\/wp-json\/wp\/v2\/posts"}],"about":[{"href":"https:\/\/bisbalpenedes.com\/web\/wp-json\/wp\/v2\/types\/post"}],"author":[{"embeddable":true,"href":"https:\/\/bisbalpenedes.com\/web\/wp-json\/wp\/v2\/users\/4"}],"replies":[{"embeddable":true,"href":"https:\/\/bisbalpenedes.com\/web\/wp-json\/wp\/v2\/comments?post=14853"}],"version-history":[{"count":1,"href":"https:\/\/bisbalpenedes.com\/web\/wp-json\/wp\/v2\/posts\/14853\/revisions"}],"predecessor-version":[{"id":14854,"href":"https:\/\/bisbalpenedes.com\/web\/wp-json\/wp\/v2\/posts\/14853\/revisions\/14854"}],"wp:featuredmedia":[{"embeddable":true,"href":"https:\/\/bisbalpenedes.com\/web\/wp-json\/wp\/v2\/media\/14755"}],"wp:attachment":[{"href":"https:\/\/bisbalpenedes.com\/web\/wp-json\/wp\/v2\/media?parent=14853"}],"wp:term":[{"taxonomy":"category","embeddable":true,"href":"https:\/\/bisbalpenedes.com\/web\/wp-json\/wp\/v2\/categories?post=14853"},{"taxonomy":"post_tag","embeddable":true,"href":"https:\/\/bisbalpenedes.com\/web\/wp-json\/wp\/v2\/tags?post=14853"}],"curies":[{"name":"wp","href":"https:\/\/api.w.org\/{rel}","templated":true}]}}