{"id":14844,"date":"2020-10-07T11:49:01","date_gmt":"2020-10-07T09:49:01","guid":{"rendered":"http:\/\/bisbalpenedes.com\/web\/?p=14844"},"modified":"2020-10-07T11:49:01","modified_gmt":"2020-10-07T09:49:01","slug":"el-17-i-el-31-doctubre-hi-haura-projeccions-de-pellicules-del-cicle-gaudi","status":"publish","type":"post","link":"https:\/\/bisbalpenedes.com\/web\/2020\/10\/07\/el-17-i-el-31-doctubre-hi-haura-projeccions-de-pellicules-del-cicle-gaudi\/","title":{"rendered":"El 17 i el 31 d&#8217;octubre hi haur\u00e0 projeccions de pel\u00b7l\u00edcules del Cicle Gaud\u00ed"},"content":{"rendered":"<p style=\"text-align: justify;\"><a href=\"http:\/\/bisbalpenedes.com\/web\/wp-content\/uploads\/2020\/10\/cartell-octubre-gaudi.png\"><img loading=\"lazy\" class=\"aligncenter size-large wp-image-14846\" src=\"http:\/\/bisbalpenedes.com\/web\/wp-content\/uploads\/2020\/10\/cartell-octubre-gaudi-724x1024.png\" alt=\"cartell octubre gaudi\" width=\"630\" height=\"891\" srcset=\"https:\/\/bisbalpenedes.com\/web\/wp-content\/uploads\/2020\/10\/cartell-octubre-gaudi-724x1024.png 724w, https:\/\/bisbalpenedes.com\/web\/wp-content\/uploads\/2020\/10\/cartell-octubre-gaudi-600x849.png 600w, https:\/\/bisbalpenedes.com\/web\/wp-content\/uploads\/2020\/10\/cartell-octubre-gaudi-212x300.png 212w, https:\/\/bisbalpenedes.com\/web\/wp-content\/uploads\/2020\/10\/cartell-octubre-gaudi-768x1086.png 768w, https:\/\/bisbalpenedes.com\/web\/wp-content\/uploads\/2020\/10\/cartell-octubre-gaudi.png 1587w\" sizes=\"(max-width: 630px) 100vw, 630px\" \/><\/a><a href=\"http:\/\/bisbalpenedes.com\/web\/wp-content\/uploads\/2020\/10\/instagram-octubre-gaudi\u0301.png\"><br \/>\n<\/a><a href=\"http:\/\/bisbalpenedes.com\/web\/wp-content\/uploads\/2020\/10\/cartell-octubre-gaudi.png\"><br \/>\n<\/a><span style=\"color: #000000;\">Aquest mes d&#8217;octubre tornarem a gaudir del Cicle Gaud\u00ed per partida doble al CMC. El dissabte 17 d&#8217;octubre, a les 18h, es projectar\u00e0 el documental\u00a0<strong>\u00bfPuedes o\u00edrme?<\/strong> i el 31 d&#8217;octubre, tamb\u00e9 a les 18h, podreu veure el film <strong>El meu germ\u00e0 persegueix dinosaures.<\/strong><\/span><\/p>\n<p style=\"text-align: justify;\"><span style=\"color: #000000;\">Les taquilles s\u2019obriran 30 minuts abans amb l\u2019objectiu de tenir un control dels assistents i poder-los ubicar respectant totes les mesures de seguretat per la Covid-19. L\u2019aforament ser\u00e0 limitat.<\/span><\/p>\n<p style=\"text-align: justify;\"><span style=\"color: #000000;\">El preu general de l\u2019entrada \u00e9s de 4,5\u20ac i s\u2019ofereix un preu redu\u00eft de 3\u20ac presentant el carnet de la Biblioteca Municipal de La Bisbal.<\/span><\/p>\n<p style=\"text-align: justify;\"><span style=\"color: #000000;\">Quant a la recaptaci\u00f3, aquesta es destinar\u00e0 a l\u2019entitat del poble que s\u2019encarregui de gestionar la taquilla en cadascuna de les projeccions.<\/span><\/p>\n<h1 style=\"text-align: justify;\"><span style=\"color: #000000;\"><strong>\u00bfPUEDES O\u00cdRME?<\/strong><\/span><\/h1>\n<p style=\"text-align: justify;\"><span style=\"color: #000000;\"><strong>FITXA<\/strong><strong>\u00a0T\u00c8CNICA<\/strong><\/span><\/p>\n<p style=\"text-align: justify;\"><span style=\"color: #000000;\">Direcci\u00f3:\u00a0<strong>Pedro Ballesteros<\/strong><\/span><\/p>\n<p style=\"text-align: justify;\"><span style=\"color: #000000;\">Gui\u00f3:\u00a0<strong>Pedro Ballesteros, Aurora Sulli<\/strong><\/span><\/p>\n<p style=\"text-align: justify;\"><span style=\"color: #000000;\">Producci\u00f3 executiva:\u00a0<strong>Laura Medina, Paco Poch<\/strong><\/span><\/p>\n<p style=\"text-align: justify;\"><span style=\"color: #000000;\">Producci\u00f3:\u00a0<strong>Jordi Marqu\u00e8s<\/strong><\/span><\/p>\n<p style=\"text-align: justify;\"><span style=\"color: #000000;\">So:\u00a0<strong>Francesc Gosalvez<\/strong><\/span><\/p>\n<p style=\"text-align: justify;\"><span style=\"color: #000000;\">Edici\u00f3:\u00a0<strong>Aurora Sulli<\/strong><\/span><\/p>\n<p style=\"text-align: justify;\"><span style=\"color: #000000;\">Estrena:\u00a0<strong>Octubre 2020<\/strong><\/span><\/p>\n<p style=\"text-align: justify;\"><span style=\"color: #000000;\">Durada:\u00a0<strong>75\u00a0min.<\/strong><\/span><\/p>\n<p style=\"text-align: justify;\"><span style=\"color: #000000;\">G\u00e8nere:\u00a0<strong>Documental<\/strong><\/span><\/p>\n<p style=\"text-align: justify;\"><span style=\"color: #000000;\">Versi\u00f3:\u00a0<strong>Castell\u00e0, Angl\u00e8s, Franc\u00e8s, Japon\u00e8s (subt\u00edtols en castell\u00e0)<\/strong><\/span><\/p>\n<p style=\"text-align: justify;\"><span style=\"color: #000000;\"><strong>\u00a0<\/strong><\/span><\/p>\n<p style=\"text-align: justify;\"><span style=\"color: #000000;\"><strong>SINOPSI<\/strong><\/span><\/p>\n<p style=\"text-align: justify;\"><span style=\"color: #000000;\">Les c\u00e8lebres escultures monumentals de Jaume Plensa ens esperen, en solitud, en diversos racons de la terra. \u201c\u00bfPuedes O\u00edrme?\u201d \u00e9s un documental que ens convida a con\u00e8ixer-les de la m\u00e0 d\u2019aquest creador i ens aproxima al seu pensament, a la seva po\u00e8tica, a la seva forma d\u2019entendre l\u2019art com a generador de bellesa i a la seva manera de llegir l\u2019espai p\u00fablic com un lloc de trobada per a la comunitat.<\/span><\/p>\n<p style=\"text-align: justify;\"><span style=\"color: #000000;\">Una immersi\u00f3 profunda en el proc\u00e9s creatiu d\u2019un dels artistes en actiu m\u00e9s destacats del panorama mundial. A trav\u00e9s de les seves emblem\u00e0tiques instal\u00b7lacions i peces en espais p\u00fablics d\u2019Espanya, Fran\u00e7a, Su\u00e8cia, EUA, Canad\u00e0 i Jap\u00f3, descobrim la senzilla filosofia de Plensa basada en la cerca de relacions harm\u00f2niques entre l\u2019obra, l\u2019entorn i els \u00e9ssers humans.<\/span><\/p>\n<p style=\"text-align: justify;\">\n<p style=\"text-align: justify;\"><iframe loading=\"lazy\" src=\"https:\/\/www.youtube.com\/embed\/WteH0oFNt6A\" width=\"560\" height=\"315\" frameborder=\"0\" allowfullscreen=\"allowfullscreen\"><\/iframe><\/p>\n<p style=\"text-align: justify;\">\n<h1 style=\"text-align: justify;\"><span style=\"color: #000000;\">EL MEU GERM\u00c0 PERSEGUEIX DINOSAURES<\/span><\/h1>\n<h4 style=\"text-align: justify;\"><span style=\"color: #000000;\">FITXA\u00a0T\u00c8CNICA<\/span><\/h4>\n<p style=\"text-align: justify;\"><span style=\"color: #000000;\">Direcci\u00f3:\u00a0<strong>Stefano Cipani<\/strong><\/span><\/p>\n<p style=\"text-align: justify;\"><span style=\"color: #000000;\">Gui\u00f3:\u00a0<strong>Fabio Bonifacci<\/strong><\/span><\/p>\n<p style=\"text-align: justify;\"><span style=\"color: #000000;\">M\u00fasica:\u00a0<strong>Lucas Vidal<\/strong><\/span><\/p>\n<p style=\"text-align: justify;\"><span style=\"color: #000000;\">Fotografia:\u00a0<strong>Sergi Bartrol\u00ed<\/strong><\/span><\/p>\n<p style=\"text-align: justify;\"><span style=\"color: #000000;\">Estrena:\u00a0<strong>Juliol 2020<\/strong><\/span><\/p>\n<p style=\"text-align: justify;\"><span style=\"color: #000000;\">Durada:\u00a0<strong>100\u00a0min.<\/strong><\/span><\/p>\n<p style=\"text-align: justify;\"><span style=\"color: #000000;\">G\u00e8nere:\u00a0<strong>Com\u00e8dia per a tots els p\u00fablics<\/strong><\/span><\/p>\n<p style=\"text-align: justify;\"><span style=\"color: #000000;\">Int\u00e8rprets:<\/span><br \/>\n<span style=\"color: #000000;\"> <strong>Alessandro Gassmann, Isabella Ragonese, Rossy de Palma, Luca Morello, Francesco Gheghi, Antonio Uras, Lorenzo Sisto<\/strong><\/span><\/p>\n<h4 style=\"text-align: justify;\"><span style=\"color: #000000;\">\u00a0<\/span><\/h4>\n<h4 style=\"text-align: justify;\"><span style=\"color: #000000;\">SINOPSI<\/span><\/h4>\n<p style=\"text-align: justify;\"><span style=\"color: #000000;\">En Jack t\u00e9 cinc anys, dues germanes i desitja amb totes les seves forces un germ\u00e0 per jugar a \u201ccoses de nois\u201d. Un dia, els pares li anuncien que tindr\u00e0 un germanet i que ser\u00e0 especial. En Jack est\u00e0 boig d\u2019alegria: \u201cespecial\u201d per a ell significa \u201csuperheroi\u201d. Per\u00f2 amb el pas del temps comen\u00e7a a sentir-se defraudat. El seu germ\u00e0 Giovanni no \u00e9s un superheroi, la realitat \u00e9s que ha nascut amb S\u00edndrome de Down. \u00c9s en aquest moment quan el seu entusiasme es transforma en rebuig i vergonya.<\/span><\/p>\n<p style=\"text-align: justify;\"><span style=\"color: #000000;\">Haur\u00e0 de passar l\u2019adolesc\u00e8ncia per adonar-se que la seva idea inicial no estava tan equivocada: el seu germ\u00e0 Gio contagia tanta vitalitat que arriba a concloure que potser s\u00ed que \u00e9s un superheroi de veritat; i que, en qualsevol cas, \u00e9s el seu millor amic.<\/span><\/p>\n<p style=\"text-align: justify;\"><span style=\"color: #000000;\"><em><strong>\u201cEL MEU GERM\u00c0 PERSEGUEIX DINOSAURES\u201d<\/strong><\/em><strong>\u00a0est\u00e0 basada en la hist\u00f2ria real de Giacomo Mazzariol, l\u2019autor del llibre original i \u201cJack\u201d a la vida real.<\/strong><\/span><\/p>\n<p style=\"text-align: justify;\">\n<p style=\"text-align: justify;\"><iframe loading=\"lazy\" src=\"https:\/\/www.youtube.com\/embed\/qCDkw9RAAws\" width=\"560\" height=\"315\" frameborder=\"0\" allowfullscreen=\"allowfullscreen\"><\/iframe><\/p>\n<p style=\"text-align: justify;\">\n<hr \/>\n<p style=\"text-align: justify;\"><span style=\"color: #000000;\"><strong>CASTELLANO |<\/strong> Este mes de octubre volveremos a disfrutar del Cicle Gaud\u00ed por partida doble en el CMC. El s\u00e1bado 17 de octubre, a las 18h, se proyectar\u00e1 el documental \u00bfPuedes o\u00edrme? y el 31 de octubre, tambi\u00e9n a las 18h, podr\u00e9is ver el film El meu germ\u00e0 persegueix dinosaures.<\/span><\/p>\n<p style=\"text-align: justify;\"><span style=\"color: #000000;\">Las taquillas se abrir\u00e1n 30 minutos antes con el objetivo de tener un control de los asistentes y poderlos ubicar respetando todas las medidas de seguridad por la Covid-19. El aforo ser\u00e1 limitado.<\/span><\/p>\n<p style=\"text-align: justify;\"><span style=\"color: #000000;\">El precio general de la entrada es de 4,5\u20ac y se ofrece un precio reducido de 3\u20ac presentando el carn\u00e9 de la Biblioteca Municipal de la Bisbal.<\/span><\/p>\n<p style=\"text-align: justify;\"><span style=\"color: #000000;\">En cuanto a la recaudaci\u00f3n, esta se destinar\u00e1 a la entidad del pueblo que se encargue de gestionar la taquilla en cada una de las proyecciones.<\/span><\/p>\n<p style=\"text-align: justify;\">\n<h1 style=\"text-align: justify;\"><span style=\"color: #000000;\">\u00bfPUEDES O\u00cdRME?<\/span><\/h1>\n<p style=\"text-align: justify;\"><span style=\"color: #000000;\"><strong>FICHA<\/strong><strong>\u00a0T\u00c9CNICA<\/strong><\/span><\/p>\n<p style=\"text-align: justify;\"><span style=\"color: #000000;\">Direcci\u00f3n:\u00a0<strong>Pedro Ballesteros<\/strong><\/span><\/p>\n<p style=\"text-align: justify;\"><span style=\"color: #000000;\">Gui\u00f3n:\u00a0<strong>Pedro Ballesteros, Aurora Sulli<\/strong><\/span><\/p>\n<p style=\"text-align: justify;\"><span style=\"color: #000000;\">Producci\u00f3n ejecutiva:\u00a0<strong>Laura Medina, Paco Poch<\/strong><\/span><\/p>\n<p style=\"text-align: justify;\"><span style=\"color: #000000;\">Producci\u00f3n:\u00a0<strong>Jordi Marqu\u00e8s<\/strong><\/span><\/p>\n<p style=\"text-align: justify;\"><span style=\"color: #000000;\">Sonido:\u00a0<strong>Francesc Gosalvez<\/strong><\/span><\/p>\n<p style=\"text-align: justify;\"><span style=\"color: #000000;\">Edici\u00f3n:\u00a0<strong>Aurora Sulli<\/strong><\/span><\/p>\n<p style=\"text-align: justify;\"><span style=\"color: #000000;\">Estreno:\u00a0<strong>Octubre 2020<\/strong><\/span><\/p>\n<p style=\"text-align: justify;\"><span style=\"color: #000000;\">Duraci\u00f3n:\u00a0<strong>75\u00a0min.<\/strong><\/span><\/p>\n<p style=\"text-align: justify;\"><span style=\"color: #000000;\">G\u00e9nero:\u00a0<strong>Documental<\/strong><\/span><\/p>\n<p style=\"text-align: justify;\"><span style=\"color: #000000;\">Versi\u00f3n:\u00a0<strong>Castellano, Ingl\u00e9s, Franc\u00e9s, Japon\u00e9s (subt\u00edtulos en castellano)<\/strong><\/span><\/p>\n<p style=\"text-align: justify;\"><span style=\"color: #000000;\"><strong>\u00a0<\/strong><\/span><\/p>\n<p style=\"text-align: justify;\"><span style=\"color: #000000;\"><strong>SINOPSIS<\/strong><\/span><\/p>\n<p style=\"text-align: justify;\"><span style=\"color: #000000;\">Las c\u00e9lebres esculturas monumentales de Jaume Plensa nos esperan, en soledad, en varios rincones de la tierra. \u201c\u00bfPuedes O\u00edrme?\u201d es un documental que nos invita a conocerlas de la mano de este creador y nos aproxima a su pensamiento, a su po\u00e9tica, a su forma de entender el arte como generador de belleza y a su manera de leer el espacio p\u00fablico como un lugar de encuentro para la comunidad.<\/span><\/p>\n<p style=\"text-align: justify;\"><span style=\"color: #000000;\">Una inmersi\u00f3n profunda en el proceso creativo de uno de los artistas en activo m\u00e1s destacados del panorama mundial. A trav\u00e9s de sus emblem\u00e1ticas instalaciones y piezas en espacios p\u00fablicos de Espa\u00f1a, Francia, Suecia, EUA, Canad\u00e1 y Jap\u00f3n, descubrimos la sencilla filosof\u00eda de Plensa basada en la b\u00fasqueda de relaciones harm\u00f3nicas entre la obra, el entorno y los seres humanos.<\/span><\/p>\n<p style=\"text-align: justify;\"><iframe loading=\"lazy\" src=\"https:\/\/www.youtube.com\/embed\/WteH0oFNt6A\" width=\"560\" height=\"315\" frameborder=\"0\" allowfullscreen=\"allowfullscreen\"><\/iframe><\/p>\n<p style=\"text-align: justify;\">\n<h1 style=\"text-align: justify;\"><span style=\"color: #000000;\">EL MEU GERM\u00c0 PERSEGUEIX DINOSAURES<\/span><\/h1>\n<h4 style=\"text-align: justify;\"><span style=\"color: #000000;\">FICHA\u00a0T\u00c9CNICA<\/span><\/h4>\n<p style=\"text-align: justify;\"><span style=\"color: #000000;\">Direcci\u00f3n:\u00a0<strong>Stefano Cipani<\/strong><\/span><\/p>\n<p style=\"text-align: justify;\"><span style=\"color: #000000;\">Gui\u00f3n:\u00a0<strong>Fabio Bonifacci<\/strong><\/span><\/p>\n<p style=\"text-align: justify;\"><span style=\"color: #000000;\">M\u00fasica:\u00a0<strong>Lucas Vidal<\/strong><\/span><\/p>\n<p style=\"text-align: justify;\"><span style=\"color: #000000;\">Fotograf\u00eda:\u00a0<strong>Sergi Bartrol\u00ed<\/strong><\/span><\/p>\n<p style=\"text-align: justify;\"><span style=\"color: #000000;\">Estreno:\u00a0<strong>Julio 2020<\/strong><\/span><\/p>\n<p style=\"text-align: justify;\"><span style=\"color: #000000;\">Duraci\u00f3n:\u00a0<strong>100\u00a0min.<\/strong><\/span><\/p>\n<p style=\"text-align: justify;\"><span style=\"color: #000000;\">G\u00e9nero:\u00a0<strong>Comedia para todos los p\u00fablicos<\/strong><\/span><\/p>\n<p style=\"text-align: justify;\"><span style=\"color: #000000;\">Int\u00e9rpretes:<\/span><br \/>\n<span style=\"color: #000000;\"> <strong>Alessandro Gassmann, Isabella Ragonese, Rossy de Palma, Luca Morello, Francesco Gheghi, Antonio Uras, Lorenzo Sisto<\/strong><\/span><\/p>\n<h4 style=\"text-align: justify;\"><span style=\"color: #000000;\">\u00a0<\/span><\/h4>\n<h4 style=\"text-align: justify;\"><span style=\"color: #000000;\">SINOPSIS<\/span><\/h4>\n<p style=\"text-align: justify;\"><span style=\"color: #000000;\">Jack tiene cinco a\u00f1os, dos hermanas y desea con todas sus fuerzas tener un hermano para jugar a \u201ccosas de chicos\u201d. Un d\u00eda, sus padres le anuncian que tendr\u00e1 un hermanito y que ser\u00e1 especial. Jack est\u00e1 loco de alegr\u00eda: \u201cespecial\u201d para \u00e9l significa \u201csuperh\u00e9roe\u201d. Pero con el paso del tiempo empieza a sentirse defraudado. Su hermano Giovanni no es un superh\u00e9roe, la realidad es que ha nacido con S\u00edndrome de Down. Es en este momento cuando su entusiasmo se transforma en rechazo y verg\u00fcenza.<\/span><\/p>\n<p style=\"text-align: justify;\"><span style=\"color: #000000;\">Tendr\u00e1 que pasar la adolescencia para darse cuenta de que su idea inicial no estaba tan equivocada: su hermano Gio contagia tanta vitalidad que llega a concluir que quiz\u00e1s s\u00ed que es un superh\u00e9roe de verdad; y que, en cualquier caso, es su mejor amigo.<\/span><\/p>\n<p style=\"text-align: justify;\"><span style=\"color: #000000;\">\u201cEL MEU GERM\u00c0 PERSEGUEIX DINOSAURES\u201d est\u00e1 basada en la historia real de Giacomo Mazzariol, el autor del libro original y \u201cJack\u201d en la vida real.<\/span><\/p>\n<p><iframe loading=\"lazy\" src=\"https:\/\/www.youtube.com\/embed\/qCDkw9RAAws\" width=\"560\" height=\"315\" frameborder=\"0\" allowfullscreen=\"allowfullscreen\"><\/iframe><\/p>\n","protected":false},"excerpt":{"rendered":"<p>Aquest mes d&#8217;octubre tornarem a gaudir del Cicle Gaud\u00ed per partida doble al CMC. El dissabte 17 d&#8217;octubre, a les 18h, es projectar\u00e0 el documental\u00a0\u00bfPuedes o\u00edrme? i el 31 d&#8217;octubre, &hellip; <a href=\"https:\/\/bisbalpenedes.com\/web\/2020\/10\/07\/el-17-i-el-31-doctubre-hi-haura-projeccions-de-pellicules-del-cicle-gaudi\/\" class=\"more-link\">Read More<\/a><\/p>\n","protected":false},"author":4,"featured_media":14846,"comment_status":"closed","ping_status":"closed","sticky":false,"template":"","format":"standard","meta":[],"categories":[13,8],"tags":[308,4079,754,4078],"_links":{"self":[{"href":"https:\/\/bisbalpenedes.com\/web\/wp-json\/wp\/v2\/posts\/14844"}],"collection":[{"href":"https:\/\/bisbalpenedes.com\/web\/wp-json\/wp\/v2\/posts"}],"about":[{"href":"https:\/\/bisbalpenedes.com\/web\/wp-json\/wp\/v2\/types\/post"}],"author":[{"embeddable":true,"href":"https:\/\/bisbalpenedes.com\/web\/wp-json\/wp\/v2\/users\/4"}],"replies":[{"embeddable":true,"href":"https:\/\/bisbalpenedes.com\/web\/wp-json\/wp\/v2\/comments?post=14844"}],"version-history":[{"count":1,"href":"https:\/\/bisbalpenedes.com\/web\/wp-json\/wp\/v2\/posts\/14844\/revisions"}],"predecessor-version":[{"id":14847,"href":"https:\/\/bisbalpenedes.com\/web\/wp-json\/wp\/v2\/posts\/14844\/revisions\/14847"}],"wp:featuredmedia":[{"embeddable":true,"href":"https:\/\/bisbalpenedes.com\/web\/wp-json\/wp\/v2\/media\/14846"}],"wp:attachment":[{"href":"https:\/\/bisbalpenedes.com\/web\/wp-json\/wp\/v2\/media?parent=14844"}],"wp:term":[{"taxonomy":"category","embeddable":true,"href":"https:\/\/bisbalpenedes.com\/web\/wp-json\/wp\/v2\/categories?post=14844"},{"taxonomy":"post_tag","embeddable":true,"href":"https:\/\/bisbalpenedes.com\/web\/wp-json\/wp\/v2\/tags?post=14844"}],"curies":[{"name":"wp","href":"https:\/\/api.w.org\/{rel}","templated":true}]}}