{"id":14827,"date":"2020-10-05T14:18:33","date_gmt":"2020-10-05T12:18:33","guid":{"rendered":"http:\/\/bisbalpenedes.com\/web\/?p=14827"},"modified":"2020-10-05T19:00:50","modified_gmt":"2020-10-05T17:00:50","slug":"nou-horari-de-la-biblioteca-publica","status":"publish","type":"post","link":"https:\/\/bisbalpenedes.com\/web\/2020\/10\/05\/nou-horari-de-la-biblioteca-publica\/","title":{"rendered":"Nou horari de la Biblioteca p\u00fablica"},"content":{"rendered":"<p style=\"text-align: justify;\"><span style=\"color: #000000;\"><span class=\"css-901oao css-16my406 r-1qd0xha r-ad9z0x r-bcqeeo r-qvutc0\">A partir d&#8217;aquesta setmana ampliem horaris de la Biblioteca p\u00fablica de La Bisbal del Pened\u00e8s<\/span><span class=\"css-901oao css-16my406 r-1qd0xha r-ad9z0x r-bcqeeo r-qvutc0\">\u00a0amb la reobertura, amb totes les mesures de seguretat sanit\u00e0ries, dels matins de dissabte. Us hi esperem!<\/span><\/span><\/p>\n<hr \/>\n<p style=\"text-align: justify;\"><span style=\"color: #000000;\">A partir de esta semana ampliamos horarios de la Biblioteca de La Bisbal del Pened\u00e8s con la reapertura, con todas las medidas de seguridad sanitarias, las ma\u00f1anas de los s\u00e1bados. \u00a1Os esperamos!<br \/>\n<a href=\"http:\/\/bisbalpenedes.com\/web\/wp-content\/uploads\/2020\/10\/C85CA7DF-934D-4FD8-B82F-B2CA24973AF8.jpeg\"><img loading=\"lazy\" class=\"aligncenter size-large wp-image-14832\" src=\"http:\/\/bisbalpenedes.com\/web\/wp-content\/uploads\/2020\/10\/C85CA7DF-934D-4FD8-B82F-B2CA24973AF8-1024x724.jpeg\" alt=\"C85CA7DF-934D-4FD8-B82F-B2CA24973AF8\" width=\"630\" height=\"445\" srcset=\"https:\/\/bisbalpenedes.com\/web\/wp-content\/uploads\/2020\/10\/C85CA7DF-934D-4FD8-B82F-B2CA24973AF8-1024x724.jpeg 1024w, https:\/\/bisbalpenedes.com\/web\/wp-content\/uploads\/2020\/10\/C85CA7DF-934D-4FD8-B82F-B2CA24973AF8-600x424.jpeg 600w, https:\/\/bisbalpenedes.com\/web\/wp-content\/uploads\/2020\/10\/C85CA7DF-934D-4FD8-B82F-B2CA24973AF8-300x212.jpeg 300w, https:\/\/bisbalpenedes.com\/web\/wp-content\/uploads\/2020\/10\/C85CA7DF-934D-4FD8-B82F-B2CA24973AF8-768x543.jpeg 768w, https:\/\/bisbalpenedes.com\/web\/wp-content\/uploads\/2020\/10\/C85CA7DF-934D-4FD8-B82F-B2CA24973AF8.jpeg 1080w\" sizes=\"(max-width: 630px) 100vw, 630px\" \/><\/a><br \/>\n<\/span><\/p>\n<p style=\"text-align: justify;\">\n","protected":false},"excerpt":{"rendered":"<p>A partir d&#8217;aquesta setmana ampliem horaris de la Biblioteca p\u00fablica de La Bisbal del Pened\u00e8s\u00a0amb la reobertura, amb totes les mesures de seguretat sanit\u00e0ries, dels matins de dissabte. Us hi &hellip; <a href=\"https:\/\/bisbalpenedes.com\/web\/2020\/10\/05\/nou-horari-de-la-biblioteca-publica\/\" class=\"more-link\">Read More<\/a><\/p>\n","protected":false},"author":4,"featured_media":14832,"comment_status":"closed","ping_status":"closed","sticky":false,"template":"","format":"standard","meta":[],"categories":[13,8],"tags":[180,225],"_links":{"self":[{"href":"https:\/\/bisbalpenedes.com\/web\/wp-json\/wp\/v2\/posts\/14827"}],"collection":[{"href":"https:\/\/bisbalpenedes.com\/web\/wp-json\/wp\/v2\/posts"}],"about":[{"href":"https:\/\/bisbalpenedes.com\/web\/wp-json\/wp\/v2\/types\/post"}],"author":[{"embeddable":true,"href":"https:\/\/bisbalpenedes.com\/web\/wp-json\/wp\/v2\/users\/4"}],"replies":[{"embeddable":true,"href":"https:\/\/bisbalpenedes.com\/web\/wp-json\/wp\/v2\/comments?post=14827"}],"version-history":[{"count":3,"href":"https:\/\/bisbalpenedes.com\/web\/wp-json\/wp\/v2\/posts\/14827\/revisions"}],"predecessor-version":[{"id":14833,"href":"https:\/\/bisbalpenedes.com\/web\/wp-json\/wp\/v2\/posts\/14827\/revisions\/14833"}],"wp:featuredmedia":[{"embeddable":true,"href":"https:\/\/bisbalpenedes.com\/web\/wp-json\/wp\/v2\/media\/14832"}],"wp:attachment":[{"href":"https:\/\/bisbalpenedes.com\/web\/wp-json\/wp\/v2\/media?parent=14827"}],"wp:term":[{"taxonomy":"category","embeddable":true,"href":"https:\/\/bisbalpenedes.com\/web\/wp-json\/wp\/v2\/categories?post=14827"},{"taxonomy":"post_tag","embeddable":true,"href":"https:\/\/bisbalpenedes.com\/web\/wp-json\/wp\/v2\/tags?post=14827"}],"curies":[{"name":"wp","href":"https:\/\/api.w.org\/{rel}","templated":true}]}}