{"id":14822,"date":"2020-10-05T13:35:41","date_gmt":"2020-10-05T11:35:41","guid":{"rendered":"http:\/\/bisbalpenedes.com\/web\/?p=14822"},"modified":"2020-10-05T13:35:41","modified_gmt":"2020-10-05T11:35:41","slug":"la-bisbalenca-maria-angela-saumoy-ha-donat-130e-obtinguts-de-la-seva-exposiciomercat-benefic-al-rebost-solidari","status":"publish","type":"post","link":"https:\/\/bisbalpenedes.com\/web\/2020\/10\/05\/la-bisbalenca-maria-angela-saumoy-ha-donat-130e-obtinguts-de-la-seva-exposiciomercat-benefic-al-rebost-solidari\/","title":{"rendered":"La bisbalenca Maria \u00c0ngela Saumoy ha donat 130\u20ac -obtinguts de la seva exposici\u00f3\/mercat ben\u00e8fic- al Rebost Solidari"},"content":{"rendered":"<div class=\"\" data-block=\"true\" data-editor=\"31b1q\" data-offset-key=\"bqrfu-0-0\">\n<div class=\"_1mf _1mj\" style=\"text-align: justify;\" data-offset-key=\"bqrfu-0-0\">\n<p><span style=\"color: #000000;\">Aquest cap de setmana l&#8217;artesana bisbalenca Maria \u00c0ngela Saumoy ha exposat els seus treballs al CMC amb l&#8217;objectiu de vendre&#8217;ls i destinar part del benefici al Rebost Solidari. Avui ha fet una donaci\u00f3 de 130\u20ac al Rebost Solidari, que proveeix d&#8217;aliments i productes de primera necessitat a aquelles fam\u00edlies que no passen per un bon moment econ\u00f2mic.<\/span><\/p>\n<p><span style=\"color: #000000;\">Des d&#8217;aqu\u00ed volem agrair-li la iniciativa a la Maria \u00c0ngela. Moltes gr\u00e0cies!<\/span><\/p>\n<hr \/>\n<p><span style=\"color: #000000;\">Este fin de semana la artesana bisbalenca Maria \u00c0ngela Saumoy ha expuesto sus trabajos en el CMC con el objetivo de venderlos y destinar parte del beneficio al Rebost Solidari. Hoy ha hecho una donaci\u00f3n de 130\u20ac al Rebost Solidari, que provee de alimentos y productos de primera necesidad a aquellas familias que no pasan por un buen momento econ\u00f3mico.<\/span><\/p>\n<p><span style=\"color: #000000;\">Desde aqu\u00ed queremos agradecerle la iniciativa a Maria \u00c0ngela. \u00a1Muchas gracias!<\/span><\/p>\n<p>&nbsp;<\/p>\n<\/div>\n<\/div>\n<div class=\"\" data-block=\"true\" data-editor=\"31b1q\" data-offset-key=\"1ilsp-0-0\">\n<div class=\"_1mf _1mj\" style=\"text-align: justify;\" data-offset-key=\"1ilsp-0-0\"><a href=\"http:\/\/bisbalpenedes.com\/web\/wp-content\/uploads\/2020\/10\/maria-angela-saumoy-donacio.jpg\"><img loading=\"lazy\" class=\"aligncenter size-full wp-image-14823\" src=\"http:\/\/bisbalpenedes.com\/web\/wp-content\/uploads\/2020\/10\/maria-angela-saumoy-donacio.jpg\" alt=\"maria angela saumoy donacio\" width=\"765\" height=\"691\" srcset=\"https:\/\/bisbalpenedes.com\/web\/wp-content\/uploads\/2020\/10\/maria-angela-saumoy-donacio.jpg 765w, https:\/\/bisbalpenedes.com\/web\/wp-content\/uploads\/2020\/10\/maria-angela-saumoy-donacio-600x542.jpg 600w, https:\/\/bisbalpenedes.com\/web\/wp-content\/uploads\/2020\/10\/maria-angela-saumoy-donacio-300x271.jpg 300w\" sizes=\"(max-width: 765px) 100vw, 765px\" \/><\/a><\/div>\n<\/div>\n","protected":false},"excerpt":{"rendered":"<p>Aquest cap de setmana l&#8217;artesana bisbalenca Maria \u00c0ngela Saumoy ha exposat els seus treballs al CMC amb l&#8217;objectiu de vendre&#8217;ls i destinar part del benefici al Rebost Solidari. Avui ha &hellip; <a href=\"https:\/\/bisbalpenedes.com\/web\/2020\/10\/05\/la-bisbalenca-maria-angela-saumoy-ha-donat-130e-obtinguts-de-la-seva-exposiciomercat-benefic-al-rebost-solidari\/\" class=\"more-link\">Read More<\/a><\/p>\n","protected":false},"author":4,"featured_media":14823,"comment_status":"closed","ping_status":"closed","sticky":false,"template":"","format":"standard","meta":[],"categories":[3851,13,8],"tags":[225,94,4073,2644],"_links":{"self":[{"href":"https:\/\/bisbalpenedes.com\/web\/wp-json\/wp\/v2\/posts\/14822"}],"collection":[{"href":"https:\/\/bisbalpenedes.com\/web\/wp-json\/wp\/v2\/posts"}],"about":[{"href":"https:\/\/bisbalpenedes.com\/web\/wp-json\/wp\/v2\/types\/post"}],"author":[{"embeddable":true,"href":"https:\/\/bisbalpenedes.com\/web\/wp-json\/wp\/v2\/users\/4"}],"replies":[{"embeddable":true,"href":"https:\/\/bisbalpenedes.com\/web\/wp-json\/wp\/v2\/comments?post=14822"}],"version-history":[{"count":2,"href":"https:\/\/bisbalpenedes.com\/web\/wp-json\/wp\/v2\/posts\/14822\/revisions"}],"predecessor-version":[{"id":14825,"href":"https:\/\/bisbalpenedes.com\/web\/wp-json\/wp\/v2\/posts\/14822\/revisions\/14825"}],"wp:featuredmedia":[{"embeddable":true,"href":"https:\/\/bisbalpenedes.com\/web\/wp-json\/wp\/v2\/media\/14823"}],"wp:attachment":[{"href":"https:\/\/bisbalpenedes.com\/web\/wp-json\/wp\/v2\/media?parent=14822"}],"wp:term":[{"taxonomy":"category","embeddable":true,"href":"https:\/\/bisbalpenedes.com\/web\/wp-json\/wp\/v2\/categories?post=14822"},{"taxonomy":"post_tag","embeddable":true,"href":"https:\/\/bisbalpenedes.com\/web\/wp-json\/wp\/v2\/tags?post=14822"}],"curies":[{"name":"wp","href":"https:\/\/api.w.org\/{rel}","templated":true}]}}