{"id":1482,"date":"2016-03-15T17:32:52","date_gmt":"2016-03-15T11:32:52","guid":{"rendered":"http:\/\/bisbalpenedes.com\/web\/?p=1482"},"modified":"2016-03-15T17:53:23","modified_gmt":"2016-03-15T11:53:23","slug":"subvencions-2016-per-a-empreses-del-terme-que-ocupin-persones-desocupades-de-la-poblacio","status":"publish","type":"post","link":"https:\/\/bisbalpenedes.com\/web\/2016\/03\/15\/subvencions-2016-per-a-empreses-del-terme-que-ocupin-persones-desocupades-de-la-poblacio\/","title":{"rendered":"Subvencions 2016, per a empreses del terme que ocupin persones desocupades de la poblaci\u00f3"},"content":{"rendered":"<p>Mitjan\u00e7ant resoluci\u00f3 de la Junta de Govern Local de data 17 de febrer de 2016, s\u2019acorda efectuar la convocat\u00f2ria per a la concessi\u00f3 condicionada a l\u2019exist\u00e8ncia de cr\u00e8dit adequat i suficient de subvencions per a la creaci\u00f3 de llocs de treball per les empreses amb establiments radicats al terme municipal de la Bisbal del Pened\u00e8s, per a persones desocupades de la poblaci\u00f3:<br \/>\n<strong><br \/>\n&#8211; El termini de presentaci\u00f3 de les sol.licituds \u00e9s del 16 al 30 de mar\u00e7 de 2016, ambd\u00f3s inclosos<\/strong><\/p>\n<p>&#8211; Enlla\u00e7 a la <a title=\"Publicaci\u00f3 al BOP de Tarragona\" href=\" https:\/\/www.dipta.cat\/ebop\/index.php?op=anunci&amp;id=2268&amp;ebop_any=2016\" target=\"_blank\">Publicaci\u00f3 al BOP de Tarragona<\/a><\/p>\n<p>&#8211; Descarregar el <a href='http:\/\/bisbalpenedes.com\/web\/wp-content\/uploads\/2016\/03\/empreses.pdf'>PDF de les Bases de la subvenci\u00f3 per a empreses<\/a> en catal\u00e0 i castell\u00e0<\/p>\n<p><a href=\"http:\/\/bisbalpenedes.com\/web\/wp-content\/uploads\/2016\/03\/cap_subv_empreses.jpg\"><img loading=\"lazy\" src=\"http:\/\/bisbalpenedes.com\/web\/wp-content\/uploads\/2016\/03\/cap_subv_empreses.jpg\" alt=\"\" title=\"cap_subv_empreses\" width=\"1000\" height=\"669\" class=\"alignleft size-full wp-image-1484\" srcset=\"https:\/\/bisbalpenedes.com\/web\/wp-content\/uploads\/2016\/03\/cap_subv_empreses.jpg 1000w, https:\/\/bisbalpenedes.com\/web\/wp-content\/uploads\/2016\/03\/cap_subv_empreses-600x401.jpg 600w, https:\/\/bisbalpenedes.com\/web\/wp-content\/uploads\/2016\/03\/cap_subv_empreses-300x200.jpg 300w\" sizes=\"(max-width: 1000px) 100vw, 1000px\" \/><\/a><\/p>\n","protected":false},"excerpt":{"rendered":"<p>Mitjan\u00e7ant resoluci\u00f3 de la Junta de Govern Local de data 17 de febrer de 2016, s\u2019acorda efectuar la convocat\u00f2ria per a la concessi\u00f3 condicionada a l\u2019exist\u00e8ncia de cr\u00e8dit adequat i &hellip; <a href=\"https:\/\/bisbalpenedes.com\/web\/2016\/03\/15\/subvencions-2016-per-a-empreses-del-terme-que-ocupin-persones-desocupades-de-la-poblacio\/\" class=\"more-link\">Read More<\/a><\/p>\n","protected":false},"author":1,"featured_media":1484,"comment_status":"closed","ping_status":"open","sticky":false,"template":"","format":"standard","meta":[],"categories":[5],"tags":[162,102],"_links":{"self":[{"href":"https:\/\/bisbalpenedes.com\/web\/wp-json\/wp\/v2\/posts\/1482"}],"collection":[{"href":"https:\/\/bisbalpenedes.com\/web\/wp-json\/wp\/v2\/posts"}],"about":[{"href":"https:\/\/bisbalpenedes.com\/web\/wp-json\/wp\/v2\/types\/post"}],"author":[{"embeddable":true,"href":"https:\/\/bisbalpenedes.com\/web\/wp-json\/wp\/v2\/users\/1"}],"replies":[{"embeddable":true,"href":"https:\/\/bisbalpenedes.com\/web\/wp-json\/wp\/v2\/comments?post=1482"}],"version-history":[{"count":14,"href":"https:\/\/bisbalpenedes.com\/web\/wp-json\/wp\/v2\/posts\/1482\/revisions"}],"predecessor-version":[{"id":1509,"href":"https:\/\/bisbalpenedes.com\/web\/wp-json\/wp\/v2\/posts\/1482\/revisions\/1509"}],"wp:featuredmedia":[{"embeddable":true,"href":"https:\/\/bisbalpenedes.com\/web\/wp-json\/wp\/v2\/media\/1484"}],"wp:attachment":[{"href":"https:\/\/bisbalpenedes.com\/web\/wp-json\/wp\/v2\/media?parent=1482"}],"wp:term":[{"taxonomy":"category","embeddable":true,"href":"https:\/\/bisbalpenedes.com\/web\/wp-json\/wp\/v2\/categories?post=1482"},{"taxonomy":"post_tag","embeddable":true,"href":"https:\/\/bisbalpenedes.com\/web\/wp-json\/wp\/v2\/tags?post=1482"}],"curies":[{"name":"wp","href":"https:\/\/api.w.org\/{rel}","templated":true}]}}