{"id":14819,"date":"2020-10-05T09:00:51","date_gmt":"2020-10-05T07:00:51","guid":{"rendered":"http:\/\/bisbalpenedes.com\/web\/?p=14819"},"modified":"2020-10-03T17:00:49","modified_gmt":"2020-10-03T15:00:49","slug":"periode-dexposicio-publica-de-laprovacio-inicial-de-la-modificacio-de-credit-2p2020-en-la-modalitat-de-credit-extraordinari","status":"publish","type":"post","link":"https:\/\/bisbalpenedes.com\/web\/2020\/10\/05\/periode-dexposicio-publica-de-laprovacio-inicial-de-la-modificacio-de-credit-2p2020-en-la-modalitat-de-credit-extraordinari\/","title":{"rendered":"Per\u00edode d\u2019exposici\u00f3 p\u00fablica de l\u2019aprovaci\u00f3 inicial de la modificaci\u00f3 de cr\u00e8dit 2P\/2020 en la modalitat de cr\u00e8dit extraordinari"},"content":{"rendered":"<p style=\"text-align: justify;\"><span style=\"color: #000000;\">El <a style=\"color: #000000;\" href=\"https:\/\/bisbalpenedes.com\/web\/2020\/09\/22\/aquest-dilluns-21-de-setembre-sha-celebrat-el-ple-ordinari-de-lajuntament-de-la-bisbal-del-penedes\/\">Ple ordinari del 21 de setembre<\/a> va aprovar inicialment la modificaci\u00f3 de cr\u00e8dit 2P\/2020 en la modalitat de cr\u00e8dit extraordinari. El passat divendres 2 d\u2019octubre es va publicar al <a style=\"color: #000000;\" href=\"https:\/\/www.diputaciodetarragona.cat\/ebop\/index.php?op=dwn&amp;tipus=i&amp;data=20201002&amp;anyp=2020&amp;num=06846&amp;v=i\">BOPT<\/a> i estar\u00e0 en exposici\u00f3 p\u00fablica des d\u2019avui dilluns 5 d\u2019octubre fins al dilluns 26 d\u2019octubre de 2020, ambd\u00f3s inclosos. Si un cop finalitzat el termini no s\u2019han presentat al\u00b7legacions, es considerar\u00e0 aprovada definitivament i es podr\u00e0 aprovar el conveni amb l\u2019AMPA de l\u2019Escola Ull de Vent per a l\u2019adquisici\u00f3 i reutilitzaci\u00f3 dels llibres de text d\u2019aquest curs escolar 2020\/2021.<\/span><\/p>\n<p style=\"text-align: justify;\"><span style=\"color: #000000;\">Per poder signar el conveni amb l\u2019AMPA era necessari crear una partida de pressupost i dotar-la de l\u2019import necessari per a l\u2019adquisici\u00f3 dels llibres. L\u2019import de la nova partida (16.700\u20ac) s\u2019extreu de les partides seg\u00fcents:<\/span><\/p>\n<ul>\n<li style=\"padding-left: 30px; text-align: justify;\"><span style=\"color: #000000;\">3.184,11\u20ac de la partida de subvenci\u00f3 per als llibres de l\u2019escola curs 2019\/2020 (partida 326.48002), que \u00e9s el sobrant de l\u2019esmentada partida despr\u00e9s d\u2019haver aprovat el pagament de les subvencions per a llibres del curs anterior.<\/span><\/li>\n<li style=\"padding-left: 30px; text-align: justify;\"><span style=\"color: #000000;\">5.505,89\u20ac de la partida de subvenci\u00f3 per als llibres de l\u2019IES Coster de la Torre curs 2019\/2020 (partida 326.48003), que \u00e9s el sobrant de l\u2019esmentada partida despr\u00e9s d\u2019haver aprovat el pagament de les subvencions per a llibres del curs anterior.<\/span><\/li>\n<li style=\"padding-left: 30px; text-align: justify;\"><span style=\"color: #000000;\">7.090\u20ac de la partida de les subvencions de menjador escolar (partida 326.48005), ja que despr\u00e9s d\u2019aprovar l\u2019atorgament d\u2019aquestes subvencions i aprovar l\u2019autoritzaci\u00f3 i disposici\u00f3 de la despesa (fase \u201cAD\u201d) en la Junta de Govern del 24 d\u2019agost de 2020, l\u2019import total \u00e9s de 7.910,10\u20ac i la partida compta amb 20.000\u20ac, amb la qual cosa quedarien 12.089,90\u20ac en aquesta partida, dels quals s\u2019extreuen 7.090\u20ac en aquesta modificaci\u00f3 de cr\u00e8dit.<\/span><\/li>\n<\/ul>\n<p style=\"text-align: justify;\"><span style=\"color: #000000;\">Aquest conveni de l\u2019AMPA amb l\u2019Ajuntament de la Bisbal del Pened\u00e8s, a trav\u00e9s de la Regidoria d\u2019Ensenyament, suposa un pas m\u00e9s en la socialitzaci\u00f3 dels llibres escolars de l\u2019Escola Ull de Vent perqu\u00e8 les fam\u00edlies no hagin d\u2019avan\u00e7ar els diners dels llibres ni haver de complir els requisits d\u2019unes bases per sol\u00b7licitar una subvenci\u00f3. Amb aquest nou conveni, els llibres els adquireix directament a l\u2019AMPA i els distribueix entre les fam\u00edlies. Posteriorment l\u2019Ajuntament, a trav\u00e9s del conveni, fa arribar els diners dels llibres a l\u2019AMPA. Perqu\u00e8 les fam\u00edlies puguin optar als llibres de forma gratu\u00efta nom\u00e9s cal que els alumnes estiguin empadronats al municipi i que les fam\u00edlies formin part de l\u2019AMPA. L\u2019entitat tamb\u00e9 s\u2019encarregar\u00e0 de revisar els llibres i de la reutilitzaci\u00f3 d\u2019aquests.<\/span><\/p>\n<hr \/>\n<p style=\"text-align: justify;\"><span style=\"color: #000000;\"><strong>CASTELLANO |<\/strong> El <a style=\"color: #000000;\" href=\"https:\/\/bisbalpenedes.com\/web\/2020\/09\/22\/aquest-dilluns-21-de-setembre-sha-celebrat-el-ple-ordinari-de-lajuntament-de-la-bisbal-del-penedes\/\">Pleno ordinario del 21 de septiembre<\/a> aprob\u00f3 inicialmente la modificaci\u00f3n de cr\u00e9dito 2P\/2020 en la modalidad de cr\u00e9dito extraordinario. El pasado viernes 2 de octubre se public\u00f3 en el <a style=\"color: #000000;\" href=\"https:\/\/www.diputaciodetarragona.cat\/ebop\/index.php?op=dwn&amp;tipus=i&amp;data=20201002&amp;anyp=2020&amp;num=06846&amp;v=i\">BOPT<\/a> y estar\u00e1 en exposici\u00f3n p\u00fablica desde hoy lunes 5 de octubre hasta el lunes 26 de octubre de 2020, ambos incluidos. Si una vez finalizado el plazo no se han presentado alegaciones, se considerar\u00e1 aprobada definitivamente y se podr\u00e1 aprobar el convenio con la AMPA de la Escuela Ull de Vent para la adquisici\u00f3n y reutilizaci\u00f3n de los libros de texto de este curso escolar 2020\/2021.<\/span><\/p>\n<p style=\"text-align: justify;\"><span style=\"color: #000000;\">Para poder firmar el convenio con la AMPA era necesario crear una partida de presupuesto y dotarla del importe necesario para la adquisici\u00f3n de los libros. El importe de la nueva partida (16.700\u20ac) se extrae de las partidas siguientes:<\/span><\/p>\n<ul>\n<li style=\"padding-left: 30px; text-align: justify;\"><span style=\"color: #000000;\">3.184,11\u20ac de la partida de subvenci\u00f3n para los libros del colegio curso 2019\/2020 (partida 326.48002), que es el sobrante de la mencionada partida despu\u00e9s de haber aprobado el pago de las subvenciones para libros del curso anterior.<\/span><\/li>\n<li style=\"padding-left: 30px; text-align: justify;\"><span style=\"color: #000000;\">5.505,89\u20ac de la partida de subvenci\u00f3n para los libros del IES Coster de la Torre curso 2019\/2020 (partida 326.48003), que es el sobrante de la mencionada partida despu\u00e9s de haber aprobado el pago de las subvenciones para libros del curso anterior.<\/span><\/li>\n<li style=\"padding-left: 30px; text-align: justify;\"><span style=\"color: #000000;\">7.090\u20ac de la partida de las subvenciones de comedor escolar (partida 326.48005), ya que despu\u00e9s de aprobar el otorgamiento de estas subvenciones y aprobar la autorizaci\u00f3n y disposici\u00f3n del gasto (fase \u201cAD\u201d) en la Junta de Gobierno del 24 de agosto de 2020, el importe total es de 7.910,10\u20ac y la partida cuenta con 20.000\u20ac, con lo cual quedar\u00edan 12.089,90\u20ac en esta partida, de los cuales se extraen 7.090\u20ac en esta modificaci\u00f3n de cr\u00e9dito.<\/span><\/li>\n<\/ul>\n<p style=\"text-align: justify;\"><span style=\"color: #000000;\">Este convenio de la AMPA con el Ayuntamiento de la Bisbal del Pened\u00e8s, a trav\u00e9s de la Concejal\u00eda de Educaci\u00f3n supone un paso m\u00e1s en la socializaci\u00f3n de los libros escolares de la Escuela Ull de Vent para que las familias no tengan que adelantar el dinero de los libros ni tener que cumplir los requisitos de unas bases para solicitar una subvenci\u00f3n. Con este nuevo convenio, los libros los adquiere directamente la AMPA y los distribuye entre las familias. Posteriormente el Ayuntamiento, a trav\u00e9s del convenio, hace llegar el dinero de los libros a la AMPA. Para que las familias puedan optar a los libros de forma gratuita solamente es necesario que los alumnos est\u00e9n empadronados en el municipio y que las familias formen parte de la AMPA. La entidad tambi\u00e9n se encargar\u00e1 de revisar los libros y de la reutilizaci\u00f3n de los mismos.<\/span><\/p>\n<p>&nbsp;<\/p>\n","protected":false},"excerpt":{"rendered":"<p>El Ple ordinari del 21 de setembre va aprovar inicialment la modificaci\u00f3 de cr\u00e8dit 2P\/2020 en la modalitat de cr\u00e8dit extraordinari. El passat divendres 2 d\u2019octubre es va publicar al &hellip; <a href=\"https:\/\/bisbalpenedes.com\/web\/2020\/10\/05\/periode-dexposicio-publica-de-laprovacio-inicial-de-la-modificacio-de-credit-2p2020-en-la-modalitat-de-credit-extraordinari\/\" class=\"more-link\">Read More<\/a><\/p>\n","protected":false},"author":4,"featured_media":13964,"comment_status":"closed","ping_status":"closed","sticky":false,"template":"","format":"standard","meta":[],"categories":[16,3456,8],"tags":[440,337,148,3268,4074,2322],"_links":{"self":[{"href":"https:\/\/bisbalpenedes.com\/web\/wp-json\/wp\/v2\/posts\/14819"}],"collection":[{"href":"https:\/\/bisbalpenedes.com\/web\/wp-json\/wp\/v2\/posts"}],"about":[{"href":"https:\/\/bisbalpenedes.com\/web\/wp-json\/wp\/v2\/types\/post"}],"author":[{"embeddable":true,"href":"https:\/\/bisbalpenedes.com\/web\/wp-json\/wp\/v2\/users\/4"}],"replies":[{"embeddable":true,"href":"https:\/\/bisbalpenedes.com\/web\/wp-json\/wp\/v2\/comments?post=14819"}],"version-history":[{"count":2,"href":"https:\/\/bisbalpenedes.com\/web\/wp-json\/wp\/v2\/posts\/14819\/revisions"}],"predecessor-version":[{"id":14821,"href":"https:\/\/bisbalpenedes.com\/web\/wp-json\/wp\/v2\/posts\/14819\/revisions\/14821"}],"wp:featuredmedia":[{"embeddable":true,"href":"https:\/\/bisbalpenedes.com\/web\/wp-json\/wp\/v2\/media\/13964"}],"wp:attachment":[{"href":"https:\/\/bisbalpenedes.com\/web\/wp-json\/wp\/v2\/media?parent=14819"}],"wp:term":[{"taxonomy":"category","embeddable":true,"href":"https:\/\/bisbalpenedes.com\/web\/wp-json\/wp\/v2\/categories?post=14819"},{"taxonomy":"post_tag","embeddable":true,"href":"https:\/\/bisbalpenedes.com\/web\/wp-json\/wp\/v2\/tags?post=14819"}],"curies":[{"name":"wp","href":"https:\/\/api.w.org\/{rel}","templated":true}]}}