{"id":14813,"date":"2020-10-03T11:00:55","date_gmt":"2020-10-03T09:00:55","guid":{"rendered":"http:\/\/bisbalpenedes.com\/web\/?p=14813"},"modified":"2020-10-02T21:46:01","modified_gmt":"2020-10-02T19:46:01","slug":"quim-masferrer-oferira-lespectacle-itinerant-moltes-gracies-a-la-bisbal-el-aquest-diumenge","status":"publish","type":"post","link":"https:\/\/bisbalpenedes.com\/web\/2020\/10\/03\/quim-masferrer-oferira-lespectacle-itinerant-moltes-gracies-a-la-bisbal-el-aquest-diumenge\/","title":{"rendered":"Quim Masferrer oferir\u00e0 l&#8217;espectacle itinerant &#8216;Moltes gr\u00e0cies&#8217; a la Bisbal el aquest diumenge"},"content":{"rendered":"<p style=\"text-align: center;\"><iframe loading=\"lazy\" src=\"https:\/\/www.youtube.com\/embed\/SlhU1udPrJ8\" width=\"560\" height=\"315\" frameborder=\"0\" allowfullscreen=\"allowfullscreen\"><\/iframe><\/p>\n<p><span style=\"color: #000000;\">Aquest diumenge, a partir de les 12h, el Quim Masferrer oferir\u00e0 l&#8217;espectacle itinerant &#8216;Moltes gr\u00e0cies&#8217;.<\/span><\/p>\n<div class=\"\" style=\"text-align: justify;\" data-block=\"true\" data-editor=\"cu3k3\" data-offset-key=\"9c5ao-0-0\">\n<div class=\"_1mf _1mj\" data-offset-key=\"9c5ao-0-0\"><span style=\"color: #000000;\" data-offset-key=\"9c5ao-1-0\"><span data-text=\"true\">El recorregut ser\u00e0 el seg\u00fcent: pl. Catalunya, Av. Colom, Av. Generalitat, c. Francesc Maci\u00e0, c. Tarragona, c. Llibertat, pla\u00e7a Sant Jordi, c. Major, pl. de l&#8217;Esgl\u00e9sia, baixada del Pont, c. Santa Cristina, pg. Llu\u00eds Companys, c. Gral. Romagosa, c. Puig Franc\u00e0s. c. Verdaguer i pl. Major. <\/span><\/span><\/div>\n<\/div>\n<div class=\"\" style=\"text-align: justify;\" data-block=\"true\" data-editor=\"cu3k3\" data-offset-key=\"7mesj-0-0\">\n<div class=\"_1mf _1mj\" data-offset-key=\"7mesj-0-0\"><span style=\"color: #000000;\" data-offset-key=\"7mesj-0-0\">\u00a0<\/span><\/div>\n<\/div>\n<div class=\"\" style=\"text-align: justify;\" data-block=\"true\" data-editor=\"cu3k3\" data-offset-key=\"f6rve-0-0\">\n<div class=\"_1mf _1mj\" data-offset-key=\"f6rve-0-0\"><span style=\"color: #000000;\" data-offset-key=\"f6rve-1-0\"><span data-text=\"true\">Si viviu en aquests carrers, podeu veure l&#8217;espectacle des del vostre balc\u00f3 o terrat o des de la vostra porta. <\/span><\/span><\/div>\n<\/div>\n<div class=\"\" style=\"text-align: justify;\" data-block=\"true\" data-editor=\"cu3k3\" data-offset-key=\"8mnes-0-0\">\n<div class=\"_1mf _1mj\" data-offset-key=\"8mnes-0-0\"><span style=\"color: #000000;\" data-offset-key=\"8mnes-0-0\">\u00a0<\/span><\/div>\n<\/div>\n<div class=\"\" style=\"text-align: justify;\" data-block=\"true\" data-editor=\"cu3k3\" data-offset-key=\"fn903-0-0\">\n<div class=\"_1mf _1mj\" data-offset-key=\"fn903-0-0\"><span style=\"color: #000000;\" data-offset-key=\"fn903-0-0\"><span data-text=\"true\">La resta de ve\u00efns del municipi teniu dues opcions: <\/span><\/span><\/div>\n<\/div>\n<div class=\"\" style=\"text-align: justify;\" data-block=\"true\" data-editor=\"cu3k3\" data-offset-key=\"ahn4v-0-0\">\n<ul>\n<li class=\"_1mf _1mj\" data-offset-key=\"ahn4v-0-0\"><span style=\"color: #000000;\" data-offset-key=\"ahn4v-1-0\"><span data-text=\"true\">Veure l&#8217;espectacle en streaming, a trav\u00e9s d&#8217;aquest enlla\u00e7: <a style=\"color: #000000;\" href=\"https:\/\/youtu.be\/SlhU1udPrJ8\" target=\"_blank\">https:\/\/youtu.be\/SlhU1udPrJ8<\/a><\/span><\/span><\/li>\n<\/ul>\n<\/div>\n<div class=\"\" style=\"text-align: justify;\" data-block=\"true\" data-editor=\"cu3k3\" data-offset-key=\"e64qr-0-0\">\n<ul>\n<li class=\"_1mf _1mj\" data-offset-key=\"e64qr-0-0\"><span style=\"color: #000000;\" data-offset-key=\"e64qr-1-0\"><span data-text=\"true\">Sortir al carrer a veure l&#8217;espectacle.<\/span><\/span><\/li>\n<\/ul>\n<\/div>\n<div class=\"\" data-block=\"true\" data-editor=\"cu3k3\" data-offset-key=\"60pdo-0-0\">\n<div class=\"_1mf _1mj\" style=\"text-align: justify;\" data-offset-key=\"60pdo-0-0\"><span style=\"color: #000000;\" data-offset-key=\"60pdo-0-0\"><span data-text=\"true\">En cas que decidiu veure l&#8217;espectacle des del carrer, us recordem que \u00e9s obligatori portar la mascareta i que respecteu les mesures de distanciament i higiene de mans.<\/span><\/span><\/div>\n<hr \/>\n<p style=\"text-align: justify;\"><span style=\"color: #000000;\"><strong>CASTELLANO |<\/strong> Este\u00a0domingo, a partir de las\u00a0<span class=\"hiddenGrammarError\">12h<\/span>,\u00a0<span class=\"hiddenSpellError\">Quim<\/span>\u00a0<span class=\"hiddenSpellError\">Masferrer<\/span>\u00a0ofrecer\u00e1 el espect\u00e1culo itinerante &#8216;<span class=\"hiddenSpellError\">Moltes<\/span>\u00a0<span class=\"hiddenSpellError\">gr\u00e0cies<\/span>&#8216;.<\/span><\/p>\n<p><span style=\"color: #000000;\"><span class=\"hiddenSpellError\">El<\/span>\u00a0recorrido ser\u00e1 el siguiente: pl.\u00a0<span class=\"hiddenSpellError\">Catalunya<\/span>, Av.\u00a0<span class=\"hiddenSpellError\">Colom<\/span>, Av. Generalitat, c.\u00a0<span class=\"hiddenSpellError\">Francesc<\/span>\u00a0<span class=\"hiddenSpellError\">Maci\u00e0<\/span>, c. Tarragona, c.\u00a0<span class=\"hiddenSpellError\">Llibertat<\/span>, pl.\u00a0<span class=\"hiddenSpellError\">Sant<\/span>\u00a0Jordi, c.\u00a0<span class=\"hiddenSpellError\">Major<\/span>, pl. de l&#8217;<span class=\"hiddenSpellError\">Esgl\u00e9sia<\/span>, bajada del\u00a0<span class=\"hiddenSpellError\">Pont<\/span>, c. Santa Cristina, pg.\u00a0<span class=\"hiddenSpellError\">Llu\u00eds<\/span>\u00a0<span class=\"hiddenSpellError\">Companys<\/span>, c. Gral.\u00a0<span class=\"hiddenSpellError\">Romagosa<\/span>, c. Puig\u00a0<span class=\"hiddenSpellError\">Franc\u00e0s<\/span>. c.\u00a0<span class=\"hiddenSpellError\">Verdaguer<\/span>\u00a0y pl.\u00a0<span class=\"hiddenSpellError\">Major<\/span>.<\/span><\/p>\n<p><span style=\"color: #000000;\"><span class=\"hiddenSpellError\">Si<\/span>\u00a0viv\u00eds en estas calles, pod\u00e9is ver el espect\u00e1culo desde vuestro balc\u00f3n o azotea o desde vuestra puerta.<\/span><\/p>\n<p><span style=\"color: #000000;\">El resto de vecinos del municipio ten\u00e9is dos opciones:<\/span><\/p>\n<ul style=\"text-align: justify;\">\n<li><span style=\"color: #000000;\"><span class=\"hiddenSpellError\">Ver<\/span>\u00a0el espect\u00e1culo en streaming, a trav\u00e9s de este enlace: <a style=\"color: #000000;\" href=\"https:\/\/youtu.be\/SlhU1udPrJ8\" target=\"_blank\">https:\/\/youtu.be\/SlhU1udPrJ8<\/a><\/span><\/li>\n<li><span style=\"color: #000000;\"><span class=\"hiddenSpellError\">Salir<\/span>\u00a0a la calle a ver el espect\u00e1culo.<\/span><\/li>\n<\/ul>\n<p style=\"text-align: justify;\"><span style=\"color: #000000;\">En el caso que decid\u00e1is ver el espect\u00e1culo desde la calle, os recordamos que es obligatorio llevar la mascarilla y que respet\u00e9is las medidas de distanciamiento e higiene de manos.<\/span><\/p>\n<hr \/>\n<\/div>\n","protected":false},"excerpt":{"rendered":"<p>Aquest diumenge, a partir de les 12h, el Quim Masferrer oferir\u00e0 l&#8217;espectacle itinerant &#8216;Moltes gr\u00e0cies&#8217;. El recorregut ser\u00e0 el seg\u00fcent: pl. Catalunya, Av. Colom, Av. Generalitat, c. Francesc Maci\u00e0, c. &hellip; <a href=\"https:\/\/bisbalpenedes.com\/web\/2020\/10\/03\/quim-masferrer-oferira-lespectacle-itinerant-moltes-gracies-a-la-bisbal-el-aquest-diumenge\/\" class=\"more-link\">Read More<\/a><\/p>\n","protected":false},"author":4,"featured_media":14792,"comment_status":"closed","ping_status":"closed","sticky":false,"template":"","format":"standard","meta":[],"categories":[13,8],"tags":[1634,3978,393,2362,4040,4020],"_links":{"self":[{"href":"https:\/\/bisbalpenedes.com\/web\/wp-json\/wp\/v2\/posts\/14813"}],"collection":[{"href":"https:\/\/bisbalpenedes.com\/web\/wp-json\/wp\/v2\/posts"}],"about":[{"href":"https:\/\/bisbalpenedes.com\/web\/wp-json\/wp\/v2\/types\/post"}],"author":[{"embeddable":true,"href":"https:\/\/bisbalpenedes.com\/web\/wp-json\/wp\/v2\/users\/4"}],"replies":[{"embeddable":true,"href":"https:\/\/bisbalpenedes.com\/web\/wp-json\/wp\/v2\/comments?post=14813"}],"version-history":[{"count":1,"href":"https:\/\/bisbalpenedes.com\/web\/wp-json\/wp\/v2\/posts\/14813\/revisions"}],"predecessor-version":[{"id":14814,"href":"https:\/\/bisbalpenedes.com\/web\/wp-json\/wp\/v2\/posts\/14813\/revisions\/14814"}],"wp:featuredmedia":[{"embeddable":true,"href":"https:\/\/bisbalpenedes.com\/web\/wp-json\/wp\/v2\/media\/14792"}],"wp:attachment":[{"href":"https:\/\/bisbalpenedes.com\/web\/wp-json\/wp\/v2\/media?parent=14813"}],"wp:term":[{"taxonomy":"category","embeddable":true,"href":"https:\/\/bisbalpenedes.com\/web\/wp-json\/wp\/v2\/categories?post=14813"},{"taxonomy":"post_tag","embeddable":true,"href":"https:\/\/bisbalpenedes.com\/web\/wp-json\/wp\/v2\/tags?post=14813"}],"curies":[{"name":"wp","href":"https:\/\/api.w.org\/{rel}","templated":true}]}}