{"id":14810,"date":"2020-10-02T20:30:18","date_gmt":"2020-10-02T18:30:18","guid":{"rendered":"http:\/\/bisbalpenedes.com\/web\/?p=14810"},"modified":"2020-10-02T20:30:18","modified_gmt":"2020-10-02T18:30:18","slug":"la-rotonda-de-la-c-51-ja-sha-obert-a-la-circulacio","status":"publish","type":"post","link":"https:\/\/bisbalpenedes.com\/web\/2020\/10\/02\/la-rotonda-de-la-c-51-ja-sha-obert-a-la-circulacio\/","title":{"rendered":"La rotonda de la C-51 ja s&#8217;ha obert a la circulaci\u00f3"},"content":{"rendered":"<p><a href=\"http:\/\/bisbalpenedes.com\/web\/wp-content\/uploads\/2020\/10\/ROTONDA-C-51-2.jpeg\"><img loading=\"lazy\" class=\"aligncenter size-large wp-image-14811\" src=\"http:\/\/bisbalpenedes.com\/web\/wp-content\/uploads\/2020\/10\/ROTONDA-C-51-2-1024x748.jpeg\" alt=\"ROTONDA C-51 - 2\" width=\"630\" height=\"460\" srcset=\"https:\/\/bisbalpenedes.com\/web\/wp-content\/uploads\/2020\/10\/ROTONDA-C-51-2-1024x748.jpeg 1024w, https:\/\/bisbalpenedes.com\/web\/wp-content\/uploads\/2020\/10\/ROTONDA-C-51-2-600x438.jpeg 600w, https:\/\/bisbalpenedes.com\/web\/wp-content\/uploads\/2020\/10\/ROTONDA-C-51-2-300x219.jpeg 300w, https:\/\/bisbalpenedes.com\/web\/wp-content\/uploads\/2020\/10\/ROTONDA-C-51-2-768x561.jpeg 768w, https:\/\/bisbalpenedes.com\/web\/wp-content\/uploads\/2020\/10\/ROTONDA-C-51-2.jpeg 1600w\" sizes=\"(max-width: 630px) 100vw, 630px\" \/><\/a><\/p>\n<p><span style=\"color: #000000;\">La rotonda de la C-51 ja s\u2019ha obert a la circulaci\u00f3. Tot i que encara no han finalitzat les obres, ja s\u2019hi pot circular. No obstant aix\u00f2, tingueu en compte que encara hi poden haver afectacions en el tr\u00e0nsit que l\u2019empresa que du a terme les obres senyalitzar\u00e0 i indicar\u00e0 en cada moment.<\/span><br \/>\n<span style=\"color: #000000;\">L\u2019alcaldessa de la Bisbal del Pened\u00e8s, Agn\u00e8s Ferr\u00e9, ha explicat que \u201c\u00e9s una gran not\u00edcia per als ve\u00efns del municipi que ja puguem circular per la rotonda. Els \u00faltims mesos els ve\u00efns, de la Bisbal, sobretot els de Can Gordei, l\u2019Esplai, la Masieta i Santa Cristina, han hagut de modificar els seus trajectes habituals, la qual cosa sabem que per la majoria ha suposat una incomoditat. No obstant aix\u00f2, creiem que ha valgut la pena perqu\u00e8 ara l\u2019esperada rotonda ja \u00e9s una realitat i suposar\u00e0 un pas endavant per a la mobilitat del territori i facilitar\u00e0 les comunicacions entre els diferents barris del municipi\u201d.<\/span><\/p>\n<hr \/>\n<p><span style=\"color: #000000;\"><strong>CASTELLANO |<\/strong> La rotonda de la C-51 ya se ha abierto a la circulaci\u00f3n. Aunque todav\u00eda no han finalizado las obras, ya se puede circular por ella. No obstante, tened en cuenta que todav\u00eda pueden darse afectaciones en el tr\u00e1fico que la empresa que lleva a cabo las obras se\u00f1alizar\u00e1 e indicar\u00e1 en cada momento. <\/span><br \/>\n<span style=\"color: #000000;\">La alcaldesa de la Bisbal del Pened\u00e8s, Agn\u00e8s Ferr\u00e9, ha explicado que \u201ces una gran noticia para los vecinos del municipio que ya podamos circular por la rotonda. Los \u00faltimos meses los vecinos de la Bisbal, sobre todo los de Can Gordei, l\u2019Esplai, la Masieta y Santa Cristina, han tenido que modificar sus trayectos habituales, la cual cosa sabemos que para la mayor\u00eda ha supuesto una incomodidad. No obstante, creemos que ha valido la pena porque ahora la esperada rotonda ya es una realidad y supondr\u00e1 un paso adelante para la movilidad del territorio y facilitar\u00e1 las comunicaciones entre los distintos barrios del municipio\u201d.<\/span><\/p>\n","protected":false},"excerpt":{"rendered":"<p>La rotonda de la C-51 ja s\u2019ha obert a la circulaci\u00f3. Tot i que encara no han finalitzat les obres, ja s\u2019hi pot circular. No obstant aix\u00f2, tingueu en compte &hellip; <a href=\"https:\/\/bisbalpenedes.com\/web\/2020\/10\/02\/la-rotonda-de-la-c-51-ja-sha-obert-a-la-circulacio\/\" class=\"more-link\">Read More<\/a><\/p>\n","protected":false},"author":4,"featured_media":14811,"comment_status":"closed","ping_status":"closed","sticky":false,"template":"","format":"standard","meta":[],"categories":[3840,8],"tags":[299,198,276,587,4071,298,623],"_links":{"self":[{"href":"https:\/\/bisbalpenedes.com\/web\/wp-json\/wp\/v2\/posts\/14810"}],"collection":[{"href":"https:\/\/bisbalpenedes.com\/web\/wp-json\/wp\/v2\/posts"}],"about":[{"href":"https:\/\/bisbalpenedes.com\/web\/wp-json\/wp\/v2\/types\/post"}],"author":[{"embeddable":true,"href":"https:\/\/bisbalpenedes.com\/web\/wp-json\/wp\/v2\/users\/4"}],"replies":[{"embeddable":true,"href":"https:\/\/bisbalpenedes.com\/web\/wp-json\/wp\/v2\/comments?post=14810"}],"version-history":[{"count":1,"href":"https:\/\/bisbalpenedes.com\/web\/wp-json\/wp\/v2\/posts\/14810\/revisions"}],"predecessor-version":[{"id":14812,"href":"https:\/\/bisbalpenedes.com\/web\/wp-json\/wp\/v2\/posts\/14810\/revisions\/14812"}],"wp:featuredmedia":[{"embeddable":true,"href":"https:\/\/bisbalpenedes.com\/web\/wp-json\/wp\/v2\/media\/14811"}],"wp:attachment":[{"href":"https:\/\/bisbalpenedes.com\/web\/wp-json\/wp\/v2\/media?parent=14810"}],"wp:term":[{"taxonomy":"category","embeddable":true,"href":"https:\/\/bisbalpenedes.com\/web\/wp-json\/wp\/v2\/categories?post=14810"},{"taxonomy":"post_tag","embeddable":true,"href":"https:\/\/bisbalpenedes.com\/web\/wp-json\/wp\/v2\/tags?post=14810"}],"curies":[{"name":"wp","href":"https:\/\/api.w.org\/{rel}","templated":true}]}}