{"id":14804,"date":"2020-10-02T20:31:08","date_gmt":"2020-10-02T18:31:08","guid":{"rendered":"http:\/\/bisbalpenedes.com\/web\/?p=14804"},"modified":"2020-10-02T20:31:08","modified_gmt":"2020-10-02T18:31:08","slug":"sha-obert-el-periode-de-licitacio-per-al-servei-dels-llums-de-nadal","status":"publish","type":"post","link":"https:\/\/bisbalpenedes.com\/web\/2020\/10\/02\/sha-obert-el-periode-de-licitacio-per-al-servei-dels-llums-de-nadal\/","title":{"rendered":"S&#8217;ha obert el per\u00edode de licitaci\u00f3 per al servei dels llums de Nadal"},"content":{"rendered":"<p><a href=\"http:\/\/bisbalpenedes.com\/web\/wp-content\/uploads\/2020\/10\/llumns-nadal-5.jpg\"><img loading=\"lazy\" class=\"aligncenter size-large wp-image-14806\" src=\"http:\/\/bisbalpenedes.com\/web\/wp-content\/uploads\/2020\/10\/llumns-nadal-5-1024x768.jpg\" alt=\"llumns nadal 5\" width=\"630\" height=\"473\" srcset=\"https:\/\/bisbalpenedes.com\/web\/wp-content\/uploads\/2020\/10\/llumns-nadal-5-1024x768.jpg 1024w, https:\/\/bisbalpenedes.com\/web\/wp-content\/uploads\/2020\/10\/llumns-nadal-5-600x450.jpg 600w, https:\/\/bisbalpenedes.com\/web\/wp-content\/uploads\/2020\/10\/llumns-nadal-5-300x225.jpg 300w, https:\/\/bisbalpenedes.com\/web\/wp-content\/uploads\/2020\/10\/llumns-nadal-5-768x576.jpg 768w, https:\/\/bisbalpenedes.com\/web\/wp-content\/uploads\/2020\/10\/llumns-nadal-5.jpg 2048w\" sizes=\"(max-width: 630px) 100vw, 630px\" \/><\/a><\/p>\n<p><span style=\"color: #000000;\">Avui divendres 2 d\u2019octubre s\u2019ha obert el termini per presentar ofertes per a la licitaci\u00f3 de la contractaci\u00f3 del subministrament \u2013en la modalitat d\u2019arrendament- i del servei d\u2019instal\u00b7laci\u00f3, manteniment i desmuntatge d\u2019elements decoratius lluminosos per a les festes de Nadal. Es podran presentar ofertes fins al dia 16 d\u2019octubre a les 14h. La licitaci\u00f3 \u00e9s per a tres anys, \u00e9s a dir, tres campanyes nadalenques, per un import de sortida anual de 12.818,21\u20ac amb l\u2019IVA incl\u00f2s.<\/span><\/p>\n<p><span style=\"color: #000000;\">La Junta de govern del 28 de setembre va aprovar, a petici\u00f3 de la Regidoria de Festes, iniciar l\u2019expedient de la licitaci\u00f3 de la contractaci\u00f3 del subministrament de l\u2019esmentat servei i el 29 de setembre es va signar el Decret d\u2019alcaldia per aprovar el plec de cl\u00e0usules administratives i les caracter\u00edstiques t\u00e8cniques que regulen aquesta licitaci\u00f3 p\u00fablica.<\/span><\/p>\n<p><span style=\"color: #000000;\">Al perfil del contractant podeu descarregar-vos el Plec de cl\u00e0usules administratives i el plec de caracter\u00edstiques t\u00e8cniques, la mem\u00f2ria i l\u2019anunci de la licitaci\u00f3:<\/span> <a href=\"https:\/\/contractaciopublica.gencat.cat\/ecofin_pscp\/AppJava\/notice.pscp?reqCode=viewCn&amp;idDoc=69202579&amp;lawType=\">https:\/\/contractaciopublica.gencat.cat\/ecofin_pscp\/AppJava\/notice.pscp?reqCode=viewCn&amp;idDoc=69202579&amp;lawType=<\/a><\/p>\n<hr \/>\n<p><span style=\"color: #000000;\"><strong>CASTELLANO |<\/strong> Hoy viernes 2 de octubre se ha abierto el plazo para presentar ofertas para la licitaci\u00f3n de la contrataci\u00f3n del suministro \u2013en la modalidad de arrendamiento- y del servicio de instalaci\u00f3n, mantenimiento y desmontaje de elementos decorativos luminosos para las fiestas de Navidad. Se podr\u00e1n presentar ofertas hasta el d\u00eda 16 de octubre a las 14h. La licitaci\u00f3n es para tres a\u00f1os, es decir, tres campa\u00f1as navide\u00f1as, por un importe de salida anual de 12.818,21\u20ac con el IVA incluido.<\/span><\/p>\n<p><span style=\"color: #000000;\">La Junta de gobierno del 28 de septiembre aprob\u00f3, a petici\u00f3n de la Concejal\u00eda de Fiestas, iniciar el expediente de la licitaci\u00f3n de la contrataci\u00f3n del suministro del citado servicio y el 29 de septiembre se firm\u00f3 el Decreto de alcald\u00eda para aprobar el pliego de cl\u00e1usulas administrativas y las caracter\u00edsticas t\u00e9cnicas que regulan esta licitaci\u00f3n p\u00fablica.<\/span><\/p>\n<p><span style=\"color: #000000;\">En el perfil del contratante pod\u00e9is descargaros el Pliego de cl\u00e1usulas administrativas y el pliego de caracter\u00edsticas t\u00e9cnicas, la memoria y el anuncio de la licitaci\u00f3n:<\/span> <a href=\"https:\/\/contractaciopublica.gencat.cat\/ecofin_pscp\/AppJava\/notice.pscp?reqCode=viewCn&amp;idDoc=69202579&amp;lawType=\">https:\/\/contractaciopublica.gencat.cat\/ecofin_pscp\/AppJava\/notice.pscp?reqCode=viewCn&amp;idDoc=69202579&amp;lawType=<\/a><\/p>\n","protected":false},"excerpt":{"rendered":"<p>Avui divendres 2 d\u2019octubre s\u2019ha obert el termini per presentar ofertes per a la licitaci\u00f3 de la contractaci\u00f3 del subministrament \u2013en la modalitat d\u2019arrendament- i del servei d\u2019instal\u00b7laci\u00f3, manteniment i &hellip; <a href=\"https:\/\/bisbalpenedes.com\/web\/2020\/10\/02\/sha-obert-el-periode-de-licitacio-per-al-servei-dels-llums-de-nadal\/\" class=\"more-link\">Read More<\/a><\/p>\n","protected":false},"author":4,"featured_media":14805,"comment_status":"closed","ping_status":"closed","sticky":false,"template":"","format":"standard","meta":[],"categories":[1042,8],"tags":[1866,943,2638,4070],"_links":{"self":[{"href":"https:\/\/bisbalpenedes.com\/web\/wp-json\/wp\/v2\/posts\/14804"}],"collection":[{"href":"https:\/\/bisbalpenedes.com\/web\/wp-json\/wp\/v2\/posts"}],"about":[{"href":"https:\/\/bisbalpenedes.com\/web\/wp-json\/wp\/v2\/types\/post"}],"author":[{"embeddable":true,"href":"https:\/\/bisbalpenedes.com\/web\/wp-json\/wp\/v2\/users\/4"}],"replies":[{"embeddable":true,"href":"https:\/\/bisbalpenedes.com\/web\/wp-json\/wp\/v2\/comments?post=14804"}],"version-history":[{"count":3,"href":"https:\/\/bisbalpenedes.com\/web\/wp-json\/wp\/v2\/posts\/14804\/revisions"}],"predecessor-version":[{"id":14809,"href":"https:\/\/bisbalpenedes.com\/web\/wp-json\/wp\/v2\/posts\/14804\/revisions\/14809"}],"wp:featuredmedia":[{"embeddable":true,"href":"https:\/\/bisbalpenedes.com\/web\/wp-json\/wp\/v2\/media\/14805"}],"wp:attachment":[{"href":"https:\/\/bisbalpenedes.com\/web\/wp-json\/wp\/v2\/media?parent=14804"}],"wp:term":[{"taxonomy":"category","embeddable":true,"href":"https:\/\/bisbalpenedes.com\/web\/wp-json\/wp\/v2\/categories?post=14804"},{"taxonomy":"post_tag","embeddable":true,"href":"https:\/\/bisbalpenedes.com\/web\/wp-json\/wp\/v2\/tags?post=14804"}],"curies":[{"name":"wp","href":"https:\/\/api.w.org\/{rel}","templated":true}]}}