{"id":14800,"date":"2020-10-02T15:28:42","date_gmt":"2020-10-02T13:28:42","guid":{"rendered":"http:\/\/bisbalpenedes.com\/web\/?p=14800"},"modified":"2020-10-02T15:28:42","modified_gmt":"2020-10-02T13:28:42","slug":"avis-per-vent-alerta-ventcat","status":"publish","type":"post","link":"https:\/\/bisbalpenedes.com\/web\/2020\/10\/02\/avis-per-vent-alerta-ventcat\/","title":{"rendered":"Av\u00eds per vent &#8211; Alerta VENTCAT"},"content":{"rendered":"<p class=\"p1\"><span style=\"color: #000000;\">El Servei Meteorol\u00f2gic de Catalunya ha em\u00e8s un av\u00eds per vent i ha activat l&#8217;alerta VENTCAT. El vent bufar\u00e0 amb intensitat avui divendres i dem\u00e0 dissabte. Extremeu les precaucions.<\/span><\/p>\n<hr \/>\n<p class=\"p1\"><span style=\"color: #000000;\">El Servei Meteorol\u00f2gic de Catalunya ha emitido un aviso por viento y ha activado la alerta VENTCAT. El viento soplar\u00e1 con intensidad hoy viernes y ma\u00f1ana s\u00e1bado. Extremad las precauciones.<\/span><\/p>\n<p class=\"p1\"><a href=\"http:\/\/bisbalpenedes.com\/web\/wp-content\/uploads\/2020\/10\/F9641005-02F3-489D-9AA5-2689C98E23B2.jpeg\"><img loading=\"lazy\" class=\"aligncenter size-large wp-image-14801\" src=\"http:\/\/bisbalpenedes.com\/web\/wp-content\/uploads\/2020\/10\/F9641005-02F3-489D-9AA5-2689C98E23B2-768x1024.jpeg\" alt=\"F9641005-02F3-489D-9AA5-2689C98E23B2\" width=\"630\" height=\"840\" srcset=\"https:\/\/bisbalpenedes.com\/web\/wp-content\/uploads\/2020\/10\/F9641005-02F3-489D-9AA5-2689C98E23B2-768x1024.jpeg 768w, https:\/\/bisbalpenedes.com\/web\/wp-content\/uploads\/2020\/10\/F9641005-02F3-489D-9AA5-2689C98E23B2-600x800.jpeg 600w, https:\/\/bisbalpenedes.com\/web\/wp-content\/uploads\/2020\/10\/F9641005-02F3-489D-9AA5-2689C98E23B2-225x300.jpeg 225w, https:\/\/bisbalpenedes.com\/web\/wp-content\/uploads\/2020\/10\/F9641005-02F3-489D-9AA5-2689C98E23B2.jpeg 1536w\" sizes=\"(max-width: 630px) 100vw, 630px\" \/><\/a> <a href=\"http:\/\/bisbalpenedes.com\/web\/wp-content\/uploads\/2020\/10\/19F174CA-D0A7-4D05-901E-3FBDEFAA139E.jpeg\"><img loading=\"lazy\" class=\"aligncenter size-large wp-image-14802\" src=\"http:\/\/bisbalpenedes.com\/web\/wp-content\/uploads\/2020\/10\/19F174CA-D0A7-4D05-901E-3FBDEFAA139E-768x1024.jpeg\" alt=\"19F174CA-D0A7-4D05-901E-3FBDEFAA139E\" width=\"630\" height=\"840\" srcset=\"https:\/\/bisbalpenedes.com\/web\/wp-content\/uploads\/2020\/10\/19F174CA-D0A7-4D05-901E-3FBDEFAA139E-768x1024.jpeg 768w, https:\/\/bisbalpenedes.com\/web\/wp-content\/uploads\/2020\/10\/19F174CA-D0A7-4D05-901E-3FBDEFAA139E-600x800.jpeg 600w, https:\/\/bisbalpenedes.com\/web\/wp-content\/uploads\/2020\/10\/19F174CA-D0A7-4D05-901E-3FBDEFAA139E-225x300.jpeg 225w, https:\/\/bisbalpenedes.com\/web\/wp-content\/uploads\/2020\/10\/19F174CA-D0A7-4D05-901E-3FBDEFAA139E.jpeg 1536w\" sizes=\"(max-width: 630px) 100vw, 630px\" \/><br \/>\n<\/a><a href=\"http:\/\/bisbalpenedes.com\/web\/wp-content\/uploads\/2020\/10\/quan-bufa-el-vent.jpg\"><img loading=\"lazy\" class=\"aligncenter size-full wp-image-14798\" src=\"http:\/\/bisbalpenedes.com\/web\/wp-content\/uploads\/2020\/10\/quan-bufa-el-vent.jpg\" alt=\"quan bufa el vent\" width=\"800\" height=\"800\" srcset=\"https:\/\/bisbalpenedes.com\/web\/wp-content\/uploads\/2020\/10\/quan-bufa-el-vent.jpg 800w, https:\/\/bisbalpenedes.com\/web\/wp-content\/uploads\/2020\/10\/quan-bufa-el-vent-300x300.jpg 300w, https:\/\/bisbalpenedes.com\/web\/wp-content\/uploads\/2020\/10\/quan-bufa-el-vent-100x100.jpg 100w, https:\/\/bisbalpenedes.com\/web\/wp-content\/uploads\/2020\/10\/quan-bufa-el-vent-600x600.jpg 600w, https:\/\/bisbalpenedes.com\/web\/wp-content\/uploads\/2020\/10\/quan-bufa-el-vent-150x150.jpg 150w, https:\/\/bisbalpenedes.com\/web\/wp-content\/uploads\/2020\/10\/quan-bufa-el-vent-768x768.jpg 768w\" sizes=\"(max-width: 800px) 100vw, 800px\" \/><\/a><\/p>\n","protected":false},"excerpt":{"rendered":"<p>El Servei Meteorol\u00f2gic de Catalunya ha em\u00e8s un av\u00eds per vent i ha activat l&#8217;alerta VENTCAT. El vent bufar\u00e0 amb intensitat avui divendres i dem\u00e0 dissabte. Extremeu les precaucions. El &hellip; <a href=\"https:\/\/bisbalpenedes.com\/web\/2020\/10\/02\/avis-per-vent-alerta-ventcat\/\" class=\"more-link\">Read More<\/a><\/p>\n","protected":false},"author":4,"featured_media":14798,"comment_status":"closed","ping_status":"closed","sticky":false,"template":"","format":"standard","meta":[],"categories":[1628,2543,8],"tags":[1187,3362,4047],"_links":{"self":[{"href":"https:\/\/bisbalpenedes.com\/web\/wp-json\/wp\/v2\/posts\/14800"}],"collection":[{"href":"https:\/\/bisbalpenedes.com\/web\/wp-json\/wp\/v2\/posts"}],"about":[{"href":"https:\/\/bisbalpenedes.com\/web\/wp-json\/wp\/v2\/types\/post"}],"author":[{"embeddable":true,"href":"https:\/\/bisbalpenedes.com\/web\/wp-json\/wp\/v2\/users\/4"}],"replies":[{"embeddable":true,"href":"https:\/\/bisbalpenedes.com\/web\/wp-json\/wp\/v2\/comments?post=14800"}],"version-history":[{"count":1,"href":"https:\/\/bisbalpenedes.com\/web\/wp-json\/wp\/v2\/posts\/14800\/revisions"}],"predecessor-version":[{"id":14803,"href":"https:\/\/bisbalpenedes.com\/web\/wp-json\/wp\/v2\/posts\/14800\/revisions\/14803"}],"wp:featuredmedia":[{"embeddable":true,"href":"https:\/\/bisbalpenedes.com\/web\/wp-json\/wp\/v2\/media\/14798"}],"wp:attachment":[{"href":"https:\/\/bisbalpenedes.com\/web\/wp-json\/wp\/v2\/media?parent=14800"}],"wp:term":[{"taxonomy":"category","embeddable":true,"href":"https:\/\/bisbalpenedes.com\/web\/wp-json\/wp\/v2\/categories?post=14800"},{"taxonomy":"post_tag","embeddable":true,"href":"https:\/\/bisbalpenedes.com\/web\/wp-json\/wp\/v2\/tags?post=14800"}],"curies":[{"name":"wp","href":"https:\/\/api.w.org\/{rel}","templated":true}]}}