{"id":14795,"date":"2020-10-01T16:43:37","date_gmt":"2020-10-01T14:43:37","guid":{"rendered":"http:\/\/bisbalpenedes.com\/web\/?p=14795"},"modified":"2020-10-01T16:43:37","modified_gmt":"2020-10-01T14:43:37","slug":"avis-per-vent-divendres-2-doctubre-i-dissabte-3-doctubre","status":"publish","type":"post","link":"https:\/\/bisbalpenedes.com\/web\/2020\/10\/01\/avis-per-vent-divendres-2-doctubre-i-dissabte-3-doctubre\/","title":{"rendered":"Av\u00eds per vent &#8211; Divendres 2 d&#8217;octubre i dissabte 3 d&#8217;octubre"},"content":{"rendered":"<div class=\"kvgmc6g5 cxmmr5t8 oygrvhab hcukyx3x c1et5uql ii04i59q\">\n<div dir=\"auto\"><span style=\"color: #000000;\">El Servei Meteorol\u00f2gic de Catalunya ha em\u00e8s un av\u00eds per vent. Bufar\u00e0 amb intensitat el divendres i el dissabte. Extremeu les precaucions.<\/span><\/div>\n<\/div>\n<div class=\"o9v6fnle cxmmr5t8 oygrvhab hcukyx3x c1et5uql ii04i59q\">\n<div dir=\"auto\">\n<hr \/>\n<\/div>\n<\/div>\n<div class=\"o9v6fnle cxmmr5t8 oygrvhab hcukyx3x c1et5uql ii04i59q\">\n<div dir=\"auto\"><span style=\"color: #000000;\">El Servei Meteorol\u00f2gic de Catalunya ha emitido un aviso por viento. Soplar\u00e1 con intensidad el viernes y el s\u00e1bado. Extremad las precauciones.<\/span><\/div>\n<\/div>\n<p><a href=\"http:\/\/bisbalpenedes.com\/web\/wp-content\/uploads\/2020\/10\/avis-per-vent-2-octubre-20.jpg\"><img loading=\"lazy\" class=\"aligncenter size-full wp-image-14796\" src=\"http:\/\/bisbalpenedes.com\/web\/wp-content\/uploads\/2020\/10\/avis-per-vent-2-octubre-20.jpg\" alt=\"avis per vent 2 octubre 20\" width=\"828\" height=\"828\" srcset=\"https:\/\/bisbalpenedes.com\/web\/wp-content\/uploads\/2020\/10\/avis-per-vent-2-octubre-20.jpg 828w, https:\/\/bisbalpenedes.com\/web\/wp-content\/uploads\/2020\/10\/avis-per-vent-2-octubre-20-300x300.jpg 300w, https:\/\/bisbalpenedes.com\/web\/wp-content\/uploads\/2020\/10\/avis-per-vent-2-octubre-20-100x100.jpg 100w, https:\/\/bisbalpenedes.com\/web\/wp-content\/uploads\/2020\/10\/avis-per-vent-2-octubre-20-600x600.jpg 600w, https:\/\/bisbalpenedes.com\/web\/wp-content\/uploads\/2020\/10\/avis-per-vent-2-octubre-20-150x150.jpg 150w, https:\/\/bisbalpenedes.com\/web\/wp-content\/uploads\/2020\/10\/avis-per-vent-2-octubre-20-768x768.jpg 768w\" sizes=\"(max-width: 828px) 100vw, 828px\" \/><\/a> <a href=\"http:\/\/bisbalpenedes.com\/web\/wp-content\/uploads\/2020\/10\/avis-vent-3-octubre-20.jpg\"><img loading=\"lazy\" class=\"aligncenter size-full wp-image-14797\" src=\"http:\/\/bisbalpenedes.com\/web\/wp-content\/uploads\/2020\/10\/avis-vent-3-octubre-20.jpg\" alt=\"avis vent 3 octubre 20\" width=\"828\" height=\"828\" srcset=\"https:\/\/bisbalpenedes.com\/web\/wp-content\/uploads\/2020\/10\/avis-vent-3-octubre-20.jpg 828w, https:\/\/bisbalpenedes.com\/web\/wp-content\/uploads\/2020\/10\/avis-vent-3-octubre-20-300x300.jpg 300w, https:\/\/bisbalpenedes.com\/web\/wp-content\/uploads\/2020\/10\/avis-vent-3-octubre-20-100x100.jpg 100w, https:\/\/bisbalpenedes.com\/web\/wp-content\/uploads\/2020\/10\/avis-vent-3-octubre-20-600x600.jpg 600w, https:\/\/bisbalpenedes.com\/web\/wp-content\/uploads\/2020\/10\/avis-vent-3-octubre-20-150x150.jpg 150w, https:\/\/bisbalpenedes.com\/web\/wp-content\/uploads\/2020\/10\/avis-vent-3-octubre-20-768x768.jpg 768w\" sizes=\"(max-width: 828px) 100vw, 828px\" \/><\/a> <a href=\"http:\/\/bisbalpenedes.com\/web\/wp-content\/uploads\/2020\/10\/quan-bufa-el-vent.jpg\"><img loading=\"lazy\" class=\"aligncenter size-full wp-image-14798\" src=\"http:\/\/bisbalpenedes.com\/web\/wp-content\/uploads\/2020\/10\/quan-bufa-el-vent.jpg\" alt=\"quan bufa el vent\" width=\"800\" height=\"800\" srcset=\"https:\/\/bisbalpenedes.com\/web\/wp-content\/uploads\/2020\/10\/quan-bufa-el-vent.jpg 800w, https:\/\/bisbalpenedes.com\/web\/wp-content\/uploads\/2020\/10\/quan-bufa-el-vent-300x300.jpg 300w, https:\/\/bisbalpenedes.com\/web\/wp-content\/uploads\/2020\/10\/quan-bufa-el-vent-100x100.jpg 100w, https:\/\/bisbalpenedes.com\/web\/wp-content\/uploads\/2020\/10\/quan-bufa-el-vent-600x600.jpg 600w, https:\/\/bisbalpenedes.com\/web\/wp-content\/uploads\/2020\/10\/quan-bufa-el-vent-150x150.jpg 150w, https:\/\/bisbalpenedes.com\/web\/wp-content\/uploads\/2020\/10\/quan-bufa-el-vent-768x768.jpg 768w\" sizes=\"(max-width: 800px) 100vw, 800px\" \/><\/a><\/p>\n","protected":false},"excerpt":{"rendered":"<p>El Servei Meteorol\u00f2gic de Catalunya ha em\u00e8s un av\u00eds per vent. Bufar\u00e0 amb intensitat el divendres i el dissabte. Extremeu les precaucions. El Servei Meteorol\u00f2gic de Catalunya ha emitido un &hellip; <a href=\"https:\/\/bisbalpenedes.com\/web\/2020\/10\/01\/avis-per-vent-divendres-2-doctubre-i-dissabte-3-doctubre\/\" class=\"more-link\">Read More<\/a><\/p>\n","protected":false},"author":4,"featured_media":14796,"comment_status":"closed","ping_status":"closed","sticky":false,"template":"","format":"standard","meta":[],"categories":[1628,2543,8],"tags":[1188,2570,1187,3362],"_links":{"self":[{"href":"https:\/\/bisbalpenedes.com\/web\/wp-json\/wp\/v2\/posts\/14795"}],"collection":[{"href":"https:\/\/bisbalpenedes.com\/web\/wp-json\/wp\/v2\/posts"}],"about":[{"href":"https:\/\/bisbalpenedes.com\/web\/wp-json\/wp\/v2\/types\/post"}],"author":[{"embeddable":true,"href":"https:\/\/bisbalpenedes.com\/web\/wp-json\/wp\/v2\/users\/4"}],"replies":[{"embeddable":true,"href":"https:\/\/bisbalpenedes.com\/web\/wp-json\/wp\/v2\/comments?post=14795"}],"version-history":[{"count":1,"href":"https:\/\/bisbalpenedes.com\/web\/wp-json\/wp\/v2\/posts\/14795\/revisions"}],"predecessor-version":[{"id":14799,"href":"https:\/\/bisbalpenedes.com\/web\/wp-json\/wp\/v2\/posts\/14795\/revisions\/14799"}],"wp:featuredmedia":[{"embeddable":true,"href":"https:\/\/bisbalpenedes.com\/web\/wp-json\/wp\/v2\/media\/14796"}],"wp:attachment":[{"href":"https:\/\/bisbalpenedes.com\/web\/wp-json\/wp\/v2\/media?parent=14795"}],"wp:term":[{"taxonomy":"category","embeddable":true,"href":"https:\/\/bisbalpenedes.com\/web\/wp-json\/wp\/v2\/categories?post=14795"},{"taxonomy":"post_tag","embeddable":true,"href":"https:\/\/bisbalpenedes.com\/web\/wp-json\/wp\/v2\/tags?post=14795"}],"curies":[{"name":"wp","href":"https:\/\/api.w.org\/{rel}","templated":true}]}}