{"id":14786,"date":"2020-09-30T16:00:30","date_gmt":"2020-09-30T14:00:30","guid":{"rendered":"http:\/\/bisbalpenedes.com\/web\/?p=14786"},"modified":"2020-09-30T14:54:46","modified_gmt":"2020-09-30T12:54:46","slug":"ja-sha-publicat-ledicio-dels-mesos-de-setembre-i-octubre-de-la-revista-municipal-torre-de-guaita","status":"publish","type":"post","link":"https:\/\/bisbalpenedes.com\/web\/2020\/09\/30\/ja-sha-publicat-ledicio-dels-mesos-de-setembre-i-octubre-de-la-revista-municipal-torre-de-guaita\/","title":{"rendered":"Ja s\u2019ha publicat l\u2019edici\u00f3 dels mesos de setembre i octubre de la revista municipal Torre de Guaita"},"content":{"rendered":"<div class=\"\" data-block=\"true\" data-editor=\"fj53g\" data-offset-key=\"f8bnh-0-0\">\n<div class=\"_1mf _1mj\" style=\"text-align: justify;\" data-offset-key=\"f8bnh-0-0\"><a href=\"http:\/\/bisbalpenedes.com\/web\/wp-content\/uploads\/2020\/09\/Torre-de-Guaita-2020-09_page-0001.jpg\"><img loading=\"lazy\" class=\"aligncenter size-medium wp-image-14787\" src=\"http:\/\/bisbalpenedes.com\/web\/wp-content\/uploads\/2020\/09\/Torre-de-Guaita-2020-09_page-0001-212x300.jpg\" alt=\"Torre de Guaita 2020-09_page-0001\" width=\"212\" height=\"300\" srcset=\"https:\/\/bisbalpenedes.com\/web\/wp-content\/uploads\/2020\/09\/Torre-de-Guaita-2020-09_page-0001-212x300.jpg 212w, https:\/\/bisbalpenedes.com\/web\/wp-content\/uploads\/2020\/09\/Torre-de-Guaita-2020-09_page-0001-600x848.jpg 600w, https:\/\/bisbalpenedes.com\/web\/wp-content\/uploads\/2020\/09\/Torre-de-Guaita-2020-09_page-0001-768x1085.jpg 768w, https:\/\/bisbalpenedes.com\/web\/wp-content\/uploads\/2020\/09\/Torre-de-Guaita-2020-09_page-0001-725x1024.jpg 725w, https:\/\/bisbalpenedes.com\/web\/wp-content\/uploads\/2020\/09\/Torre-de-Guaita-2020-09_page-0001.jpg 1241w\" sizes=\"(max-width: 212px) 100vw, 212px\" \/><\/a><\/div>\n<div class=\"_1mf _1mj\" style=\"text-align: justify;\" data-offset-key=\"f8bnh-0-0\"><\/div>\n<div class=\"_1mf _1mj\" style=\"text-align: justify;\" data-offset-key=\"f8bnh-0-0\"><span style=\"color: #000000;\" data-offset-key=\"f8bnh-2-0\">Ja s&#8217;ha publicat l&#8217;edici\u00f3 dels mesos de setembre i octubre de 2020 de la revista municipal Torre de Guaita. Aquest dimecres s&#8217;ha comen\u00e7at a repartir l&#8217;edici\u00f3 en paper.<\/span><\/div>\n<\/div>\n<div class=\"\" style=\"text-align: justify;\" data-block=\"true\" data-editor=\"fj53g\" data-offset-key=\"5onlq-0-0\">\n<div class=\"_1mf _1mj\" data-offset-key=\"5onlq-0-0\"><span style=\"color: #000000;\" data-offset-key=\"5onlq-2-0\">Us podeu descarregar la revista en format digital, aqu\u00ed:\u00a0https:\/\/bisbalpenedes.com\/web\/wp-content\/uploads\/2020\/09\/Torre-de-Guaita-2020-09.pdf<\/span><\/div>\n<\/div>\n<div class=\"\" style=\"text-align: justify;\" data-block=\"true\" data-editor=\"fj53g\" data-offset-key=\"dia0j-0-0\"><\/div>\n<div class=\"\" style=\"text-align: justify;\" data-block=\"true\" data-editor=\"fj53g\" data-offset-key=\"9549k-0-0\">\n<div class=\"_1mf _1mj\" data-offset-key=\"9549k-0-0\">\n<hr \/>\n<p><span style=\"color: #000000;\" data-offset-key=\"9549k-0-0\"><br \/>\n<\/span><\/p>\n<\/div>\n<\/div>\n<div class=\"\" style=\"text-align: justify;\" data-block=\"true\" data-editor=\"fj53g\" data-offset-key=\"7qpmk-0-0\">\n<div class=\"_1mf _1mj\" data-offset-key=\"7qpmk-0-0\"><span style=\"color: #000000;\"><strong>CASTELLANO |<\/strong> Ya se ha publicado la edici\u00f3n de los meses de septiembre y octubre de 2020 de la revista municipal Torre de Guaita.\u00a0Este mi\u00e9rcoles se ha empezado a repartir la edici\u00f3n en papel.<\/span><\/div>\n<\/div>\n<div class=\"\" data-block=\"true\" data-editor=\"fj53g\" data-offset-key=\"65elh-0-0\">\n<div class=\"_1mf _1mj\" style=\"text-align: justify;\" data-offset-key=\"65elh-0-0\"><span style=\"color: #000000;\" data-offset-key=\"65elh-2-0\">Os pod\u00e9is descargar la revista en formato digital, aqu\u00ed:\u00a0<a href=\"https:\/\/bisbalpenedes.com\/web\/wp-content\/uploads\/2020\/09\/Torre-de-Guaita-2020-09.pdf\" target=\"_blank\">https:\/\/bisbalpenedes.com\/web\/wp-content\/uploads\/2020\/09\/Torre-de-Guaita-2020-09.pdf<\/a><\/span><\/div>\n<div class=\"_1mf _1mj\" style=\"text-align: justify;\" data-offset-key=\"65elh-0-0\"><\/div>\n<\/div>\n","protected":false},"excerpt":{"rendered":"<p>Ja s&#8217;ha publicat l&#8217;edici\u00f3 dels mesos de setembre i octubre de 2020 de la revista municipal Torre de Guaita. Aquest dimecres s&#8217;ha comen\u00e7at a repartir l&#8217;edici\u00f3 en paper. Us podeu &hellip; <a href=\"https:\/\/bisbalpenedes.com\/web\/2020\/09\/30\/ja-sha-publicat-ledicio-dels-mesos-de-setembre-i-octubre-de-la-revista-municipal-torre-de-guaita\/\" class=\"more-link\">Read More<\/a><\/p>\n","protected":false},"author":4,"featured_media":14787,"comment_status":"closed","ping_status":"closed","sticky":false,"template":"","format":"standard","meta":[],"categories":[8,2607],"tags":[2609,4069,2608],"_links":{"self":[{"href":"https:\/\/bisbalpenedes.com\/web\/wp-json\/wp\/v2\/posts\/14786"}],"collection":[{"href":"https:\/\/bisbalpenedes.com\/web\/wp-json\/wp\/v2\/posts"}],"about":[{"href":"https:\/\/bisbalpenedes.com\/web\/wp-json\/wp\/v2\/types\/post"}],"author":[{"embeddable":true,"href":"https:\/\/bisbalpenedes.com\/web\/wp-json\/wp\/v2\/users\/4"}],"replies":[{"embeddable":true,"href":"https:\/\/bisbalpenedes.com\/web\/wp-json\/wp\/v2\/comments?post=14786"}],"version-history":[{"count":2,"href":"https:\/\/bisbalpenedes.com\/web\/wp-json\/wp\/v2\/posts\/14786\/revisions"}],"predecessor-version":[{"id":14789,"href":"https:\/\/bisbalpenedes.com\/web\/wp-json\/wp\/v2\/posts\/14786\/revisions\/14789"}],"wp:featuredmedia":[{"embeddable":true,"href":"https:\/\/bisbalpenedes.com\/web\/wp-json\/wp\/v2\/media\/14787"}],"wp:attachment":[{"href":"https:\/\/bisbalpenedes.com\/web\/wp-json\/wp\/v2\/media?parent=14786"}],"wp:term":[{"taxonomy":"category","embeddable":true,"href":"https:\/\/bisbalpenedes.com\/web\/wp-json\/wp\/v2\/categories?post=14786"},{"taxonomy":"post_tag","embeddable":true,"href":"https:\/\/bisbalpenedes.com\/web\/wp-json\/wp\/v2\/tags?post=14786"}],"curies":[{"name":"wp","href":"https:\/\/api.w.org\/{rel}","templated":true}]}}