{"id":14775,"date":"2020-10-01T08:00:43","date_gmt":"2020-10-01T06:00:43","guid":{"rendered":"http:\/\/bisbalpenedes.com\/web\/?p=14775"},"modified":"2020-09-30T13:29:52","modified_gmt":"2020-09-30T11:29:52","slug":"sha-aprovat-inicialment-el-projecte-denderroc-de-la-masia-de-la-miralba","status":"publish","type":"post","link":"https:\/\/bisbalpenedes.com\/web\/2020\/10\/01\/sha-aprovat-inicialment-el-projecte-denderroc-de-la-masia-de-la-miralba\/","title":{"rendered":"S\u2019ha aprovat inicialment el projecte d\u2019enderroc de la masia de la Miralba"},"content":{"rendered":"<p style=\"text-align: justify;\"><a href=\"http:\/\/bisbalpenedes.com\/web\/wp-content\/uploads\/2020\/09\/IMG_7763.jpg\"><img loading=\"lazy\" class=\"aligncenter size-large wp-image-14776\" src=\"http:\/\/bisbalpenedes.com\/web\/wp-content\/uploads\/2020\/09\/IMG_7763-1024x768.jpg\" alt=\"MASIA LA MIRALBA\" width=\"630\" height=\"473\" srcset=\"https:\/\/bisbalpenedes.com\/web\/wp-content\/uploads\/2020\/09\/IMG_7763-1024x768.jpg 1024w, https:\/\/bisbalpenedes.com\/web\/wp-content\/uploads\/2020\/09\/IMG_7763-600x450.jpg 600w, https:\/\/bisbalpenedes.com\/web\/wp-content\/uploads\/2020\/09\/IMG_7763-300x225.jpg 300w, https:\/\/bisbalpenedes.com\/web\/wp-content\/uploads\/2020\/09\/IMG_7763-768x576.jpg 768w, https:\/\/bisbalpenedes.com\/web\/wp-content\/uploads\/2020\/09\/IMG_7763.jpg 2016w\" sizes=\"(max-width: 630px) 100vw, 630px\" \/><\/a><\/p>\n<p style=\"text-align: justify;\"><span style=\"color: #000000;\">La Junta de govern del 14 de setembre va aprovar inicialment el projecte d\u2019enderroc -per poder-lo executar quan estigui aprovat definitivament- i sotmetre el projecte a exposici\u00f3 p\u00fablica durant 30 dies a comptar des de la seva publicaci\u00f3 al BOPT. Ahir 30 de setembre es va publicar al <a style=\"color: #000000;\" href=\"https:\/\/www.diputaciodetarragona.cat\/ebop\/index.php?op=dwn&amp;tipus=i&amp;data=20200930&amp;anyp=2020&amp;num=06736&amp;v=i\">BOPT<\/a> i estar\u00e0 en exposici\u00f3 p\u00fablica fins a l\u201912 de novembre de 2020. Durant aquest termini podr\u00e0 ser examinat per qualsevol interessat a les depend\u00e8ncies municipals i es podran formular les al\u00b7legacions que s\u2019estimin pertinents. En cas que no es presentin al\u00b7legacions\/reclamacions, el projecte esdevindr\u00e0 definitivament aprovat sense necessitat d\u2019un nou acord. Despr\u00e9s d\u2019aquest pas, es podr\u00e0 iniciar l\u2019expedient per a la contractaci\u00f3 de les obres d\u2019enderroc.<\/span><\/p>\n<p style=\"text-align: justify;\"><span style=\"color: #000000;\">La masia de la Miralba, ubicada en una parcel\u00b7la adjacent al local social de La Miralba, est\u00e0 en mal estat de conservaci\u00f3. Per aquest motiu l\u2019equip de govern va decidir enderrocar-la. El pressupost de l\u2019execuci\u00f3 ascendeix a 17.830,93\u20ac i el termini d\u2019execuci\u00f3 ser\u00e0 inferior a 3 mesos. Les obres inclouen l\u2019enderroc; la retirada de residus i la seva eliminaci\u00f3 (portant-los a un gestor autoritzat), deixar el terreny net i pla, amb una lleugera inclinaci\u00f3 cap al carrer perqu\u00e8 no quedi aigua retinguda a l\u2019interior; i el tancament del solar amb una paret amb porta d\u2019acc\u00e9s.<\/span><\/p>\n<p style=\"text-align: justify;\"><span style=\"color: #000000;\">La finca de la masia de la Miralba \u00e9s propietat de l\u2019Ajuntament de la Bisbal del Pened\u00e8s des del novembre de 2018, quan va ser adjudicada a l\u2019Ajuntament despr\u00e9s que no es pogu\u00e9s adjudicar la venda de la finca mitjan\u00e7ant subhasta p\u00fablica. El passat 8 de juny de 2020 es va aprovar la contractaci\u00f3 del servei de redacci\u00f3 t\u00e8cnic de l\u2019enderroc, la direcci\u00f3 de l\u2019execuci\u00f3 de l\u2019obra i la coordinaci\u00f3 de seguretat i salut en la fase d\u2019execuci\u00f3 amb l\u2019empresa Disseny i Arquitectura Taller Pericial SL. per un import de 5.826,15\u20ac (IVA incl\u00f2s).<\/span><\/p>\n<hr \/>\n<p style=\"text-align: justify;\"><span style=\"color: #000000;\"><strong>CASTELLANO |<\/strong> La Junta de gobierno del 14 de septiembre aprob\u00f3 inicialmente el proyecto de derribo -para poderlo ejecutar cuando est\u00e9 aprobado definitivamente- y someter el proyecto a exposici\u00f3n p\u00fablica durante 30 d\u00edas a contar desde su publicaci\u00f3n en el BOPT. Ayer 30 de septiembre se public\u00f3 en el <a style=\"color: #000000;\" href=\"https:\/\/www.diputaciodetarragona.cat\/ebop\/index.php?op=dwn&amp;tipus=i&amp;data=20200930&amp;anyp=2020&amp;num=06736&amp;v=i\">BOPT<\/a> y estar\u00e1 en exposici\u00f3n p\u00fablica hasta el 12 de noviembre. Durante este plazo podr\u00e1 ser examinado por cualquier interesado en las dependencias municipales y se podr\u00e1n formular las alegaciones que se estimen pertinentes. En el caso que no se presenten alegaciones\/reclamaciones, el proyecto ser\u00e1 aprobado definitivamente sin necesidad de un nuevo acuerdo. Despu\u00e9s de este paso, se podr\u00e1 iniciar el expediente para la contrataci\u00f3n de las obras de derribo.<\/span><\/p>\n<p style=\"text-align: justify;\"><span style=\"color: #000000;\">La mas\u00eda de la Miralba, ubicada en una parcela adyacente al local social de La Miralba, est\u00e1 en mal estado de conservaci\u00f3n. Por este motivo el equipo de gobierno decidi\u00f3 derribarla. El presupuesto de la ejecuci\u00f3n asciende a 17.830,93\u20ac y el plazo de ejecuci\u00f3n ser\u00e1 inferior a 3 meses. Las obras incluyen el derribo, la retirada de residuos y su eliminaci\u00f3n (llev\u00e1ndolos a un gestor autorizado), dejar el terreno limpio y plano, con una ligera inclinaci\u00f3n hacia la calle para que no quede agua retenida en el interior; y el cierre del solar con una pared con puerta de acceso.<\/span><\/p>\n<p style=\"text-align: justify;\"><span style=\"color: #000000;\">La finca de la mas\u00eda de la Miralba es propiedad del Ayuntamiento de la Bisbal de Pened\u00e8s desde noviembre de 2018, cuando fue adjudicada al Ayuntamiento despu\u00e9s de que no se pudiese adjudicar la venta de la finca mediante subasta p\u00fablica. El pasado 8 de junio de 2020 se aprob\u00f3 la contrataci\u00f3n del servicio de redacci\u00f3n t\u00e9cnico del derribo, la direcci\u00f3n de la ejecuci\u00f3n de la obra y la coordinaci\u00f3n de seguridad y salud en fase de ejecuci\u00f3n con la empresa Disseny i Arquitectura Taller Pericial SL. por un importe de 5.826,15\u20ac (IVA incluido).<\/span><\/p>\n<p>&nbsp;<\/p>\n","protected":false},"excerpt":{"rendered":"<p>La Junta de govern del 14 de setembre va aprovar inicialment el projecte d\u2019enderroc -per poder-lo executar quan estigui aprovat definitivament- i sotmetre el projecte a exposici\u00f3 p\u00fablica durant 30 &hellip; <a href=\"https:\/\/bisbalpenedes.com\/web\/2020\/10\/01\/sha-aprovat-inicialment-el-projecte-denderroc-de-la-masia-de-la-miralba\/\" class=\"more-link\">Read More<\/a><\/p>\n","protected":false},"author":4,"featured_media":14776,"comment_status":"closed","ping_status":"closed","sticky":false,"template":"","format":"standard","meta":[],"categories":[8,15],"tags":[3318,246,3882,484],"_links":{"self":[{"href":"https:\/\/bisbalpenedes.com\/web\/wp-json\/wp\/v2\/posts\/14775"}],"collection":[{"href":"https:\/\/bisbalpenedes.com\/web\/wp-json\/wp\/v2\/posts"}],"about":[{"href":"https:\/\/bisbalpenedes.com\/web\/wp-json\/wp\/v2\/types\/post"}],"author":[{"embeddable":true,"href":"https:\/\/bisbalpenedes.com\/web\/wp-json\/wp\/v2\/users\/4"}],"replies":[{"embeddable":true,"href":"https:\/\/bisbalpenedes.com\/web\/wp-json\/wp\/v2\/comments?post=14775"}],"version-history":[{"count":1,"href":"https:\/\/bisbalpenedes.com\/web\/wp-json\/wp\/v2\/posts\/14775\/revisions"}],"predecessor-version":[{"id":14777,"href":"https:\/\/bisbalpenedes.com\/web\/wp-json\/wp\/v2\/posts\/14775\/revisions\/14777"}],"wp:featuredmedia":[{"embeddable":true,"href":"https:\/\/bisbalpenedes.com\/web\/wp-json\/wp\/v2\/media\/14776"}],"wp:attachment":[{"href":"https:\/\/bisbalpenedes.com\/web\/wp-json\/wp\/v2\/media?parent=14775"}],"wp:term":[{"taxonomy":"category","embeddable":true,"href":"https:\/\/bisbalpenedes.com\/web\/wp-json\/wp\/v2\/categories?post=14775"},{"taxonomy":"post_tag","embeddable":true,"href":"https:\/\/bisbalpenedes.com\/web\/wp-json\/wp\/v2\/tags?post=14775"}],"curies":[{"name":"wp","href":"https:\/\/api.w.org\/{rel}","templated":true}]}}