{"id":14770,"date":"2020-09-30T13:05:05","date_gmt":"2020-09-30T11:05:05","guid":{"rendered":"http:\/\/bisbalpenedes.com\/web\/?p=14770"},"modified":"2020-09-30T13:12:12","modified_gmt":"2020-09-30T11:12:12","slug":"nou-horari-del-consultori-medic-de-la-bisbal-del-penedes-atencio-presencial-nomes-amb-cita-previa","status":"publish","type":"post","link":"https:\/\/bisbalpenedes.com\/web\/2020\/09\/30\/nou-horari-del-consultori-medic-de-la-bisbal-del-penedes-atencio-presencial-nomes-amb-cita-previa\/","title":{"rendered":"Nou horari del consultori m\u00e8dic de La Bisbal del Pened\u00e8s (atenci\u00f3 presencial nom\u00e9s amb cita pr\u00e8via)"},"content":{"rendered":"<p>Segons ens informen des de la Xarxa Sanit\u00e0ria i Social Santa Tecla, a partir del dijous 1 d\u2019octubre el consultori m\u00e8dic far\u00e0 el seg\u00fcent horari d\u2019atenci\u00f3 presencial:<\/p>\n<p style=\"padding-left: 30px;\">Matins: de dilluns a divendres de 08:00h a 14:00h.<\/p>\n<p style=\"padding-left: 30px;\">Tardes: dilluns i dimecres de 15.00h a 20:00h.<\/p>\n<p>Per accedir al consultori de forma presencial <strong>ser\u00e0 imprescindible demanar cita pr\u00e8via, trucant al 977 68 87 24.<\/strong><\/p>\n<p>El servei de pediatria continua derivat al Vendrell, al Centre Botafoc (Av. Baix Pened\u00e8s, 94) amb el tel\u00e8fon 977 13 46 69.<\/p>\n<hr \/>\n<p><strong>CASTELLANO |<\/strong> Seg\u00fan nos informan desde la Xarxa Sanit\u00e0ria i Social Santa Tecla, a partir del jueves 1 de octubre el consultorio m\u00e9dico har\u00e1 el siguiente horario de atenci\u00f3n presencial:<\/p>\n<p style=\"padding-left: 30px;\">Ma\u00f1anas: de lunes a viernes de 08:00h a 14.00h.<\/p>\n<p style=\"padding-left: 30px;\">Tardes: lunes y mi\u00e9rcoles de 15:00h, a 20:00h<\/p>\n<p>Para acceder al consultorio de forma presencial<strong> ser\u00e1 imprescindible pedir cita previa, llamando al 977 68 87 24.<\/strong><\/p>\n<p>El servicio de pediatr\u00eda contin\u00faa derivado al Vendrell, al Centre Botafoc (Avda. Baix Pened\u00e8s, 94) con el tel\u00e9fono 977 13 46 69.<\/p>\n<p><a href=\"http:\/\/bisbalpenedes.com\/web\/wp-content\/uploads\/2020\/09\/HORARI-consultori-medic-a-partir-1-10-20_page-0001.jpg\"><img loading=\"lazy\" class=\"aligncenter size-large wp-image-14771\" src=\"http:\/\/bisbalpenedes.com\/web\/wp-content\/uploads\/2020\/09\/HORARI-consultori-medic-a-partir-1-10-20_page-0001-1024x725.jpg\" alt=\"HORARI consultori medic a partir 1-10-20_page-0001\" width=\"630\" height=\"446\" srcset=\"https:\/\/bisbalpenedes.com\/web\/wp-content\/uploads\/2020\/09\/HORARI-consultori-medic-a-partir-1-10-20_page-0001-1024x725.jpg 1024w, https:\/\/bisbalpenedes.com\/web\/wp-content\/uploads\/2020\/09\/HORARI-consultori-medic-a-partir-1-10-20_page-0001-600x425.jpg 600w, https:\/\/bisbalpenedes.com\/web\/wp-content\/uploads\/2020\/09\/HORARI-consultori-medic-a-partir-1-10-20_page-0001-300x212.jpg 300w, https:\/\/bisbalpenedes.com\/web\/wp-content\/uploads\/2020\/09\/HORARI-consultori-medic-a-partir-1-10-20_page-0001-768x543.jpg 768w, https:\/\/bisbalpenedes.com\/web\/wp-content\/uploads\/2020\/09\/HORARI-consultori-medic-a-partir-1-10-20_page-0001.jpg 1754w\" sizes=\"(max-width: 630px) 100vw, 630px\" \/><\/a><\/p>\n","protected":false},"excerpt":{"rendered":"<p>Segons ens informen des de la Xarxa Sanit\u00e0ria i Social Santa Tecla, a partir del dijous 1 d\u2019octubre el consultori m\u00e8dic far\u00e0 el seg\u00fcent horari d\u2019atenci\u00f3 presencial: Matins: de dilluns &hellip; <a href=\"https:\/\/bisbalpenedes.com\/web\/2020\/09\/30\/nou-horari-del-consultori-medic-de-la-bisbal-del-penedes-atencio-presencial-nomes-amb-cita-previa\/\" class=\"more-link\">Read More<\/a><\/p>\n","protected":false},"author":4,"featured_media":14771,"comment_status":"closed","ping_status":"closed","sticky":false,"template":"","format":"standard","meta":[],"categories":[8,14],"tags":[2701,784,145,4065,4064],"_links":{"self":[{"href":"https:\/\/bisbalpenedes.com\/web\/wp-json\/wp\/v2\/posts\/14770"}],"collection":[{"href":"https:\/\/bisbalpenedes.com\/web\/wp-json\/wp\/v2\/posts"}],"about":[{"href":"https:\/\/bisbalpenedes.com\/web\/wp-json\/wp\/v2\/types\/post"}],"author":[{"embeddable":true,"href":"https:\/\/bisbalpenedes.com\/web\/wp-json\/wp\/v2\/users\/4"}],"replies":[{"embeddable":true,"href":"https:\/\/bisbalpenedes.com\/web\/wp-json\/wp\/v2\/comments?post=14770"}],"version-history":[{"count":3,"href":"https:\/\/bisbalpenedes.com\/web\/wp-json\/wp\/v2\/posts\/14770\/revisions"}],"predecessor-version":[{"id":14774,"href":"https:\/\/bisbalpenedes.com\/web\/wp-json\/wp\/v2\/posts\/14770\/revisions\/14774"}],"wp:featuredmedia":[{"embeddable":true,"href":"https:\/\/bisbalpenedes.com\/web\/wp-json\/wp\/v2\/media\/14771"}],"wp:attachment":[{"href":"https:\/\/bisbalpenedes.com\/web\/wp-json\/wp\/v2\/media?parent=14770"}],"wp:term":[{"taxonomy":"category","embeddable":true,"href":"https:\/\/bisbalpenedes.com\/web\/wp-json\/wp\/v2\/categories?post=14770"},{"taxonomy":"post_tag","embeddable":true,"href":"https:\/\/bisbalpenedes.com\/web\/wp-json\/wp\/v2\/tags?post=14770"}],"curies":[{"name":"wp","href":"https:\/\/api.w.org\/{rel}","templated":true}]}}