{"id":14765,"date":"2020-09-30T09:07:51","date_gmt":"2020-09-30T07:07:51","guid":{"rendered":"http:\/\/bisbalpenedes.com\/web\/?p=14765"},"modified":"2020-09-30T09:07:51","modified_gmt":"2020-09-30T07:07:51","slug":"lajuntament-de-la-bisbal-del-penedes-ha-sollicitat-dues-subvencions-per-fomentar-lactivacio-ocupacional-i-economica","status":"publish","type":"post","link":"https:\/\/bisbalpenedes.com\/web\/2020\/09\/30\/lajuntament-de-la-bisbal-del-penedes-ha-sollicitat-dues-subvencions-per-fomentar-lactivacio-ocupacional-i-economica\/","title":{"rendered":"L\u2019Ajuntament de la Bisbal del Pened\u00e8s ha sol\u00b7licitat dues subvencions per fomentar l\u2019activaci\u00f3 ocupacional i econ\u00f2mica"},"content":{"rendered":"<p>&nbsp;<\/p>\n<figure id=\"attachment_14766\" aria-describedby=\"caption-attachment-14766\" style=\"width: 300px\" class=\"wp-caption aligncenter\"><a href=\"http:\/\/bisbalpenedes.com\/web\/wp-content\/uploads\/2020\/09\/IMATGE-ARXIU-SETMANA-EMPRESA-I-OCUPACIO-2019-mes-petita.jpg\"><img loading=\"lazy\" class=\"size-medium wp-image-14766\" src=\"http:\/\/bisbalpenedes.com\/web\/wp-content\/uploads\/2020\/09\/IMATGE-ARXIU-SETMANA-EMPRESA-I-OCUPACIO-2019-mes-petita-300x200.jpg\" alt=\"Imatge d'arxiu de la Setmana de l'Empresa i l'Ocupaci\u00f3 de la Bisbal del Pened\u00e8s. D'esquerra a dreta: Arantzazu Longares, t\u00e8cnica d'Ocupaci\u00f3 del SOM Bisbal; Agn\u00e8s Ferr\u00e9, alcaldessa de la Bisbal del Pened\u00e8s i responsable de l'\u00e0rea d'Ocupaci\u00f3; Josep Oriol Fern\u00e1ndez, responsable de Log\u00edstica i Formaci\u00f3 de la Cambra de Comer\u00e7 de Tarragona \" width=\"300\" height=\"200\" srcset=\"https:\/\/bisbalpenedes.com\/web\/wp-content\/uploads\/2020\/09\/IMATGE-ARXIU-SETMANA-EMPRESA-I-OCUPACIO-2019-mes-petita-300x200.jpg 300w, https:\/\/bisbalpenedes.com\/web\/wp-content\/uploads\/2020\/09\/IMATGE-ARXIU-SETMANA-EMPRESA-I-OCUPACIO-2019-mes-petita-600x400.jpg 600w, https:\/\/bisbalpenedes.com\/web\/wp-content\/uploads\/2020\/09\/IMATGE-ARXIU-SETMANA-EMPRESA-I-OCUPACIO-2019-mes-petita-768x512.jpg 768w, https:\/\/bisbalpenedes.com\/web\/wp-content\/uploads\/2020\/09\/IMATGE-ARXIU-SETMANA-EMPRESA-I-OCUPACIO-2019-mes-petita-1024x683.jpg 1024w\" sizes=\"(max-width: 300px) 100vw, 300px\" \/><\/a><figcaption id=\"caption-attachment-14766\" class=\"wp-caption-text\">Imatge d&#8217;arxiu de la Setmana d&#8217;Empresa i Ocupaci\u00f3 de la Bisbal del Pened\u00e8s. D&#8217;esquerra a dreta: Arantzazu Longares, t\u00e8cnica d&#8217;Ocupaci\u00f3 del SOM Bisbal; Agn\u00e8s Ferr\u00e9, alcaldessa de la Bisbal del Pened\u00e8s i responsable de l&#8217;\u00e0rea d&#8217;Ocupaci\u00f3; Josep Oriol Fern\u00e1ndez, responsable de Log\u00edstica i Formaci\u00f3 de la Cambra de Comer\u00e7 de Tarragona.<\/figcaption><\/figure>\n<p style=\"text-align: justify;\"><span style=\"color: #000000;\">L\u2019Ajuntament de la Bisbal del Pened\u00e8s ha sol\u00b7licitat dues subvencions per un total de 21.052,91\u20ac a la Diputaci\u00f3 de Tarragona per destinar-les a la promoci\u00f3 de l\u2019ocupaci\u00f3 i la generaci\u00f3 d\u2019activitat econ\u00f2mica. En concret, ha sol\u00b7licitat una subvenci\u00f3 de 15.952,91\u20ac per a la reactivaci\u00f3 ocupacional mitjan\u00e7ant la contractaci\u00f3 de dues persones en situaci\u00f3 d\u2019atur i una subvenci\u00f3 de 5.100\u20ac per a la reactivaci\u00f3 econ\u00f2mica dels comer\u00e7os locals i aut\u00f2noms amb l\u2019objectiu de millorar la competitivitat de les noves activitats econ\u00f2miques i potenciar l\u2019\u00fas de noves tecnologies en la venda de productes i serveis.<\/span><\/p>\n<p style=\"text-align: justify;\"><span style=\"color: #000000;\"><strong>PROGRAMA DE REACTIVACI\u00d3 OCUPACIONAL<\/strong><\/span><\/p>\n<p style=\"text-align: justify;\"><span style=\"color: #000000;\">Quant al programa de Reactivaci\u00f3 Ocupacional, l\u2019Ajuntament de la Bisbal del Pened\u00e8s -a trav\u00e9s de la Regidoria d\u2019Ocupaci\u00f3- contractar\u00e0 una persona per refor\u00e7ar el servei de neteja extraordinari als centres educatius com a mesura per la Covid-19. Aquesta persona dur\u00e0 a terme tasques de refor\u00e7 en la neteja de zones comunes de la llar d\u2019infants, els dos edificis de l\u2019escola de prim\u00e0ria i els lavabos del camp de futbol municipal, als migdies, ja que aquest espai \u00e9s usat pels alumnes de l\u2019Escola Ull de Vent com a zona d\u2019esbarjo i com a espai per realitzar activitats de la mat\u00e8ria d\u2019Educaci\u00f3 F\u00edsica. El contracte tindr\u00e0 una durada de sis mesos, de l\u20191 de novembre de 2020 al 31 de maig de 2021 i el contracte ser\u00e0 a temps parcial. Es contractar\u00e0 un home o una dona major de 45 anys.<\/span><\/p>\n<p style=\"text-align: justify;\"><span style=\"color: #000000;\">D\u2019altra banda, contractar\u00e0 una persona de refor\u00e7 per a la brigada municipal per dur a terme treballs de manteniment de la pintura d\u2019edificis i espais p\u00fablics. Aquesta persona dur\u00e0 a terme treballs d\u2019adequaci\u00f3 i pintura del mobiliari dels parcs infantils i els edificis i espais municipals. El contracte tindr\u00e0 una durada de cinc mesos, de l\u20191 de desembre de 2020 al 31 de maig de 2021 i el contracte ser\u00e0 a temps complet. Es contractar\u00e0 un home o una dona de menys de 35 anys en situaci\u00f3 d\u2019atur.<\/span><\/p>\n<p style=\"text-align: justify;\"><span style=\"color: #000000;\"><strong>PROGRAMA DE REACTIVACI\u00d3 ECON\u00d2MICA DELS COMER\u00c7OS LOCALS I AUT\u00d2NOMS<\/strong><\/span><\/p>\n<p style=\"text-align: justify;\"><span style=\"color: #000000;\">Quant al programa de reactivaci\u00f3 econ\u00f2mica dels comer\u00e7os locals i els aut\u00f2noms, l\u2019Ajuntament de la Bisbal del Pened\u00e8s, a trav\u00e9s de les Regidories de Comer\u00e7 i Ocupaci\u00f3, dur\u00e0 a terme diverses activitats formatives, juntament amb la Cambra de Comer\u00e7 de Tarragona, amb l\u2019objectiu de refor\u00e7ar l\u2019activitat econ\u00f2mica al municipi -especialment del petit comer\u00e7- per donar visibilitat als negocis locals, contribuir al treball conjunt entre establiments i potenciar l\u2019\u00fas de nous canals de venda entre les empreses, comer\u00e7os i aut\u00f2noms del municipi.<\/span><\/p>\n<p style=\"text-align: justify;\"><span style=\"color: #000000;\">Aix\u00ed, est\u00e0 previst que el municipi tiri endavant diverses accions formatives pr\u00e0ctiques -centrades en l\u2019\u00fas de les xarxes socials- adre\u00e7ades als establiments comercials, les empreses de serveis (serveis que tinguin relaci\u00f3 amb el client final) i talleristes, artesans i bars i restaurants del municipi. La previsi\u00f3 \u00e9s la seg\u00fcent:<\/span><\/p>\n<p style=\"padding-left: 60px; text-align: justify;\"><span style=\"color: #000000;\">-Octubre i novembre de 2020: captaci\u00f3 de participants; formaci\u00f3 i preparaci\u00f3 de la campanya de Nadal.<\/span><\/p>\n<p style=\"padding-left: 60px; text-align: justify;\"><span style=\"color: #000000;\">-Desembre de 2020: desenvolupament de les accions proposades.<\/span><\/p>\n<p style=\"padding-left: 60px; text-align: justify;\"><span style=\"color: #000000;\">-Gener i Febrer de 2021: sessions per generar propostes de valor entre els participants.<\/span><\/p>\n<p style=\"padding-left: 60px; text-align: justify;\"><span style=\"color: #000000;\">-Mar\u00e7 a juny de 2021: accions de fidelitzaci\u00f3 del client de proximitat.<\/span><\/p>\n<hr \/>\n<p style=\"text-align: justify;\"><span style=\"color: #000000;\"><strong>CASTELLANO | <\/strong>El Ayuntamiento de la Bisbal del Pened\u00e8s ha solicitado dos subvenciones por un total de 21.052,91\u20ac a la Diputaci\u00f3n de Tarragona para destinarlas a la promoci\u00f3n de la ocupaci\u00f3n y la generaci\u00f3n de actividad econ\u00f3mica. En concreto, ha solicitado una subvenci\u00f3n de 15.952,91\u20ac para la reactivaci\u00f3n ocupacional mediante la contrataci\u00f3n de dos personas en situaci\u00f3n de paro y una subvenci\u00f3n de 5.100\u20ac para la reactivaci\u00f3n econ\u00f3mica de los comercios locales y aut\u00f3nomos con el objetivo de mejorar la competitividad de las nuevas actividades econ\u00f3micas y potenciar el uso de nuevas tecnolog\u00edas en la venta de productos y servicios.<\/span><\/p>\n<p style=\"text-align: justify;\"><span style=\"color: #000000;\"><strong>PROGRAMA DE REACTIVACI\u00d3N OCUPACIONAL<\/strong><\/span><\/p>\n<p style=\"text-align: justify;\"><span style=\"color: #000000;\">En cuanto al programa de Reactivaci\u00f3n Ocupacional, el Ayuntamiento de la Bisbal del Pened\u00e8s -a trav\u00e9s de la Concejal\u00eda de Ocupaci\u00f3n- contratar\u00e1 a una persona para reforzar el servicio de limpieza extraordinario en los centros educativos como medida por la Covid-19. Esta persona llevar\u00e1 a cabo trabajos de refuerzo en la limpieza de zonas comunes de la <em>llar d\u2019infants<\/em>, los dos edificios de la escuela de primaria y los lavabos del campo de f\u00fatbol municipal, los mediod\u00edas, ya que este espacio lo utilizan los alumnos de la Escuela Ull de Vent como zona de recreo y como espacio para realizar actividades de la materia de Educaci\u00f3n F\u00edsica. El contrato tendr\u00e1 una duraci\u00f3n de seis meses, del 1 de noviembre de 2020 al 31 de mayo de 2021 y el contrato ser\u00e1 a tiempo parcial. Se contratar\u00e1 a un hombre o una mujer mayor de 45 a\u00f1os.<\/span><\/p>\n<p style=\"text-align: justify;\"><span style=\"color: #000000;\">Por otro lado, contratar\u00e1 a una persona de refuerzo para la brigada municipal para llevar a cabo trabajos de mantenimiento de la pintura de edificios y espacios p\u00fablicos. Esta persona llevar\u00e1 a cabo trabajos de adecuaci\u00f3n y pintura del mobiliario de los parques infantiles y los edificios y espacios municipales. El contrato tendr\u00e1 una duraci\u00f3n de cinco meses, del 1 de diciembre de 2020 al 31 de mayo de 2021 y el contrato ser\u00e1 a tiempo completo. Se contratar\u00e1 a un hombre o a una mujer de menos de 35 a\u00f1os en situaci\u00f3n de paro.<\/span><\/p>\n<p style=\"text-align: justify;\"><span style=\"color: #000000;\"><strong>PROGRAMA DE REACTIVACI\u00d3N ECON\u00d3MICA DE LOS COMERCIOS LOCALES Y AUT\u00d3NOMOS<\/strong><\/span><\/p>\n<p style=\"text-align: justify;\"><span style=\"color: #000000;\">En cuanto al programa de reactivaci\u00f3n econ\u00f3mica de los comercios locales y los aut\u00f3nomos, el Ayuntamiento de la Bisbal del Pened\u00e8s, a trav\u00e9s de las Concejal\u00edas de Comercio y Ocupaci\u00f3n, llevar\u00e1 a cabo varias actividades formativas, junto con la C\u00e1mara de Comercio de Tarragona, con el objetivo de reforzar la actividad econ\u00f3mica en el municipio -especialmente del peque\u00f1o comercio- para dar visibilidad a los negocios locales, contribuir al trabajo conjunto entre establecimientos y potenciar el uso de nuevos canales de venta entre las empresas, comercios y aut\u00f3nomos del municipio.<\/span><\/p>\n<p style=\"text-align: justify;\"><span style=\"color: #000000;\">As\u00ed, est\u00e1 previsto que el municipio lleve a cabo varias acciones formativas pr\u00e1cticas -centradas en el uso de las redes sociales- dirigidas a los establecimientos comerciales, las empresas de servicios (servicios que tengan relaci\u00f3n con el cliente final) y talleristas, artesanos y bares y restaurantes del municipio. La previsi\u00f3n es la siguiente:<\/span><\/p>\n<p style=\"padding-left: 60px; text-align: justify;\"><span style=\"color: #000000;\">-Octubre y noviembre de 2020: captaci\u00f3n de participantes, formaci\u00f3n y preparaci\u00f3n de la campa\u00f1a de Navidad.<\/span><\/p>\n<p style=\"text-align: justify;\"><span style=\"color: #000000;\">\u00a0\u00a0\u00a0\u00a0\u00a0\u00a0\u00a0\u00a0\u00a0\u00a0\u00a0\u00a0\u00a0\u00a0\u00a0 -Diciembre de 2020: desarrollo de las acciones propuestas.<\/span><\/p>\n<p style=\"padding-left: 60px; text-align: justify;\"><span style=\"color: #000000;\">-Enero y Febrero de 2021: sesiones para generar propuestas de valor entre los participantes.<\/span><\/p>\n<p style=\"text-align: justify;\"><span style=\"color: #000000;\">\u00a0\u00a0\u00a0\u00a0\u00a0\u00a0\u00a0\u00a0\u00a0\u00a0\u00a0\u00a0\u00a0\u00a0\u00a0 -Marzo ya junio de 2021: acciones de fidelizaci\u00f3n del cliente de proximidad.<\/span><\/p>\n<p>&nbsp;<\/p>\n","protected":false},"excerpt":{"rendered":"<p>&nbsp; L\u2019Ajuntament de la Bisbal del Pened\u00e8s ha sol\u00b7licitat dues subvencions per un total de 21.052,91\u20ac a la Diputaci\u00f3 de Tarragona per destinar-les a la promoci\u00f3 de l\u2019ocupaci\u00f3 i la &hellip; <a href=\"https:\/\/bisbalpenedes.com\/web\/2020\/09\/30\/lajuntament-de-la-bisbal-del-penedes-ha-sollicitat-dues-subvencions-per-fomentar-lactivacio-ocupacional-i-economica\/\" class=\"more-link\">Read More<\/a><\/p>\n","protected":false},"author":4,"featured_media":14766,"comment_status":"closed","ping_status":"closed","sticky":false,"template":"","format":"standard","meta":[],"categories":[8,9],"tags":[163,1251,419,317,100,673,162,41,10,4063,99],"_links":{"self":[{"href":"https:\/\/bisbalpenedes.com\/web\/wp-json\/wp\/v2\/posts\/14765"}],"collection":[{"href":"https:\/\/bisbalpenedes.com\/web\/wp-json\/wp\/v2\/posts"}],"about":[{"href":"https:\/\/bisbalpenedes.com\/web\/wp-json\/wp\/v2\/types\/post"}],"author":[{"embeddable":true,"href":"https:\/\/bisbalpenedes.com\/web\/wp-json\/wp\/v2\/users\/4"}],"replies":[{"embeddable":true,"href":"https:\/\/bisbalpenedes.com\/web\/wp-json\/wp\/v2\/comments?post=14765"}],"version-history":[{"count":2,"href":"https:\/\/bisbalpenedes.com\/web\/wp-json\/wp\/v2\/posts\/14765\/revisions"}],"predecessor-version":[{"id":14768,"href":"https:\/\/bisbalpenedes.com\/web\/wp-json\/wp\/v2\/posts\/14765\/revisions\/14768"}],"wp:featuredmedia":[{"embeddable":true,"href":"https:\/\/bisbalpenedes.com\/web\/wp-json\/wp\/v2\/media\/14766"}],"wp:attachment":[{"href":"https:\/\/bisbalpenedes.com\/web\/wp-json\/wp\/v2\/media?parent=14765"}],"wp:term":[{"taxonomy":"category","embeddable":true,"href":"https:\/\/bisbalpenedes.com\/web\/wp-json\/wp\/v2\/categories?post=14765"},{"taxonomy":"post_tag","embeddable":true,"href":"https:\/\/bisbalpenedes.com\/web\/wp-json\/wp\/v2\/tags?post=14765"}],"curies":[{"name":"wp","href":"https:\/\/api.w.org\/{rel}","templated":true}]}}