{"id":14759,"date":"2020-10-01T07:00:01","date_gmt":"2020-10-01T05:00:01","guid":{"rendered":"http:\/\/bisbalpenedes.com\/web\/?p=14759"},"modified":"2020-09-30T08:59:29","modified_gmt":"2020-09-30T06:59:29","slug":"la-junta-de-govern-ha-aprovat-atorgar-una-subvencio-per-a-persones-desocupades-que-es-van-donar-dalta-com-a-autonoms-el-2019","status":"publish","type":"post","link":"https:\/\/bisbalpenedes.com\/web\/2020\/10\/01\/la-junta-de-govern-ha-aprovat-atorgar-una-subvencio-per-a-persones-desocupades-que-es-van-donar-dalta-com-a-autonoms-el-2019\/","title":{"rendered":"La Junta de govern ha aprovat atorgar una subvenci\u00f3 per a persones desocupades que es van donar d\u2019alta com a aut\u00f2noms el 2019"},"content":{"rendered":"<p style=\"text-align: justify;\"><a href=\"http:\/\/bisbalpenedes.com\/web\/wp-content\/uploads\/2020\/09\/SUBVENCIONS_2020_AUTONOMS.jpg\"><img loading=\"lazy\" class=\"aligncenter size-large wp-image-14760\" src=\"http:\/\/bisbalpenedes.com\/web\/wp-content\/uploads\/2020\/09\/SUBVENCIONS_2020_AUTONOMS-1024x514.jpg\" alt=\"SUBVENCIONS_2020_AUTONOMS\" width=\"630\" height=\"316\" srcset=\"https:\/\/bisbalpenedes.com\/web\/wp-content\/uploads\/2020\/09\/SUBVENCIONS_2020_AUTONOMS-1024x514.jpg 1024w, https:\/\/bisbalpenedes.com\/web\/wp-content\/uploads\/2020\/09\/SUBVENCIONS_2020_AUTONOMS-600x301.jpg 600w, https:\/\/bisbalpenedes.com\/web\/wp-content\/uploads\/2020\/09\/SUBVENCIONS_2020_AUTONOMS-300x151.jpg 300w, https:\/\/bisbalpenedes.com\/web\/wp-content\/uploads\/2020\/09\/SUBVENCIONS_2020_AUTONOMS-768x386.jpg 768w, https:\/\/bisbalpenedes.com\/web\/wp-content\/uploads\/2020\/09\/SUBVENCIONS_2020_AUTONOMS.jpg 1500w\" sizes=\"(max-width: 630px) 100vw, 630px\" \/><\/a><\/p>\n<p style=\"text-align: justify;\"><span style=\"color: #000000;\">La Junta de govern local, a petici\u00f3 de la Regidoria d\u2019Ocupaci\u00f3, ha aprovat -aquest dilluns 28 de setembre- atorgar la subvenci\u00f3 per a persones desocupades que es van donar d\u2019alta en el r\u00e8gim d\u2019aut\u00f2noms el 2019 a un sol\u00b7licitant de la subvenci\u00f3. Durant el termini establert per presentar la documentaci\u00f3 es va presentar una \u00fanica sol\u00b7licitud. Com que complia tots els requisits se li ha atorgat la subvenci\u00f3 per un import de 258,01\u20ac.<\/span><\/p>\n<p style=\"text-align: justify;\"><span style=\"color: #000000;\">Enguany ha estat el cinqu\u00e8 any que s\u2019han convocat les subvencions per a persones desocupades que s\u2019hagin establert com a aut\u00f2nomes per a la posada en marxa d\u2019una activitat durant l\u2019any anterior, en aquest cas el 2019, i el termini per a presentar sol\u00b7licituds va romandre obert del 16 de juny al 14 de juliol de 2020 (ambd\u00f3s inclosos). La finalitat de la subvenci\u00f3 \u00e9s el foment de l\u2019ocupaci\u00f3 i l\u2019emprenedoria al municipi i el pressupost 2020 comptava amb una partida de 10.000\u20ac destinada a aquests ajuts. L\u2019import m\u00e0xim a atorgar per sol\u00b7licitant podia ser de fins a 2.800\u20ac, en funci\u00f3 de les despeses (justificades) que s\u2019establien a les bases.<\/span><\/p>\n<hr \/>\n<p style=\"text-align: justify;\"><span style=\"color: #000000;\"><strong>CASTELLANO | <\/strong>La Junta de gobierno local, a petici\u00f3n de la Concejal\u00eda de Ocupaci\u00f3n, ha aprobado -este lunes 28 de septiembre- otorgar la subvenci\u00f3n para personas desocupadas que se dieron de alta en el r\u00e9gimen de aut\u00f3nomos en el 2019 a un solicitante de la subvenci\u00f3n. Durante el plazo establecido para presentar la documentaci\u00f3n se present\u00f3 una \u00fanica solicitud. Como cumpl\u00eda con todos los requisitos se le ha otorgado la subvenci\u00f3n por un importe de 258,01\u20ac.<\/span><\/p>\n<p style=\"text-align: justify;\"><span style=\"color: #000000;\">Este a\u00f1o ha sido el quinto a\u00f1o que se han convocado las subvenciones para personas desocupadas que se hayan establecido como aut\u00f3nomas para la puesta en marcha de una actividad durante el a\u00f1o anterior, en este caso en el 2019, y el plazo para presentar solicitudes permaneci\u00f3 abierto del 16 de junio al 14 de julio de 2020 (ambos incluidos). La finalidad de la subvenci\u00f3n es el fomento de la ocupaci\u00f3n y el emprendimiento en el municipio y el presupuesto 2020 contaba con una partida de 10.000\u20ac destinada a estas ayudas. El importe m\u00e1ximo a otorgar por solicitante pod\u00eda ser de hasta 2.800\u20ac, en funci\u00f3n de los gastos (justificados) que se establec\u00edan en las bases.<\/span><\/p>\n","protected":false},"excerpt":{"rendered":"<p>La Junta de govern local, a petici\u00f3 de la Regidoria d\u2019Ocupaci\u00f3, ha aprovat -aquest dilluns 28 de setembre- atorgar la subvenci\u00f3 per a persones desocupades que es van donar d\u2019alta &hellip; <a href=\"https:\/\/bisbalpenedes.com\/web\/2020\/10\/01\/la-junta-de-govern-ha-aprovat-atorgar-una-subvencio-per-a-persones-desocupades-que-es-van-donar-dalta-com-a-autonoms-el-2019\/\" class=\"more-link\">Read More<\/a><\/p>\n","protected":false},"author":4,"featured_media":14760,"comment_status":"closed","ping_status":"closed","sticky":false,"template":"","format":"standard","meta":[],"categories":[8],"tags":[],"_links":{"self":[{"href":"https:\/\/bisbalpenedes.com\/web\/wp-json\/wp\/v2\/posts\/14759"}],"collection":[{"href":"https:\/\/bisbalpenedes.com\/web\/wp-json\/wp\/v2\/posts"}],"about":[{"href":"https:\/\/bisbalpenedes.com\/web\/wp-json\/wp\/v2\/types\/post"}],"author":[{"embeddable":true,"href":"https:\/\/bisbalpenedes.com\/web\/wp-json\/wp\/v2\/users\/4"}],"replies":[{"embeddable":true,"href":"https:\/\/bisbalpenedes.com\/web\/wp-json\/wp\/v2\/comments?post=14759"}],"version-history":[{"count":1,"href":"https:\/\/bisbalpenedes.com\/web\/wp-json\/wp\/v2\/posts\/14759\/revisions"}],"predecessor-version":[{"id":14761,"href":"https:\/\/bisbalpenedes.com\/web\/wp-json\/wp\/v2\/posts\/14759\/revisions\/14761"}],"wp:featuredmedia":[{"embeddable":true,"href":"https:\/\/bisbalpenedes.com\/web\/wp-json\/wp\/v2\/media\/14760"}],"wp:attachment":[{"href":"https:\/\/bisbalpenedes.com\/web\/wp-json\/wp\/v2\/media?parent=14759"}],"wp:term":[{"taxonomy":"category","embeddable":true,"href":"https:\/\/bisbalpenedes.com\/web\/wp-json\/wp\/v2\/categories?post=14759"},{"taxonomy":"post_tag","embeddable":true,"href":"https:\/\/bisbalpenedes.com\/web\/wp-json\/wp\/v2\/tags?post=14759"}],"curies":[{"name":"wp","href":"https:\/\/api.w.org\/{rel}","templated":true}]}}