{"id":14750,"date":"2020-09-29T16:14:49","date_gmt":"2020-09-29T14:14:49","guid":{"rendered":"http:\/\/bisbalpenedes.com\/web\/?p=14750"},"modified":"2020-09-29T16:22:29","modified_gmt":"2020-09-29T14:22:29","slug":"enguany-per-la-fira-no-hi-haura-tomobola-es-fara-una-rifa-per-tots-sants","status":"publish","type":"post","link":"https:\/\/bisbalpenedes.com\/web\/2020\/09\/29\/enguany-per-la-fira-no-hi-haura-tomobola-es-fara-una-rifa-per-tots-sants\/","title":{"rendered":"Enguany per La Fira no hi haur\u00e0 t\u00f3mbola Es far\u00e0 una Rifa per Tots Sants."},"content":{"rendered":"<div class=\"kvgmc6g5 cxmmr5t8 oygrvhab hcukyx3x c1et5uql ii04i59q\">\n<div dir=\"auto\" style=\"text-align: justify;\"><span style=\"color: #000000;\">Enguany no es far\u00e0 la tradicional t\u00f3mbola de La Fira. No obstant aix\u00f2, podreu participar en la Rifa de Tots Sants. Trobareu tota la informaci\u00f3 al cartell adjunt.<\/span><\/div>\n<\/div>\n<div class=\"o9v6fnle cxmmr5t8 oygrvhab hcukyx3x c1et5uql ii04i59q\" style=\"text-align: justify;\">\n<div dir=\"auto\">\n<hr \/>\n<\/div>\n<\/div>\n<div class=\"o9v6fnle cxmmr5t8 oygrvhab hcukyx3x c1et5uql ii04i59q\">\n<div dir=\"auto\" style=\"text-align: justify;\"><span style=\"color: #000000;\">Este a\u00f1o no se har\u00e1 la tradicional t\u00f3mbola de La Fira. No obstante, podr\u00e9is participar en la Rifa de Todos los Santos. Encontrar\u00e9is toda la informaci\u00f3n en el cartel adjunto.<\/span><\/div>\n<div dir=\"auto\" style=\"text-align: justify;\"><a href=\"http:\/\/bisbalpenedes.com\/web\/wp-content\/uploads\/2020\/09\/tombola_fira_2020def.jpg\"><img loading=\"lazy\" class=\"aligncenter size-large wp-image-14751\" src=\"http:\/\/bisbalpenedes.com\/web\/wp-content\/uploads\/2020\/09\/tombola_fira_2020def-730x1024.jpg\" alt=\"tombola_fira_2020def\" width=\"630\" height=\"884\" srcset=\"https:\/\/bisbalpenedes.com\/web\/wp-content\/uploads\/2020\/09\/tombola_fira_2020def-730x1024.jpg 730w, https:\/\/bisbalpenedes.com\/web\/wp-content\/uploads\/2020\/09\/tombola_fira_2020def-600x841.jpg 600w, https:\/\/bisbalpenedes.com\/web\/wp-content\/uploads\/2020\/09\/tombola_fira_2020def-214x300.jpg 214w, https:\/\/bisbalpenedes.com\/web\/wp-content\/uploads\/2020\/09\/tombola_fira_2020def-768x1077.jpg 768w, https:\/\/bisbalpenedes.com\/web\/wp-content\/uploads\/2020\/09\/tombola_fira_2020def.jpg 1819w\" sizes=\"(max-width: 630px) 100vw, 630px\" \/><\/a><\/div>\n<\/div>\n","protected":false},"excerpt":{"rendered":"<p>Enguany no es far\u00e0 la tradicional t\u00f3mbola de La Fira. No obstant aix\u00f2, podreu participar en la Rifa de Tots Sants. Trobareu tota la informaci\u00f3 al cartell adjunt. Este a\u00f1o &hellip; <a href=\"https:\/\/bisbalpenedes.com\/web\/2020\/09\/29\/enguany-per-la-fira-no-hi-haura-tomobola-es-fara-una-rifa-per-tots-sants\/\" class=\"more-link\">Read More<\/a><\/p>\n","protected":false},"author":4,"featured_media":14751,"comment_status":"closed","ping_status":"closed","sticky":false,"template":"","format":"standard","meta":[],"categories":[13,8],"tags":[2362,4053,2641,4052,2383],"_links":{"self":[{"href":"https:\/\/bisbalpenedes.com\/web\/wp-json\/wp\/v2\/posts\/14750"}],"collection":[{"href":"https:\/\/bisbalpenedes.com\/web\/wp-json\/wp\/v2\/posts"}],"about":[{"href":"https:\/\/bisbalpenedes.com\/web\/wp-json\/wp\/v2\/types\/post"}],"author":[{"embeddable":true,"href":"https:\/\/bisbalpenedes.com\/web\/wp-json\/wp\/v2\/users\/4"}],"replies":[{"embeddable":true,"href":"https:\/\/bisbalpenedes.com\/web\/wp-json\/wp\/v2\/comments?post=14750"}],"version-history":[{"count":2,"href":"https:\/\/bisbalpenedes.com\/web\/wp-json\/wp\/v2\/posts\/14750\/revisions"}],"predecessor-version":[{"id":14753,"href":"https:\/\/bisbalpenedes.com\/web\/wp-json\/wp\/v2\/posts\/14750\/revisions\/14753"}],"wp:featuredmedia":[{"embeddable":true,"href":"https:\/\/bisbalpenedes.com\/web\/wp-json\/wp\/v2\/media\/14751"}],"wp:attachment":[{"href":"https:\/\/bisbalpenedes.com\/web\/wp-json\/wp\/v2\/media?parent=14750"}],"wp:term":[{"taxonomy":"category","embeddable":true,"href":"https:\/\/bisbalpenedes.com\/web\/wp-json\/wp\/v2\/categories?post=14750"},{"taxonomy":"post_tag","embeddable":true,"href":"https:\/\/bisbalpenedes.com\/web\/wp-json\/wp\/v2\/tags?post=14750"}],"curies":[{"name":"wp","href":"https:\/\/api.w.org\/{rel}","templated":true}]}}