{"id":14736,"date":"2020-09-29T09:00:21","date_gmt":"2020-09-29T07:00:21","guid":{"rendered":"http:\/\/bisbalpenedes.com\/web\/?p=14736"},"modified":"2020-09-28T12:26:20","modified_gmt":"2020-09-28T10:26:20","slug":"la-propera-recollida-de-voluminosos-tindra-lloc-el-dilluns-5-doctubre","status":"publish","type":"post","link":"https:\/\/bisbalpenedes.com\/web\/2020\/09\/29\/la-propera-recollida-de-voluminosos-tindra-lloc-el-dilluns-5-doctubre\/","title":{"rendered":"La propera recollida de voluminosos tindr\u00e0 lloc el dilluns 5 d&#8217;octubre"},"content":{"rendered":"<div class=\"\" data-block=\"true\" data-editor=\"bga1a\" data-offset-key=\"fhel9-0-0\">\n<div class=\"_1mf _1mj\" data-offset-key=\"fhel9-0-0\"><span data-offset-key=\"fhel9-2-0\">L&#8217;Ajuntament de la Bisbal del Pened\u00e8s us informa que la propera recollida de residus a domicili tindr\u00e0 lloc el dilluns 5 d&#8217;octubre. <\/span><\/div>\n<\/div>\n<div class=\"\" data-block=\"true\" data-editor=\"bga1a\" data-offset-key=\"17qbt-0-0\">\n<div class=\"_1mf _1mj\" data-offset-key=\"17qbt-0-0\"><span data-offset-key=\"17qbt-1-0\">Si teniu residus voluminosos i andr\u00f2mines a casa i no els podeu portar al Punt Verd, truqueu a l&#8217;Ajuntament de la Bisbal del Pened\u00e8s amb 5 dies d&#8217;antelaci\u00f3 i us els vindrem a recollir.<\/span><\/div>\n<\/div>\n<div class=\"\" data-block=\"true\" data-editor=\"bga1a\" data-offset-key=\"3tek1-0-0\">\n<div class=\"_1mf _1mj\" data-offset-key=\"3tek1-0-0\"><span data-offset-key=\"3tek1-1-0\"><b>Tel\u00e8fon: 977688438<\/b><\/span><\/div>\n<\/div>\n<div class=\"\" data-block=\"true\" data-editor=\"bga1a\" data-offset-key=\"3q2tg-0-0\">\n<div class=\"_1mf _1mj\" data-offset-key=\"3q2tg-0-0\"><span data-offset-key=\"3q2tg-0-0\">\u00a0<\/span><\/div>\n<\/div>\n<div class=\"\" data-block=\"true\" data-editor=\"bga1a\" data-offset-key=\"ausdd-0-0\">\n<div class=\"_1mf _1mj\" data-offset-key=\"ausdd-0-0\">\n<hr \/>\n<p><span data-offset-key=\"ausdd-0-0\"><br \/>\n<\/span><\/div>\n<\/div>\n<div class=\"\" data-block=\"true\" data-editor=\"bga1a\" data-offset-key=\"30h5t-0-0\">\n<div class=\"_1mf _1mj\" data-offset-key=\"30h5t-0-0\">El Ayuntamiento de la Bisbal del Pened\u00e8s os informa de que la pr\u00f3xima recogida de residuos a domicilio tendr\u00e1 lugar el lunes 5 de octubre.<\/div>\n<\/div>\n<div class=\"\" data-block=\"true\" data-editor=\"bga1a\" data-offset-key=\"2hccv-0-0\">\n<div class=\"_1mf _1mj\" data-offset-key=\"2hccv-0-0\"><span data-offset-key=\"2hccv-1-0\">Si ten\u00e9is residuos voluminosos o trastos en casa y no los pod\u00e9is llevar al Punt Verd, llamad al Ayuntamiento de la Bisbal del Pened\u00e8s con 5 d\u00edas de antelaci\u00f3n y os los vendremos a recoger.<\/span><\/div>\n<\/div>\n<div class=\"\" data-block=\"true\" data-editor=\"bga1a\" data-offset-key=\"bfa68-0-0\"><\/div>\n<div class=\"\" data-block=\"true\" data-editor=\"bga1a\" data-offset-key=\"csneu-0-0\">\n<div class=\"_1mf _1mj\" data-offset-key=\"csneu-0-0\"><span data-offset-key=\"csneu-1-0\"><span data-text=\"true\"><b>Tel\u00e9fono: 977688438<\/b><\/span><\/span><\/div>\n<div class=\"_1mf _1mj\" data-offset-key=\"csneu-0-0\"><a href=\"http:\/\/bisbalpenedes.com\/web\/wp-content\/uploads\/2020\/08\/RECOLLIDA-TRASTOS-AJUNTAMENT-GENERICA.jpg\"><img loading=\"lazy\" class=\"aligncenter size-full wp-image-14393\" src=\"http:\/\/bisbalpenedes.com\/web\/wp-content\/uploads\/2020\/08\/RECOLLIDA-TRASTOS-AJUNTAMENT-GENERICA.jpg\" alt=\"RECOLLIDA TRASTOS -AJUNTAMENT GENERICA\" width=\"463\" height=\"960\" srcset=\"https:\/\/bisbalpenedes.com\/web\/wp-content\/uploads\/2020\/08\/RECOLLIDA-TRASTOS-AJUNTAMENT-GENERICA.jpg 463w, https:\/\/bisbalpenedes.com\/web\/wp-content\/uploads\/2020\/08\/RECOLLIDA-TRASTOS-AJUNTAMENT-GENERICA-145x300.jpg 145w\" sizes=\"(max-width: 463px) 100vw, 463px\" \/><\/a><\/div>\n<\/div>\n","protected":false},"excerpt":{"rendered":"<p>L&#8217;Ajuntament de la Bisbal del Pened\u00e8s us informa que la propera recollida de residus a domicili tindr\u00e0 lloc el dilluns 5 d&#8217;octubre. Si teniu residus voluminosos i andr\u00f2mines a casa &hellip; <a href=\"https:\/\/bisbalpenedes.com\/web\/2020\/09\/29\/la-propera-recollida-de-voluminosos-tindra-lloc-el-dilluns-5-doctubre\/\" class=\"more-link\">Read More<\/a><\/p>\n","protected":false},"author":4,"featured_media":14393,"comment_status":"closed","ping_status":"closed","sticky":false,"template":"","format":"standard","meta":[],"categories":[3215,8],"tags":[2606,3943,1479,92,207,1729],"_links":{"self":[{"href":"https:\/\/bisbalpenedes.com\/web\/wp-json\/wp\/v2\/posts\/14736"}],"collection":[{"href":"https:\/\/bisbalpenedes.com\/web\/wp-json\/wp\/v2\/posts"}],"about":[{"href":"https:\/\/bisbalpenedes.com\/web\/wp-json\/wp\/v2\/types\/post"}],"author":[{"embeddable":true,"href":"https:\/\/bisbalpenedes.com\/web\/wp-json\/wp\/v2\/users\/4"}],"replies":[{"embeddable":true,"href":"https:\/\/bisbalpenedes.com\/web\/wp-json\/wp\/v2\/comments?post=14736"}],"version-history":[{"count":1,"href":"https:\/\/bisbalpenedes.com\/web\/wp-json\/wp\/v2\/posts\/14736\/revisions"}],"predecessor-version":[{"id":14737,"href":"https:\/\/bisbalpenedes.com\/web\/wp-json\/wp\/v2\/posts\/14736\/revisions\/14737"}],"wp:featuredmedia":[{"embeddable":true,"href":"https:\/\/bisbalpenedes.com\/web\/wp-json\/wp\/v2\/media\/14393"}],"wp:attachment":[{"href":"https:\/\/bisbalpenedes.com\/web\/wp-json\/wp\/v2\/media?parent=14736"}],"wp:term":[{"taxonomy":"category","embeddable":true,"href":"https:\/\/bisbalpenedes.com\/web\/wp-json\/wp\/v2\/categories?post=14736"},{"taxonomy":"post_tag","embeddable":true,"href":"https:\/\/bisbalpenedes.com\/web\/wp-json\/wp\/v2\/tags?post=14736"}],"curies":[{"name":"wp","href":"https:\/\/api.w.org\/{rel}","templated":true}]}}