{"id":14733,"date":"2020-09-28T12:24:16","date_gmt":"2020-09-28T10:24:16","guid":{"rendered":"http:\/\/bisbalpenedes.com\/web\/?p=14733"},"modified":"2020-09-28T12:24:16","modified_gmt":"2020-09-28T10:24:16","slug":"recordatori-terminis-del-calendari-fiscal-que-vencen-properament","status":"publish","type":"post","link":"https:\/\/bisbalpenedes.com\/web\/2020\/09\/28\/recordatori-terminis-del-calendari-fiscal-que-vencen-properament\/","title":{"rendered":"Recordatori: terminis del calendari fiscal que vencen properament"},"content":{"rendered":"<div class=\"\" data-block=\"true\" data-editor=\"37n7\" data-offset-key=\"74d23-0-0\">\n<div class=\"_1mf _1mj\" data-offset-key=\"74d23-0-0\"><span style=\"color: #000000;\" data-offset-key=\"74d23-0-0\">El 30 de setembre finalitza el termini per abonar -en per\u00edode voluntari- l&#8217;Impost sobre B\u00e9ns Immobles r\u00fastics i la Taxa d&#8217;ocupaci\u00f3 de domini p\u00fablic.<\/span><\/div>\n<\/div>\n<div class=\"\" data-block=\"true\" data-editor=\"37n7\" data-offset-key=\"f3ro-0-0\">\n<div class=\"_1mf _1mj\" data-offset-key=\"f3ro-0-0\"><span data-offset-key=\"f3ro-0-0\"><span style=\"color: #000000;\">Per a m\u00e9s informaci\u00f3 us podeu adre\u00e7ar a BASE:<\/span> <a href=\"https:\/\/www.base.cat\/web\/ca\/ciutadans\/SobreBASE\/OnAdrecar-se\/XarxaAjuntaments\/BaixPenedes\/BisbalPenedes.html\" target=\"_blank\">https:\/\/www.base.cat\/web\/ca\/ciutadans\/SobreBASE\/OnAdrecar-se\/XarxaAjuntaments\/BaixPenedes\/BisbalPenedes.html<\/a><\/span><\/div>\n<\/div>\n<div class=\"\" data-block=\"true\" data-editor=\"37n7\" data-offset-key=\"4slkm-0-0\">\n<div class=\"_1mf _1mj\" data-offset-key=\"4slkm-0-0\">\n<hr \/>\n<\/div>\n<\/div>\n<div class=\"\" data-block=\"true\" data-editor=\"37n7\" data-offset-key=\"77rga-0-0\">\n<div class=\"_1mf _1mj\" data-offset-key=\"77rga-0-0\"><span style=\"color: #000000;\"><strong>CASTELLANO |<\/strong> El 30 de septiembre finaliza el plazo para abonar -en periodo voluntario- el Impuesto sobre Bienes Inmuebles r\u00fasticos y la Tasa de ocupaci\u00f3n del dominio p\u00fablico.<\/span><\/div>\n<\/div>\n<div class=\"\" data-block=\"true\" data-editor=\"37n7\" data-offset-key=\"allvk-0-0\">\n<div class=\"_1mf _1mj\" data-offset-key=\"allvk-0-0\"><span data-offset-key=\"allvk-0-0\"><span style=\"color: #000000;\">Para m\u00e1s informaci\u00f3n os pod\u00e9is dirigir a BASE:<\/span> <a href=\"https:\/\/www.base.cat\/web\/ca\/ciutadans\/SobreBASE\/OnAdrecar-se\/XarxaAjuntaments\/BaixPenedes\/BisbalPenedes.html\" target=\"_blank\">https:\/\/www.base.cat\/web\/ca\/ciutadans\/SobreBASE\/OnAdrecar-se\/XarxaAjuntaments\/BaixPenedes\/BisbalPenedes.html<\/a><\/span><\/div>\n<div class=\"_1mf _1mj\" data-offset-key=\"allvk-0-0\"><a href=\"http:\/\/bisbalpenedes.com\/web\/wp-content\/uploads\/2020\/09\/CALENDARI-FISCAL-2020.jpg\"><img loading=\"lazy\" class=\"aligncenter size-full wp-image-14734\" src=\"http:\/\/bisbalpenedes.com\/web\/wp-content\/uploads\/2020\/09\/CALENDARI-FISCAL-2020.jpg\" alt=\"CALENDARI FISCAL 2020\" width=\"855\" height=\"879\" srcset=\"https:\/\/bisbalpenedes.com\/web\/wp-content\/uploads\/2020\/09\/CALENDARI-FISCAL-2020.jpg 855w, https:\/\/bisbalpenedes.com\/web\/wp-content\/uploads\/2020\/09\/CALENDARI-FISCAL-2020-600x617.jpg 600w, https:\/\/bisbalpenedes.com\/web\/wp-content\/uploads\/2020\/09\/CALENDARI-FISCAL-2020-292x300.jpg 292w, https:\/\/bisbalpenedes.com\/web\/wp-content\/uploads\/2020\/09\/CALENDARI-FISCAL-2020-768x790.jpg 768w\" sizes=\"(max-width: 855px) 100vw, 855px\" \/><\/a><\/div>\n<\/div>\n","protected":false},"excerpt":{"rendered":"<p>El 30 de setembre finalitza el termini per abonar -en per\u00edode voluntari- l&#8217;Impost sobre B\u00e9ns Immobles r\u00fastics i la Taxa d&#8217;ocupaci\u00f3 de domini p\u00fablic. Per a m\u00e9s informaci\u00f3 us podeu &hellip; <a href=\"https:\/\/bisbalpenedes.com\/web\/2020\/09\/28\/recordatori-terminis-del-calendari-fiscal-que-vencen-properament\/\" class=\"more-link\">Read More<\/a><\/p>\n","protected":false},"author":4,"featured_media":14734,"comment_status":"closed","ping_status":"closed","sticky":false,"template":"","format":"standard","meta":[],"categories":[3835,8],"tags":[1130,2153],"_links":{"self":[{"href":"https:\/\/bisbalpenedes.com\/web\/wp-json\/wp\/v2\/posts\/14733"}],"collection":[{"href":"https:\/\/bisbalpenedes.com\/web\/wp-json\/wp\/v2\/posts"}],"about":[{"href":"https:\/\/bisbalpenedes.com\/web\/wp-json\/wp\/v2\/types\/post"}],"author":[{"embeddable":true,"href":"https:\/\/bisbalpenedes.com\/web\/wp-json\/wp\/v2\/users\/4"}],"replies":[{"embeddable":true,"href":"https:\/\/bisbalpenedes.com\/web\/wp-json\/wp\/v2\/comments?post=14733"}],"version-history":[{"count":1,"href":"https:\/\/bisbalpenedes.com\/web\/wp-json\/wp\/v2\/posts\/14733\/revisions"}],"predecessor-version":[{"id":14735,"href":"https:\/\/bisbalpenedes.com\/web\/wp-json\/wp\/v2\/posts\/14733\/revisions\/14735"}],"wp:featuredmedia":[{"embeddable":true,"href":"https:\/\/bisbalpenedes.com\/web\/wp-json\/wp\/v2\/media\/14734"}],"wp:attachment":[{"href":"https:\/\/bisbalpenedes.com\/web\/wp-json\/wp\/v2\/media?parent=14733"}],"wp:term":[{"taxonomy":"category","embeddable":true,"href":"https:\/\/bisbalpenedes.com\/web\/wp-json\/wp\/v2\/categories?post=14733"},{"taxonomy":"post_tag","embeddable":true,"href":"https:\/\/bisbalpenedes.com\/web\/wp-json\/wp\/v2\/tags?post=14733"}],"curies":[{"name":"wp","href":"https:\/\/api.w.org\/{rel}","templated":true}]}}