{"id":14724,"date":"2020-09-25T13:02:23","date_gmt":"2020-09-25T11:02:23","guid":{"rendered":"http:\/\/bisbalpenedes.com\/web\/?p=14724"},"modified":"2020-09-25T13:07:01","modified_gmt":"2020-09-25T11:07:01","slug":"lajuntament-ha-demanat-una-subvencio-de-12-000e-a-la-diputacio-de-tarragona-per-activitats-de-cultura-segura-i-lleure-a-casa","status":"publish","type":"post","link":"https:\/\/bisbalpenedes.com\/web\/2020\/09\/25\/lajuntament-ha-demanat-una-subvencio-de-12-000e-a-la-diputacio-de-tarragona-per-activitats-de-cultura-segura-i-lleure-a-casa\/","title":{"rendered":"L\u2019Ajuntament ha demanat una subvenci\u00f3 de 12.000\u20ac a la Diputaci\u00f3 de Tarragona per activitats de cultura segura i lleure a casa"},"content":{"rendered":"<p style=\"text-align: justify;\"><span style=\"color: #000000;\">Les circumst\u00e0ncies actuals, marcades per la pand\u00e8mia de la Covid-19, han obligat a replantejar el calendari cultural i festiu del municipi. L\u2019Ajuntament ha organitzat diverses activitats durant aquests \u00faltims mesos amb l\u2019objectiu d\u2019oferir alguns moments de lleure a la poblaci\u00f3 i, alhora, mantenir el suport a l\u2019\u00e0mbit cultural i ajudar el sector de la cultura, que viu moments de dificultat en l\u2019actualitat.<\/span><\/p>\n<p style=\"text-align: justify;\"><span style=\"color: #000000;\">Ara, aprofitant que la Diputaci\u00f3 de Tarragona ofereix ajuts per a activitats de cultura segura i lleure a casa, l\u2019Ajuntament de la Bisbal del Pened\u00e8s ha sol\u00b7licitat una subvenci\u00f3 de 12.000\u20ac per sufragar part de les despeses dels actes que s\u2019han organitzat, que han ascendit a un total de 22.382,42\u20ac i que corresponen a les seg\u00fcents activitats:<\/span><\/p>\n<p style=\"text-align: justify;\"><span style=\"color: #000000;\"><strong><u>CULTURA SEGURA<\/u><\/strong> \u2013 L\u2019Ajuntament ha seleccionat alguns actes destacats i rellevants del municipi per replantejar-los i adaptar-los a la situaci\u00f3 actual:<\/span><\/p>\n<p style=\"padding-left: 30px; text-align: justify;\"><span style=\"color: #000000;\"><strong>\u00a0\u00a0\u00a0\u00a0\u00a0\u00a0\u00a0\u00a0 Sant Jordi Confinat: <\/strong>s\u2019ha adaptat la festa de Sant Jordi i el Concurs Literari Infantil. S\u2019ha organitzat un concurs perqu\u00e8 els ve\u00efns del municipi publiquessin una foto o un v\u00eddeo a les xarxes socials que represent\u00e9s la tem\u00e0tica de Sant Jordi. \u00a0<\/span><\/p>\n<p style=\"padding-left: 30px; text-align: justify;\"><span style=\"color: #000000;\">\u00a0\u00a0\u00a0\u00a0\u00a0\u00a0\u00a0\u00a0 <strong>Festa del barri de l\u2019Ortig\u00f3s:<\/strong> cada primer diumenge de juliol es fa la festa del barri de l\u2019Ortig\u00f3s. Enguany, amb l\u2019objectiu de controlar l\u2019acc\u00e9s amb reserva pr\u00e8via i amb les mesures pertinents (l\u2019espai on es feia hagu\u00e9s perm\u00e8s un aforament molt limitat) s\u2019ha llogat el recinte de Mas de les Gralles per acollir el concert d\u2019havaneres.<\/span><\/p>\n<p style=\"padding-left: 30px; text-align: justify;\"><span style=\"color: #000000;\">\u00a0\u00a0\u00a0\u00a0\u00a0\u00a0\u00a0\u00a0 <strong>Festa Major:<\/strong> s\u2019han dut a terme diversos actes per mantenir l\u2019esperit de la Festa Major i s\u2019han dissenyat mascaretes amb motius relacionats amb els elements del seguici popular bisbalenc i s\u2019han repartit entre la poblaci\u00f3.<\/span><\/p>\n<p style=\"padding-left: 30px; text-align: justify;\"><span style=\"color: #000000;\">\u00a0\u00a0\u00a0\u00a0\u00a0\u00a0\u00a0\u00a0 <strong>La Fira:<\/strong> cada primer diumenge d\u2019octubre se celebra La Fira. Enguany no hi haur\u00e0 parades ni es far\u00e0 la trobada de puntaires per\u00f2 s\u2019optar\u00e0 per oferir activitats culturals, tal com l\u2019espectacle itinerant \u201cMoltes gr\u00e0cies\u201d de l\u2019humorista Quim Masferrer.<\/span><\/p>\n<p style=\"text-align: justify;\"><span style=\"color: #000000;\"><strong><u>LLEURE A CASA<\/u><\/strong><\/span><\/p>\n<p style=\"padding-left: 30px; text-align: justify;\"><span style=\"color: #000000;\">\u00a0\u00a0\u00a0\u00a0\u00a0\u00a0\u00a0\u00a0 <strong>Lots de material per als infants:<\/strong> La setmana posterior a Sant Jordi es van repartir -entre les fam\u00edlies que ho havien sol\u00b7licitat pr\u00e8viament- lots amb material escolar, estris per pintar, dibuixos per pintar fets per artistes locals i retallables de cartr\u00f3.<\/span><\/p>\n<p style=\"text-align: justify;\"><span style=\"color: #000000;\"><strong>CASTELLANO |<\/strong> Las circunstancias actuales, marcadas por la pandemia de la Covid-19, han obligado a replantear el calendario cultural y festivo del municipio. El Ayuntamiento ha organizado varias actividades durante estos \u00faltimos meses con el objetivo de ofrecer algunos momentos de ocio en la poblaci\u00f3n y, a la vez, mantener el apoyo al \u00e1mbito cultural y ayudar el sector de la cultura, que vive momentos de dificultad en la actualidad.<\/span><\/p>\n<p style=\"text-align: justify;\"><span style=\"color: #000000;\">Ahora, aprovechando que la Diputaci\u00f3n de Tarragona ofrece ayudas para actividades de cultura segura y ocio a casa, el Ayuntamiento de la Bisbal del Pened\u00e8s ha solicitado una subvenci\u00f3n de 12.000\u20ac para sufragar parte de los gastos de los actos que se han organizado, que han ascendido a un total de 22.382,42\u20ac y que corresponden a las siguientes actividades:<\/span><\/p>\n<p style=\"text-align: justify;\"><span style=\"color: #000000;\"><strong><u>CULTURA SEGURA<\/u><\/strong> \u2013 El Ayuntamiento ha seleccionado algunos actos destacados y relevantes del municipio para replantearlos y adaptarlos a la situaci\u00f3n actual:<\/span><\/p>\n<p style=\"padding-left: 30px; text-align: justify;\"><span style=\"color: #000000;\">\u00a0\u00a0\u00a0\u00a0\u00a0\u00a0\u00a0\u00a0\u00a0 <strong>Sant Jordi Confinado:<\/strong> se ha adaptado la fiesta de Sant Jordi y el Concurso Literario Infantil. Se ha organizado un concurso para que los vecinos del municipio publicaran una foto o un video en las redes sociales que representara la tem\u00e1tica de Sant Jordi.\u00a0<\/span><\/p>\n<p style=\"padding-left: 30px; text-align: justify;\"><span style=\"color: #000000;\">\u00a0\u00a0\u00a0\u00a0\u00a0\u00a0\u00a0\u00a0\u00a0 <strong>Fiesta del barrio del Ortig\u00f3s:<\/strong> cada primer domingo de julio se hace la fiesta del barrio del Ortig\u00f3s. Este a\u00f1o, con el objetivo de controlar el acceso con reserva previa y con las medidas pertinentes (el espacio donde se hac\u00eda hubiera permitido un aforo muy limitado) se ha alquilado el recinto de Mas de les Gralles para acoger el concierto de habaneras.<\/span><\/p>\n<p style=\"padding-left: 30px; text-align: justify;\"><span style=\"color: #000000;\">\u00a0\u00a0\u00a0\u00a0\u00a0\u00a0\u00a0\u00a0\u00a0 <strong>Fiesta Mayor:<\/strong> se han llevado a cabo varios actos para mantener el esp\u00edritu de la Fiesta Mayor y se han dise\u00f1ado mascarillas con motivos relacionados con los elementos del s\u00e9quito popular bisbalense y se han repartido entre la poblaci\u00f3n.<\/span><\/p>\n<p style=\"padding-left: 30px; text-align: justify;\"><span style=\"color: #000000;\">\u00a0\u00a0\u00a0\u00a0\u00a0\u00a0\u00a0\u00a0\u00a0 <strong>La Fira:<\/strong> cada primer domingo de octubre se celebra La Fira. Este a\u00f1o no habr\u00e1 paradas ni se har\u00e1 el encuentro de <em>puntaires<\/em> pero se optar\u00e1 para ofrecer actividades culturales, tal como el espect\u00e1culo itinerante \u201cMoltes gr\u00e0cies\u201d del humorista Quim Masferrer.<\/span><\/p>\n<p style=\"text-align: justify;\"><span style=\"color: #000000;\"><strong><u>OCIO EN CASA<\/u><\/strong><\/span><\/p>\n<p style=\"padding-left: 30px; text-align: justify;\"><span style=\"color: #000000;\">\u00a0\u00a0\u00a0\u00a0\u00a0\u00a0\u00a0\u00a0\u00a0 <strong>Lotes de material para los ni\u00f1os y ni\u00f1as:<\/strong> La semana posterior a Sant\u00a0 Jordi se repartieron -entre las familias que lo hab\u00edan solicitado previamente- lotes con material escolar, material para pintar, dibujos para pintar hechos por artistas locales y recortables de cart\u00f3n.<\/span><\/p>\n<p>&nbsp;<\/p>\n","protected":false},"excerpt":{"rendered":"<p>Les circumst\u00e0ncies actuals, marcades per la pand\u00e8mia de la Covid-19, han obligat a replantejar el calendari cultural i festiu del municipi. L\u2019Ajuntament ha organitzat diverses activitats durant aquests \u00faltims mesos &hellip; <a href=\"https:\/\/bisbalpenedes.com\/web\/2020\/09\/25\/lajuntament-ha-demanat-una-subvencio-de-12-000e-a-la-diputacio-de-tarragona-per-activitats-de-cultura-segura-i-lleure-a-casa\/\" class=\"more-link\">Read More<\/a><\/p>\n","protected":false},"author":4,"featured_media":14726,"comment_status":"closed","ping_status":"closed","sticky":false,"template":"","format":"standard","meta":[],"categories":[13,8],"tags":[230,225,4051,50,64],"_links":{"self":[{"href":"https:\/\/bisbalpenedes.com\/web\/wp-json\/wp\/v2\/posts\/14724"}],"collection":[{"href":"https:\/\/bisbalpenedes.com\/web\/wp-json\/wp\/v2\/posts"}],"about":[{"href":"https:\/\/bisbalpenedes.com\/web\/wp-json\/wp\/v2\/types\/post"}],"author":[{"embeddable":true,"href":"https:\/\/bisbalpenedes.com\/web\/wp-json\/wp\/v2\/users\/4"}],"replies":[{"embeddable":true,"href":"https:\/\/bisbalpenedes.com\/web\/wp-json\/wp\/v2\/comments?post=14724"}],"version-history":[{"count":2,"href":"https:\/\/bisbalpenedes.com\/web\/wp-json\/wp\/v2\/posts\/14724\/revisions"}],"predecessor-version":[{"id":14727,"href":"https:\/\/bisbalpenedes.com\/web\/wp-json\/wp\/v2\/posts\/14724\/revisions\/14727"}],"wp:featuredmedia":[{"embeddable":true,"href":"https:\/\/bisbalpenedes.com\/web\/wp-json\/wp\/v2\/media\/14726"}],"wp:attachment":[{"href":"https:\/\/bisbalpenedes.com\/web\/wp-json\/wp\/v2\/media?parent=14724"}],"wp:term":[{"taxonomy":"category","embeddable":true,"href":"https:\/\/bisbalpenedes.com\/web\/wp-json\/wp\/v2\/categories?post=14724"},{"taxonomy":"post_tag","embeddable":true,"href":"https:\/\/bisbalpenedes.com\/web\/wp-json\/wp\/v2\/tags?post=14724"}],"curies":[{"name":"wp","href":"https:\/\/api.w.org\/{rel}","templated":true}]}}