{"id":14705,"date":"2020-09-24T14:08:48","date_gmt":"2020-09-24T12:08:48","guid":{"rendered":"http:\/\/bisbalpenedes.com\/web\/?p=14705"},"modified":"2020-09-24T14:08:48","modified_gmt":"2020-09-24T12:08:48","slug":"els-dies-3-i-4-doctubre-el-cmc-acollira-un-mercat-beneficexposicio-amb-manualitats-de-lartesana-ma-angels-saumoy","status":"publish","type":"post","link":"https:\/\/bisbalpenedes.com\/web\/2020\/09\/24\/els-dies-3-i-4-doctubre-el-cmc-acollira-un-mercat-beneficexposicio-amb-manualitats-de-lartesana-ma-angels-saumoy\/","title":{"rendered":"Els dies 3 i 4 d&#8217;octubre el CMC acollir\u00e0 un mercat ben\u00e8fic\/exposici\u00f3 amb manualitats de l&#8217;artesana Ma. \u00c0ngels Saumoy"},"content":{"rendered":"<div class=\"\" data-block=\"true\" data-editor=\"cc3fi\" data-offset-key=\"d21hn-0-0\">\n<div class=\"_1mf _1mj\" style=\"text-align: justify;\" data-offset-key=\"d21hn-0-0\"><span style=\"color: #000000;\" data-offset-key=\"d21hn-0-0\"><span data-text=\"true\">Els dies 3 i 4 d&#8217;octubre -el cap de setmana de La Fira- el Centre Municipal de Cultura acollir\u00e0 un mercat ben\u00e8fic\/exposici\u00f3 amb manualitats de l&#8217;artesana Ma. \u00c0ngels Saumoy.<\/span><\/span><\/div>\n<\/div>\n<div class=\"\" style=\"text-align: justify;\" data-block=\"true\" data-editor=\"cc3fi\" data-offset-key=\"92tpi-0-0\">\n<div class=\"_1mf _1mj\" data-offset-key=\"92tpi-0-0\"><span style=\"color: #000000;\" data-offset-key=\"92tpi-0-0\">\u00a0<\/span><\/div>\n<\/div>\n<div class=\"\" style=\"text-align: justify;\" data-block=\"true\" data-editor=\"cc3fi\" data-offset-key=\"3481u-0-0\">\n<div class=\"_1mf _1mj\" data-offset-key=\"3481u-0-0\">\n<hr \/>\n<p><span style=\"color: #000000;\" data-offset-key=\"3481u-0-0\"><span data-text=\"true\"><br \/>\n<\/span><\/span><\/div>\n<\/div>\n<div class=\"\" data-block=\"true\" data-editor=\"cc3fi\" data-offset-key=\"9kh96-0-0\">\n<div class=\"_1mf _1mj\" style=\"text-align: justify;\" data-offset-key=\"9kh96-0-0\"><span style=\"color: #000000;\">Los d\u00edas 3 y 4 de octubre -el fin de semana de La Fira- el Centre Municipal de Cultura acoger\u00e1 un mercado ben\u00e9fico\/exposici\u00f3n con manualidades de la artesana Ma.\u00c0ngels Saumoy.<\/span><\/div>\n<div class=\"_1mf _1mj\" style=\"text-align: justify;\" data-offset-key=\"9kh96-0-0\"><a href=\"http:\/\/bisbalpenedes.com\/web\/wp-content\/uploads\/2020\/09\/poster_fira_MANUALITATS_angeladef.jpg\"><img loading=\"lazy\" class=\"aligncenter size-large wp-image-14706\" src=\"http:\/\/bisbalpenedes.com\/web\/wp-content\/uploads\/2020\/09\/poster_fira_MANUALITATS_angeladef-724x1024.jpg\" alt=\"poster_fira_MANUALITATS_angeladef\" width=\"630\" height=\"891\" srcset=\"https:\/\/bisbalpenedes.com\/web\/wp-content\/uploads\/2020\/09\/poster_fira_MANUALITATS_angeladef-724x1024.jpg 724w, https:\/\/bisbalpenedes.com\/web\/wp-content\/uploads\/2020\/09\/poster_fira_MANUALITATS_angeladef-600x849.jpg 600w, https:\/\/bisbalpenedes.com\/web\/wp-content\/uploads\/2020\/09\/poster_fira_MANUALITATS_angeladef-212x300.jpg 212w, https:\/\/bisbalpenedes.com\/web\/wp-content\/uploads\/2020\/09\/poster_fira_MANUALITATS_angeladef-768x1086.jpg 768w, https:\/\/bisbalpenedes.com\/web\/wp-content\/uploads\/2020\/09\/poster_fira_MANUALITATS_angeladef.jpg 1240w\" sizes=\"(max-width: 630px) 100vw, 630px\" \/><\/a><\/div>\n<\/div>\n","protected":false},"excerpt":{"rendered":"<p>Els dies 3 i 4 d&#8217;octubre -el cap de setmana de La Fira- el Centre Municipal de Cultura acollir\u00e0 un mercat ben\u00e8fic\/exposici\u00f3 amb manualitats de l&#8217;artesana Ma. \u00c0ngels Saumoy. \u00a0 &hellip; <a href=\"https:\/\/bisbalpenedes.com\/web\/2020\/09\/24\/els-dies-3-i-4-doctubre-el-cmc-acollira-un-mercat-beneficexposicio-amb-manualitats-de-lartesana-ma-angels-saumoy\/\" class=\"more-link\">Read More<\/a><\/p>\n","protected":false},"author":4,"featured_media":14706,"comment_status":"closed","ping_status":"closed","sticky":false,"template":"","format":"standard","meta":[],"categories":[13,8],"tags":[226,4046,994,2496],"_links":{"self":[{"href":"https:\/\/bisbalpenedes.com\/web\/wp-json\/wp\/v2\/posts\/14705"}],"collection":[{"href":"https:\/\/bisbalpenedes.com\/web\/wp-json\/wp\/v2\/posts"}],"about":[{"href":"https:\/\/bisbalpenedes.com\/web\/wp-json\/wp\/v2\/types\/post"}],"author":[{"embeddable":true,"href":"https:\/\/bisbalpenedes.com\/web\/wp-json\/wp\/v2\/users\/4"}],"replies":[{"embeddable":true,"href":"https:\/\/bisbalpenedes.com\/web\/wp-json\/wp\/v2\/comments?post=14705"}],"version-history":[{"count":1,"href":"https:\/\/bisbalpenedes.com\/web\/wp-json\/wp\/v2\/posts\/14705\/revisions"}],"predecessor-version":[{"id":14707,"href":"https:\/\/bisbalpenedes.com\/web\/wp-json\/wp\/v2\/posts\/14705\/revisions\/14707"}],"wp:featuredmedia":[{"embeddable":true,"href":"https:\/\/bisbalpenedes.com\/web\/wp-json\/wp\/v2\/media\/14706"}],"wp:attachment":[{"href":"https:\/\/bisbalpenedes.com\/web\/wp-json\/wp\/v2\/media?parent=14705"}],"wp:term":[{"taxonomy":"category","embeddable":true,"href":"https:\/\/bisbalpenedes.com\/web\/wp-json\/wp\/v2\/categories?post=14705"},{"taxonomy":"post_tag","embeddable":true,"href":"https:\/\/bisbalpenedes.com\/web\/wp-json\/wp\/v2\/tags?post=14705"}],"curies":[{"name":"wp","href":"https:\/\/api.w.org\/{rel}","templated":true}]}}