{"id":14696,"date":"2020-09-23T17:48:23","date_gmt":"2020-09-23T15:48:23","guid":{"rendered":"http:\/\/bisbalpenedes.com\/web\/?p=14696"},"modified":"2020-09-24T14:10:49","modified_gmt":"2020-09-24T12:10:49","slug":"la-bisbal-del-penedes-celebrara-la-fira-duna-forma-diferent","status":"publish","type":"post","link":"https:\/\/bisbalpenedes.com\/web\/2020\/09\/23\/la-bisbal-del-penedes-celebrara-la-fira-duna-forma-diferent\/","title":{"rendered":"La Bisbal del Pened\u00e8s celebrar\u00e0 La Fira d\u2019una forma diferent"},"content":{"rendered":"<p style=\"text-align: justify;\"><a href=\"http:\/\/bisbalpenedes.com\/web\/wp-content\/uploads\/2020\/09\/CARTELL-LA-FIRA-3-4-OCTUBRE.jpg\"><img loading=\"lazy\" class=\"aligncenter size-large wp-image-14697\" src=\"http:\/\/bisbalpenedes.com\/web\/wp-content\/uploads\/2020\/09\/CARTELL-LA-FIRA-3-4-OCTUBRE-724x1024.jpg\" alt=\"CARTELL LA FIRA 3-4 OCTUBRE\" width=\"630\" height=\"891\" srcset=\"https:\/\/bisbalpenedes.com\/web\/wp-content\/uploads\/2020\/09\/CARTELL-LA-FIRA-3-4-OCTUBRE-724x1024.jpg 724w, https:\/\/bisbalpenedes.com\/web\/wp-content\/uploads\/2020\/09\/CARTELL-LA-FIRA-3-4-OCTUBRE-600x848.jpg 600w, https:\/\/bisbalpenedes.com\/web\/wp-content\/uploads\/2020\/09\/CARTELL-LA-FIRA-3-4-OCTUBRE-212x300.jpg 212w, https:\/\/bisbalpenedes.com\/web\/wp-content\/uploads\/2020\/09\/CARTELL-LA-FIRA-3-4-OCTUBRE-768x1086.jpg 768w, https:\/\/bisbalpenedes.com\/web\/wp-content\/uploads\/2020\/09\/CARTELL-LA-FIRA-3-4-OCTUBRE.jpg 1654w\" sizes=\"(max-width: 630px) 100vw, 630px\" \/><\/a><\/p>\n<p style=\"text-align: justify;\"><span style=\"color: #000000;\">Any rere any, la Bisbal del Pened\u00e8s celebra La Fira el primer diumenge d\u2019octubre. Es tracta d\u2019un esdeveniment que habitualment compta amb la pres\u00e8ncia de botiguers i empreses locals, parades d\u2019artesania i alimentaci\u00f3 -locals i foranes- i estands on les entitats fan difusi\u00f3 de les seves activitats. Durant La Fira tamb\u00e9 es programen actuacions de les entitats del municipi i hi ha actuacions musicals. Enguany, donada la situaci\u00f3 que ha generat la pand\u00e8mia de Covid-19, l\u2019equip de govern ha decidit no muntar les parades de La Fira. La regidora de Cultura i Comer\u00e7, Judith Vidal, ha explicat que \u201cper tal d\u2019evitar possibles riscos hem decidit no muntar les parades de La Fira. Altres anys hem comptat amb parades d\u2019alimentaci\u00f3 amb degustaci\u00f3 d\u2019aliments, vins i caves per\u00f2 enguany hem pensat que, per tal d\u2019evitar aglomeracions i possibles riscos, \u00e9s millor no muntar les parades. No obstant aix\u00f2, hem programat diverses actuacions adre\u00e7ades als ve\u00efns i les ve\u00efnes del municipi, tant els que estan empadronats com els que tenen un habitatge a la Bisbal. Com que estan subjectes a les mesures per la Covid-19, per assistir-hi, caldr\u00e0 que els ve\u00efns confirmin la seva assist\u00e8ncia pr\u00e8viament als tel\u00e8fons que hem indicat als cartells que s\u2019han repartit pel municipi\u201d.<\/span><\/p>\n<p style=\"text-align: justify;\"><span style=\"color: #000000;\">Aix\u00ed, els dies 3 i 4 d\u2019octubre els ve\u00efns del municipi podran gaudir de les actuacions de:<\/span><\/p>\n<p style=\"text-align: justify;\"><span style=\"color: #000000;\"><strong>-Quim Masferrer amb l\u2019espectacle itinerant \u201cMoltes gr\u00e0cies\u201d.<\/strong><\/span><\/p>\n<p style=\"text-align: justify; padding-left: 30px;\"><span style=\"color: #000000;\">El presentador de l\u2019exit\u00f3s programa de TV3 \u2018El Foraster\u2019 recorrer\u00e0 el municipi en un escenari sobre rodes amb l\u2019objectiu que els ve\u00efns i les ve\u00efnes expliquin les seves hist\u00f2ries i les comparteixin amb tothom. Posar\u00e0 \u00e8mfasi en els actes solidaris i les hist\u00f2ries entranyables que s\u2019hagin donat durant el confinament, aix\u00ed com en les persones que s\u2019han implicat de manera especial en aquests dies i aix\u00ed poder-los donar MOLTES GR\u00c0CIES.<\/span><\/p>\n<p style=\"text-align: justify;\"><span style=\"color: #000000;\"><strong>-Ricard Ferr\u00e9 i Enric Cambray amb la representaci\u00f3 teatral \u201cLes Dones S\u00e0vies\u201d. <\/strong><\/span><\/p>\n<p style=\"text-align: justify; padding-left: 30px;\"><span style=\"color: #000000;\">1972, Fran\u00e7a. Moli\u00e8re i la Companyia del Rei estrenen una com\u00e8dia de costums amb un embolic familiar on es recull l\u2019afany de saber de les dones i es posa en evid\u00e8ncia un poeta mediocre i cregut de l\u2019\u00e8poca.<\/span><\/p>\n<p style=\"text-align: justify; padding-left: 30px;\"><span style=\"color: #000000;\">2019, Catalunya. Moli\u00e8re i nom\u00e9s dos actors estrenen la mateixa com\u00e8dia de costums amb un embolic familiar on, amb un joc interpretatiu que trenca les convencions, s\u2019hi recull la burla dels pedants d\u2019avui dia.<\/span><\/p>\n<p style=\"text-align: justify;\"><span style=\"color: #000000;\"><strong>-La Dama y los Vagabundos amb Uixi Amarg\u00f3s, David Palau i Nacho Romero.<\/strong><\/span><\/p>\n<p style=\"text-align: justify; padding-left: 30px;\"><span style=\"color: #000000;\">M\u00fasica dels 80 i 90 versionada i temes propis. Nacho Romero, cantautor i compositor de Barcelona, i David Palau, conegut com &#8220;El guitarrista dels famosos&#8221; per tocar amb artistes com Joan Manuel Serrat, Sabina, Sergio Dalma, David Bisbal, Ana Torroja o Bobby Kimball, entre d&#8217;altres, repassaran alguns dels grans temes que s&#8217;han escrit entre els 80 i els 90 i tamb\u00e9 interpretaran temes actuals i alguns temes propis amb l&#8217;acompanyament d&#8217;Uixi Amarg\u00f3s, cantant i concertista de viola.<\/span><\/p>\n<p style=\"text-align: justify; padding-left: 30px;\"><span style=\"color: #000000;\">Paral\u00b7lelament, l\u2019artesana\u00a0local \u00c0ngela Saumoy posar\u00e0 a la venda diverses peces d\u2019artesania de vidre i destinar\u00e0 el 50% de l\u2019import obtingut amb les vendes a una finalitat solid\u00e0ria, concretament donar\u00e0 aquests diners al Rebost Solidari, que setmana rere setmana entrega productes d\u2019alimentaci\u00f3 i primera necessitat a les fam\u00edlies que ara no passen per un bon moment econ\u00f2mic.<\/span><\/p>\n<p style=\"text-align: justify; padding-left: 30px;\"><a href=\"http:\/\/bisbalpenedes.com\/web\/wp-content\/uploads\/2020\/09\/poster_fira_MANUALITATS_angeladef.jpg\"><img loading=\"lazy\" class=\"aligncenter wp-image-14706 size-large\" src=\"http:\/\/bisbalpenedes.com\/web\/wp-content\/uploads\/2020\/09\/poster_fira_MANUALITATS_angeladef-724x1024.jpg\" alt=\"poster_fira_MANUALITATS_angeladef\" width=\"630\" height=\"891\" srcset=\"https:\/\/bisbalpenedes.com\/web\/wp-content\/uploads\/2020\/09\/poster_fira_MANUALITATS_angeladef-724x1024.jpg 724w, https:\/\/bisbalpenedes.com\/web\/wp-content\/uploads\/2020\/09\/poster_fira_MANUALITATS_angeladef-600x849.jpg 600w, https:\/\/bisbalpenedes.com\/web\/wp-content\/uploads\/2020\/09\/poster_fira_MANUALITATS_angeladef-212x300.jpg 212w, https:\/\/bisbalpenedes.com\/web\/wp-content\/uploads\/2020\/09\/poster_fira_MANUALITATS_angeladef-768x1086.jpg 768w, https:\/\/bisbalpenedes.com\/web\/wp-content\/uploads\/2020\/09\/poster_fira_MANUALITATS_angeladef.jpg 1240w\" sizes=\"(max-width: 630px) 100vw, 630px\" \/><\/a><\/p>\n<hr \/>\n<p style=\"text-align: justify;\"><a href=\"http:\/\/bisbalpenedes.com\/web\/wp-content\/uploads\/2020\/09\/CARTELL-LA-FIRA-3-4-OCTUBRE.jpg\"><img loading=\"lazy\" class=\"aligncenter wp-image-14697 size-large\" src=\"http:\/\/bisbalpenedes.com\/web\/wp-content\/uploads\/2020\/09\/CARTELL-LA-FIRA-3-4-OCTUBRE-724x1024.jpg\" alt=\"CARTELL LA FIRA 3-4 OCTUBRE\" width=\"630\" height=\"891\" srcset=\"https:\/\/bisbalpenedes.com\/web\/wp-content\/uploads\/2020\/09\/CARTELL-LA-FIRA-3-4-OCTUBRE-724x1024.jpg 724w, https:\/\/bisbalpenedes.com\/web\/wp-content\/uploads\/2020\/09\/CARTELL-LA-FIRA-3-4-OCTUBRE-600x848.jpg 600w, https:\/\/bisbalpenedes.com\/web\/wp-content\/uploads\/2020\/09\/CARTELL-LA-FIRA-3-4-OCTUBRE-212x300.jpg 212w, https:\/\/bisbalpenedes.com\/web\/wp-content\/uploads\/2020\/09\/CARTELL-LA-FIRA-3-4-OCTUBRE-768x1086.jpg 768w, https:\/\/bisbalpenedes.com\/web\/wp-content\/uploads\/2020\/09\/CARTELL-LA-FIRA-3-4-OCTUBRE.jpg 1654w\" sizes=\"(max-width: 630px) 100vw, 630px\" \/><\/a><\/p>\n<p style=\"text-align: justify;\"><span style=\"color: #000000;\"><strong>CASTELLANO |\u00a0<\/strong>A\u00f1o tras a\u00f1o, la Bisbal del Pened\u00e8s celebra La Fira el primer domingo de octubre. Se trata de un evento que habitualmente cuenta con la presencia de tenderos y empresas locales, paradas de artesan\u00eda y alimentaci\u00f3n -locales y de otros municipios- y estands donde las entidades hacen difusi\u00f3n de sus actividades. Durante La Fira tambi\u00e9n se programan actuaciones de las entidades del municipio y hay actuaciones musicales. Este a\u00f1o, dada la situaci\u00f3n que ha generado la pandemia de Covid-19, el equipo de gobierno ha decidido no montar las paradas de La Fira. La concejala de Cultura y Comercio, Judith Vidal, ha explicado que \u201ccon tal de evitar posibles riesgos hemos decidido no montar las paradas de La Fira. Otros a\u00f1os hemos contado con paradas de alimentaci\u00f3n con degustaci\u00f3n de alimentos, vinos y cavas pero este a\u00f1o hemos pensado que, para evitar aglomeraciones y posibles riesgos, es mejor no montar las paradas. No obstante, hemos programado varias actuaciones dirigidas a los vecinos y la vecinas del municipio, tanto a los que est\u00e1n empadronados como a los que tienen vivienda en la Bisbal. Como est\u00e1n sujetas a las medidas por la Covid-19, para asistir a los actos, los vecinos tendr\u00e1n que confirmar su asistencia previamente contactando con los tel\u00e9fonos que hemos indicado en los carteles que se han repartido por el municipio\u201d.<\/span><\/p>\n<p style=\"text-align: justify;\"><span style=\"color: #000000;\">As\u00ed, los d\u00edas 3 y 4 de octubre los vecinos del municipio podr\u00e1n disfrutar de las actuaciones de:<\/span><\/p>\n<p style=\"text-align: justify;\"><span style=\"color: #000000;\"><strong>-Quim Masferrer con el espect\u00e1culo itinerante \u201cMoltes gr\u00e0cies\u201d.<\/strong><\/span><\/p>\n<p style=\"text-align: justify; padding-left: 30px;\"><span style=\"color: #000000;\">El presentador del exitoso programa de TV3 \u2018El Foraster\u2019 recorrer\u00e1 el municipio en un escenario sobre ruedas con el objetivo de que los vecinos y las vecinas expliquen sus historias y las compartan con todo el mundo. Pondr\u00e1 \u00e9nfasis en los actos solidarios y las historias entra\u00f1ables que se hayan dado durante el confinamiento, as\u00ed como en las personas que se han implicado de una manera especial en estos d\u00edas y as\u00ed poderles dar MUCHAS GRACIAS.<\/span><\/p>\n<p style=\"text-align: justify;\"><span style=\"color: #000000;\"><strong>-Ricard Ferr\u00e9 y Enric Cambray con la representaci\u00f3n teatral \u201cLes Dones S\u00e0vies\u201d.<\/strong><\/span><\/p>\n<p style=\"text-align: justify; padding-left: 30px;\"><span style=\"color: #000000;\">1972, Francia. Moli\u00e8re y la Compa\u00f1\u00eda del Rey estrenan una comedia de costumbres con un l\u00edo familiar donde se recoge el af\u00e1n de saber de las mujeres y se pone en evidencia a un poeta mediocre y cre\u00eddo de la \u00e9poca.<\/span><\/p>\n<p style=\"text-align: justify; padding-left: 30px;\"><span style=\"color: #000000;\">2019, Catalunya. Moli\u00e8re y solamente dos actores estrenan la misma comedia de costumbres con un l\u00edo familiar donde, con un juego interpretativo que rompe las convenciones, se recoge la burla de los pedantes de hoy d\u00eda.<\/span><\/p>\n<p style=\"text-align: justify;\"><span style=\"color: #000000;\"><strong>-La Dama y los Vagabundos con Uixi Amarg\u00f3s, David Palau y Nacho Romero.<\/strong><\/span><\/p>\n<p style=\"text-align: justify; padding-left: 30px;\"><span style=\"color: #000000;\">M\u00fasica de los 80 y 90 versionada y temas propios. Nacho Romero, cantautor y compositor de Barcelona, y David Palau, conocido como \u201cEl guitarrista de los famosos\u201d por tocar con artistas como Joan Manuel Serrat, Sabina, Sergio Dalma, David Bisbal, Ana Torroja o Bobby Kimball, entre otros, repasaran algunos de los grandes temas que se han escrito entre los 80 y los 90 y tambi\u00e9n interpretar\u00e1n temas actuales y algunos temas propios con el acompa\u00f1amiento de Uixi Amarg\u00f3s, cantante y concertista de viola.<\/span><\/p>\n<p style=\"text-align: justify; padding-left: 30px;\"><span style=\"color: #000000;\">Paralelamente, la artesana local \u00c1ngela Saumoy pondr\u00e1 a la venta varias piezas de artesan\u00eda de cristal y destinar\u00e1 el 50% del importe obtenido con las ventas a una finalidad solidaria, concretamente donar\u00e1 este importe al Rebost Solidari, que semana tras semana entrega productos de alimentaci\u00f3n y primera necesidad a las familias que ahora no pasan por un buen momento econ\u00f3mico.<\/span><\/p>\n<p><a href=\"http:\/\/bisbalpenedes.com\/web\/wp-content\/uploads\/2020\/09\/poster_fira_MANUALITATS_angeladef.jpg\"><img loading=\"lazy\" class=\"aligncenter wp-image-14706 size-large\" src=\"http:\/\/bisbalpenedes.com\/web\/wp-content\/uploads\/2020\/09\/poster_fira_MANUALITATS_angeladef-724x1024.jpg\" alt=\"poster_fira_MANUALITATS_angeladef\" width=\"630\" height=\"891\" srcset=\"https:\/\/bisbalpenedes.com\/web\/wp-content\/uploads\/2020\/09\/poster_fira_MANUALITATS_angeladef-724x1024.jpg 724w, https:\/\/bisbalpenedes.com\/web\/wp-content\/uploads\/2020\/09\/poster_fira_MANUALITATS_angeladef-600x849.jpg 600w, https:\/\/bisbalpenedes.com\/web\/wp-content\/uploads\/2020\/09\/poster_fira_MANUALITATS_angeladef-212x300.jpg 212w, https:\/\/bisbalpenedes.com\/web\/wp-content\/uploads\/2020\/09\/poster_fira_MANUALITATS_angeladef-768x1086.jpg 768w, https:\/\/bisbalpenedes.com\/web\/wp-content\/uploads\/2020\/09\/poster_fira_MANUALITATS_angeladef.jpg 1240w\" sizes=\"(max-width: 630px) 100vw, 630px\" \/><\/a><\/p>\n<p>&nbsp;<\/p>\n","protected":false},"excerpt":{"rendered":"<p>Any rere any, la Bisbal del Pened\u00e8s celebra La Fira el primer diumenge d\u2019octubre. Es tracta d\u2019un esdeveniment que habitualment compta amb la pres\u00e8ncia de botiguers i empreses locals, parades &hellip; <a href=\"https:\/\/bisbalpenedes.com\/web\/2020\/09\/23\/la-bisbal-del-penedes-celebrara-la-fira-duna-forma-diferent\/\" class=\"more-link\">Read More<\/a><\/p>\n","protected":false},"author":4,"featured_media":14697,"comment_status":"closed","ping_status":"closed","sticky":false,"template":"","format":"standard","meta":[],"categories":[13,8],"tags":[496,4042,4038,1634,4044,2362,4039,4040,72,4043,4020,285,4041],"_links":{"self":[{"href":"https:\/\/bisbalpenedes.com\/web\/wp-json\/wp\/v2\/posts\/14696"}],"collection":[{"href":"https:\/\/bisbalpenedes.com\/web\/wp-json\/wp\/v2\/posts"}],"about":[{"href":"https:\/\/bisbalpenedes.com\/web\/wp-json\/wp\/v2\/types\/post"}],"author":[{"embeddable":true,"href":"https:\/\/bisbalpenedes.com\/web\/wp-json\/wp\/v2\/users\/4"}],"replies":[{"embeddable":true,"href":"https:\/\/bisbalpenedes.com\/web\/wp-json\/wp\/v2\/comments?post=14696"}],"version-history":[{"count":5,"href":"https:\/\/bisbalpenedes.com\/web\/wp-json\/wp\/v2\/posts\/14696\/revisions"}],"predecessor-version":[{"id":14710,"href":"https:\/\/bisbalpenedes.com\/web\/wp-json\/wp\/v2\/posts\/14696\/revisions\/14710"}],"wp:featuredmedia":[{"embeddable":true,"href":"https:\/\/bisbalpenedes.com\/web\/wp-json\/wp\/v2\/media\/14697"}],"wp:attachment":[{"href":"https:\/\/bisbalpenedes.com\/web\/wp-json\/wp\/v2\/media?parent=14696"}],"wp:term":[{"taxonomy":"category","embeddable":true,"href":"https:\/\/bisbalpenedes.com\/web\/wp-json\/wp\/v2\/categories?post=14696"},{"taxonomy":"post_tag","embeddable":true,"href":"https:\/\/bisbalpenedes.com\/web\/wp-json\/wp\/v2\/tags?post=14696"}],"curies":[{"name":"wp","href":"https:\/\/api.w.org\/{rel}","templated":true}]}}